{"id":6535,"date":"2018-03-13T22:01:46","date_gmt":"2018-03-13T22:01:46","guid":{"rendered":"http:\/\/fmriachuelo.com.ar\/?p=6535"},"modified":"2018-03-13T22:01:46","modified_gmt":"2018-03-13T22:01:46","slug":"justicia-por-nehuen-a-la-espera-de-la-sentencia","status":"publish","type":"post","link":"http:\/\/fmriachuelo.it10.com.ar\/index.php\/2018\/03\/13\/justicia-por-nehuen-a-la-espera-de-la-sentencia\/","title":{"rendered":"JUSTICIA POR NEHUEN: A LA ESPERA DE LA SENTENCIA"},"content":{"rendered":"<p>[Colectivo de Medios de Comunicaci\u00f3n Populares*, 13\/03\/2018] En una nueva jornada del juicio por el asesinato de Nehuen Rodr\u00edguez, se escucharon los alegatos de la querella (pidi\u00f3 4 a\u00f1os y 6 meses) y la fiscal\u00eda (pidi\u00f3 3 a\u00f1os). El 27 de marzo ser\u00e1 la nueva audiencia, donde expondr\u00e1 la defensa de Daniel Castagnasso y se espera el veredicto.<\/p>\n<p><img loading=\"lazy\" decoding=\"async\" class=\"aligncenter wp-image-6538 size-large\" src=\"http:\/\/fmriachuelo.com.ar\/wp-content\/uploads\/2018\/03\/WhatsApp-Image-2018-03-13-at-18.56.39-1024x683.jpeg\" alt=\"\" width=\"640\" height=\"427\" srcset=\"http:\/\/fmriachuelo.it10.com.ar\/wp-content\/uploads\/2018\/03\/WhatsApp-Image-2018-03-13-at-18.56.39-1024x683.jpeg 1024w, http:\/\/fmriachuelo.it10.com.ar\/wp-content\/uploads\/2018\/03\/WhatsApp-Image-2018-03-13-at-18.56.39-300x200.jpeg 300w, http:\/\/fmriachuelo.it10.com.ar\/wp-content\/uploads\/2018\/03\/WhatsApp-Image-2018-03-13-at-18.56.39-768x512.jpeg 768w, http:\/\/fmriachuelo.it10.com.ar\/wp-content\/uploads\/2018\/03\/WhatsApp-Image-2018-03-13-at-18.56.39-750x500.jpeg 750w, http:\/\/fmriachuelo.it10.com.ar\/wp-content\/uploads\/2018\/03\/WhatsApp-Image-2018-03-13-at-18.56.39-1140x761.jpeg 1140w, http:\/\/fmriachuelo.it10.com.ar\/wp-content\/uploads\/2018\/03\/WhatsApp-Image-2018-03-13-at-18.56.39.jpeg 1280w\" sizes=\"auto, (max-width: 640px) 100vw, 640px\" \/><\/p>\n<p>Con una sala colmada y el aguante popular en las calles de Tribunales, se llev\u00f3 adelante una nueva jornada del juicio por el asesinato de Nehuen Rodr\u00edguez. Gracias a la presi\u00f3n de los medios populares que cubrimos el caso, se logr\u00f3 que esta vez pudiera ingresar la prensa a fotografiar, filmar y transmitir el juicio. Fue as\u00ed que quienes se acercaron a las puertas del TOC4 a expresar su apoyo a Roxana Cainzos, mam\u00e1 de Nehuen, y a toda la familia pudieron escuchar en vivo y directo todo lo que pasaba en la sala.<\/p>\n<p><img loading=\"lazy\" decoding=\"async\" class=\"size-medium wp-image-6537 alignleft\" src=\"http:\/\/fmriachuelo.com.ar\/wp-content\/uploads\/2018\/03\/WhatsApp-Image-2018-03-13-at-18.56.39-1-300x200.jpeg\" alt=\"\" width=\"300\" height=\"200\" srcset=\"http:\/\/fmriachuelo.it10.com.ar\/wp-content\/uploads\/2018\/03\/WhatsApp-Image-2018-03-13-at-18.56.39-1-300x200.jpeg 300w, http:\/\/fmriachuelo.it10.com.ar\/wp-content\/uploads\/2018\/03\/WhatsApp-Image-2018-03-13-at-18.56.39-1-1024x682.jpeg 1024w, http:\/\/fmriachuelo.it10.com.ar\/wp-content\/uploads\/2018\/03\/WhatsApp-Image-2018-03-13-at-18.56.39-1-768x512.jpeg 768w, http:\/\/fmriachuelo.it10.com.ar\/wp-content\/uploads\/2018\/03\/WhatsApp-Image-2018-03-13-at-18.56.39-1-750x500.jpeg 750w, http:\/\/fmriachuelo.it10.com.ar\/wp-content\/uploads\/2018\/03\/WhatsApp-Image-2018-03-13-at-18.56.39-1-1140x760.jpeg 1140w, http:\/\/fmriachuelo.it10.com.ar\/wp-content\/uploads\/2018\/03\/WhatsApp-Image-2018-03-13-at-18.56.39-1.jpeg 1280w\" sizes=\"auto, (max-width: 300px) 100vw, 300px\" \/><\/p>\n<p>Pasadas las 10:30 comenz\u00f3 la jornada, con el alegato del abogado de la querella, Pablo Rovatti. En poco m\u00e1s de una hora expuso las conclusiones que lo llevaron a pedir 4 a\u00f1os y 6 meses para el oficial Daniel Germ\u00e1n Castagnasso por homicidio imprudente. All\u00ed detall\u00f3 que podr\u00eda hablarse de \u201ctemeridad\u201d, es decir, de una \u201cimprudencia grav\u00edsima\u201d. Para el letrado qued\u00f3 demostrado que, con la camioneta de la entonces Polic\u00eda Metropolitana, cruz\u00f3 en rojo, con exceso de velocidad, y con luces y sirenas apagadas.<\/p>\n<p>\u201cTenemos una expectativa grande de que se va a tratar de una sentencia condenatoria, algo muy importante m\u00e1s all\u00e1 de la pena en concreto\u201d, indic\u00f3 Rovatti a la salida de la audiencia. \u201cEsto tiene un valor simb\u00f3lico muy importante: es decirle a la familia que estuvo luchando todo este tiempo que ten\u00edan raz\u00f3n\u201d, agreg\u00f3.<\/p>\n<p>Por su parte el fiscal Marcelo Saint Jean, que coincidi\u00f3 en t\u00e9rminos generales con los planteos de la querella, se\u00f1al\u00f3 que, al considerar como atenuante que el m\u00f3vil policial se dirig\u00eda a atender una llamada al 911, solicit\u00f3 una pena de 3 a\u00f1os en suspenso, por considerarlo un homicidio culposo; es decir, sin intencionalidad. Al terminar la audiencia, Roxy manifest\u00f3 su desacuerdo con este punto \u201cno estamos de acuerdo para nada, porque eso habilitar\u00eda a que la polic\u00eda si es llamada por tel\u00e9fono nos pueda ir matando por el camino, no nos parece justo que esto sea as\u00ed, sobre todo si no utiliza los medios de alarma que corresponden para que nosotros, al menos, nos corramos de su camino, como la sirena, m\u00ednimamente\u201d<\/p>\n<p>Tanto la querella como la fiscal\u00eda indicaron que Jos\u00e9 Daniel Soria Barba, que acompa\u00f1aba a Castagnasso en el m\u00f3vil policial y declar\u00f3 como testigo, realiz\u00f3 afirmaciones falsas durante el juicio, por lo que podr\u00eda caberle el delito de falso testimonio.<\/p>\n<p>Tras los alegatos, el juez Julio Cesar Baez, presidente del TOC 4, determin\u00f3 programar para el 27 de marzo una nueva audiencia, donde ser\u00e1 el turno de la defensa, las \u00faltimas palabras del acusado y se espera para ese mismo d\u00eda el veredicto en la causa.<\/p>\n<p><img loading=\"lazy\" decoding=\"async\" class=\"aligncenter wp-image-6536 size-large\" src=\"http:\/\/fmriachuelo.com.ar\/wp-content\/uploads\/2018\/03\/WhatsApp-Image-2018-03-13-at-18.56.40-1024x683.jpeg\" alt=\"\" width=\"640\" height=\"427\" srcset=\"http:\/\/fmriachuelo.it10.com.ar\/wp-content\/uploads\/2018\/03\/WhatsApp-Image-2018-03-13-at-18.56.40-1024x683.jpeg 1024w, http:\/\/fmriachuelo.it10.com.ar\/wp-content\/uploads\/2018\/03\/WhatsApp-Image-2018-03-13-at-18.56.40-300x200.jpeg 300w, http:\/\/fmriachuelo.it10.com.ar\/wp-content\/uploads\/2018\/03\/WhatsApp-Image-2018-03-13-at-18.56.40-768x512.jpeg 768w, http:\/\/fmriachuelo.it10.com.ar\/wp-content\/uploads\/2018\/03\/WhatsApp-Image-2018-03-13-at-18.56.40-750x500.jpeg 750w, http:\/\/fmriachuelo.it10.com.ar\/wp-content\/uploads\/2018\/03\/WhatsApp-Image-2018-03-13-at-18.56.40-1140x761.jpeg 1140w, http:\/\/fmriachuelo.it10.com.ar\/wp-content\/uploads\/2018\/03\/WhatsApp-Image-2018-03-13-at-18.56.40.jpeg 1280w\" sizes=\"auto, (max-width: 640px) 100vw, 640px\" \/><\/p>\n<p>Ya en la radio abierta, Roxy, no vacil\u00f3 en afirmar que \u201cvamos a ir por m\u00e1s, no vamos a bajar los brazos. Lo que m\u00e1s queremos pelear es para que no maten m\u00e1s a nuestros pibes y que aunque sea tengamos una condena para avanzar sobre el poder judicial\u201d. Tambi\u00e9n habl\u00f3 de la diferencia que se siente entre estar dentro del Tribunal y en la radio abierta en la puerta de Tribunales: \u201custedes el caso lo toman como una persona, como un caso de derechos humanos. Esa es la diferencia que se vive ac\u00e1 fuera con all\u00e1 arriba, all\u00e1 es tan triste escuchar todo, se refieren a los hechos como si hubieran chocado una camioneta y una moto sin que nadie conociera a quien manejaba. Es una situaci\u00f3n horrible lo que se siente all\u00e1 arriba\u201d<\/p>\n<p>En medio de cantos que gritaban Justicia por Nehuen y rodeada del amor y el aguante de quienes all\u00ed est\u00e1bamos, una vez m\u00e1s, Roxy agradeci\u00f3 el apoyo y acompa\u00f1amiento. \u201cLo m\u00e1s importante para m\u00ed es el apoyo incondicional de todos ustedes, y la unidad que han tenido m\u00e1s all\u00e1 de sus banderas\u00bb.<\/p>\n<p>El 27 de Marzo esperamos los alegatos de la defensa y el veredicto. En el pa\u00eds de Chocobar y de Facundo, asesinado con 12 a\u00f1os por las fuerzas de seguridad, es fundamental lograr una condena para Germ\u00e1n Daniel Castagnasso, por eso convocamos una vez m\u00e1s a todas las organizaciones sociales y pol\u00edticas a acompa\u00f1ar a la familia de Nehuen, porque sabemos que s\u00f3lo en las calles podremos encontrar justicia.<\/p>\n<p><strong>*Cobertura, radio abierta y nota realizada en conjunto por FM La Caterva, FM Riachuelo, Radio Gr\u00e1fica, La Retaguardia, Agencia Paco Urondo, Sur Capitalino, La Obrera Colectivo Fotogr\u00e1fico<\/strong><\/p>\n<p>Escuch\u00e1 los testimonios<br \/>\n<iframe loading=\"lazy\" title=\"01 - Roxana Cainzos by FMR\" width=\"500\" height=\"400\" scrolling=\"no\" frameborder=\"no\" src=\"https:\/\/w.soundcloud.com\/player\/?visual=true&#038;url=https%3A%2F%2Fapi.soundcloud.com%2Ftracks%2F413512941&#038;show_artwork=true&#038;maxheight=750&#038;maxwidth=500\"><\/iframe><\/p>\n","protected":false},"excerpt":{"rendered":"<p>[Colectivo de Medios de Comunicaci\u00f3n Populares*, 13\/03\/2018] En una nueva jornada del juicio por el asesinato de Nehuen Rodr\u00edguez, se escucharon los alegatos de la querella (pidi\u00f3 4 a\u00f1os y 6 meses) y la fiscal\u00eda (pidi\u00f3 3 a\u00f1os). El 27 de marzo ser\u00e1 la nueva audiencia, donde expondr\u00e1 la defensa de Daniel Castagnasso y se [&hellip;]<\/p>\n","protected":false},"author":5,"featured_media":6539,"comment_status":"open","ping_status":"open","sticky":false,"template":"","format":"standard","meta":{"_monsterinsights_skip_tracking":false,"_monsterinsights_sitenote_active":false,"_monsterinsights_sitenote_note":"","_monsterinsights_sitenote_category":0,"jnews-multi-image_gallery":[],"jnews_single_post":[],"jnews_primary_category":[],"_joinchat":[],"footnotes":""},"categories":[78,79,76,77],"tags":[],"class_list":["post-6535","post","type-post","status-publish","format-standard","has-post-thumbnail","hentry","category-economia-popular","category-nadie-se-salva-solo","category-salud-comunitaria","category-soberania"],"_links":{"self":[{"href":"http:\/\/fmriachuelo.it10.com.ar\/index.php\/wp-json\/wp\/v2\/posts\/6535","targetHints":{"allow":["GET"]}}],"collection":[{"href":"http:\/\/fmriachuelo.it10.com.ar\/index.php\/wp-json\/wp\/v2\/posts"}],"about":[{"href":"http:\/\/fmriachuelo.it10.com.ar\/index.php\/wp-json\/wp\/v2\/types\/post"}],"author":[{"embeddable":true,"href":"http:\/\/fmriachuelo.it10.com.ar\/index.php\/wp-json\/wp\/v2\/users\/5"}],"replies":[{"embeddable":true,"href":"http:\/\/fmriachuelo.it10.com.ar\/index.php\/wp-json\/wp\/v2\/comments?post=6535"}],"version-history":[{"count":0,"href":"http:\/\/fmriachuelo.it10.com.ar\/index.php\/wp-json\/wp\/v2\/posts\/6535\/revisions"}],"wp:featuredmedia":[{"embeddable":true,"href":"http:\/\/fmriachuelo.it10.com.ar\/index.php\/wp-json\/wp\/v2\/media\/6539"}],"wp:attachment":[{"href":"http:\/\/fmriachuelo.it10.com.ar\/index.php\/wp-json\/wp\/v2\/media?parent=6535"}],"wp:term":[{"taxonomy":"category","embeddable":true,"href":"http:\/\/fmriachuelo.it10.com.ar\/index.php\/wp-json\/wp\/v2\/categories?post=6535"},{"taxonomy":"post_tag","embeddable":true,"href":"http:\/\/fmriachuelo.it10.com.ar\/index.php\/wp-json\/wp\/v2\/tags?post=6535"}],"curies":[{"name":"wp","href":"https:\/\/api.w.org\/{rel}","templated":true}]}}