{"id":6532,"date":"2018-03-12T16:00:35","date_gmt":"2018-03-12T16:00:35","guid":{"rendered":"http:\/\/fmriachuelo.com.ar\/?p=6532"},"modified":"2018-03-12T16:00:35","modified_gmt":"2018-03-12T16:00:35","slug":"asesinato-de-facundo-ferreira-la-doctrina-chocobar-se-cobra-una-nueva-victima","status":"publish","type":"post","link":"http:\/\/fmriachuelo.it10.com.ar\/index.php\/2018\/03\/12\/asesinato-de-facundo-ferreira-la-doctrina-chocobar-se-cobra-una-nueva-victima\/","title":{"rendered":"ASESINATO DE FACUNDO FERREIRA: LA DOCTRINA CHOCOBAR SE COBRA UNA NUEVA VICTIMA"},"content":{"rendered":"<p>[Al Gran Pueblo Salud-FM Riachuelo 12\/03\/2018]Pasados ya cuatro d\u00edas del asesinato de Facundo Ferreira a manos de la polic\u00eda de Tucum\u00e1n, Lito Borello, secretario de DDHH de la Confederaci\u00f3n de Trabajadores de la Econom\u00eda Popular, nos brind\u00f3 unas palabras con respecto a la nueva doctrina que ha adoptado la polic\u00eda argentina.<\/p>\n<p>https:\/\/soundcloud.com\/user-622007001-264771977\/borello-acerca-del-asesinato-de-facundo-ferreira<\/p>\n<p>Facundo Ferreira, de tan solo 12 a\u00f1os fue asesinado de un disparo en la nuca, cuando iba en el asiento del acompa\u00f1ante en una moto cerca de la 1 de la ma\u00f1ana del jueves. El disparo sali\u00f3 del arma de un polic\u00eda que se encontraba en la supuesta persecuci\u00f3n de una banda de ladrones motorizados. Facundo fallece horas despu\u00e9s en el hospital \u00c1ngel Padilla, tras un operativo que dejo muchas irregularidades en cuanto al esclarecimiento del mismo.<\/p>\n<p>Lito Borello, secretario de DDHH de CTEP expres\u00f3 su bronca diciendo \u201cEl \u00fanico delito que cometi\u00f3 este chico es ser un ni\u00f1o pobre\u201d. Tambi\u00e9n argumento que \u201ceste gobierno responde a los intereses de los poderosos del mundo globalizado y es servil a los intereses locales, que tambi\u00e9n de alguna manera son la expresi\u00f3n del poder global de nuestra patria\u00bb.<\/p>\n<p>\u201cEste gobierno no tiene una voluntad pol\u00edtica sincera de encontrar soluciones a los sufrimientos y padecimientos de los humildes, de los trabajadores\u201d. Es por esto que Borello aconseja formar un plan de lucha que permita articular una red de organizaciones populares, que d\u00e9 lugar a m\u00e1s capacidad de lucha contra este gobierno: \u201cMas tarde, m\u00e1s temprano nuestro pueblo se levantara y dir\u00e1 basta\u201d<\/p>\n<p>Por otro lado, la situaci\u00f3n en el barrio La Bombilla, mostr\u00f3 un gran repudio, no solo por el asesinato del chico, sino tambi\u00e9n por los llamados \u00aboperativos de saturaci\u00f3n\u00bb que se han \u00a0realizado con una intenci\u00f3n de apriete, hacia la familia y los vecinos. Por consecuencia, \u00a0la familia y amigos se movilizar\u00e1n hoy lunes a los tribunales para reclamar justicia.<\/p>\n<p>Este no es un caso aislado, sino que se suma a la larga lista que componen los casos de gatillo f\u00e1cil y m\u00e1s recientemente, a la nueva doctrina \u201cCHOCOBAR\u201d\u00a0 adoptada por las fuerzas de seguridad, y \u00a0acompa\u00f1adas por el mismo gobierno.<\/p>\n","protected":false},"excerpt":{"rendered":"<p>[Al Gran Pueblo Salud-FM Riachuelo 12\/03\/2018]Pasados ya cuatro d\u00edas del asesinato de Facundo Ferreira a manos de la polic\u00eda de Tucum\u00e1n, Lito Borello, secretario de DDHH de la Confederaci\u00f3n de Trabajadores de la Econom\u00eda Popular, nos brind\u00f3 unas palabras con respecto a la nueva doctrina que ha adoptado la polic\u00eda argentina. https:\/\/soundcloud.com\/user-622007001-264771977\/borello-acerca-del-asesinato-de-facundo-ferreira Facundo Ferreira, de [&hellip;]<\/p>\n","protected":false},"author":5,"featured_media":6533,"comment_status":"open","ping_status":"open","sticky":false,"template":"","format":"standard","meta":{"_monsterinsights_skip_tracking":false,"_monsterinsights_sitenote_active":false,"_monsterinsights_sitenote_note":"","_monsterinsights_sitenote_category":0,"jnews-multi-image_gallery":[],"jnews_single_post":[],"jnews_primary_category":[],"_joinchat":[],"footnotes":""},"categories":[79,76],"tags":[],"class_list":["post-6532","post","type-post","status-publish","format-standard","has-post-thumbnail","hentry","category-nadie-se-salva-solo","category-salud-comunitaria"],"_links":{"self":[{"href":"http:\/\/fmriachuelo.it10.com.ar\/index.php\/wp-json\/wp\/v2\/posts\/6532","targetHints":{"allow":["GET"]}}],"collection":[{"href":"http:\/\/fmriachuelo.it10.com.ar\/index.php\/wp-json\/wp\/v2\/posts"}],"about":[{"href":"http:\/\/fmriachuelo.it10.com.ar\/index.php\/wp-json\/wp\/v2\/types\/post"}],"author":[{"embeddable":true,"href":"http:\/\/fmriachuelo.it10.com.ar\/index.php\/wp-json\/wp\/v2\/users\/5"}],"replies":[{"embeddable":true,"href":"http:\/\/fmriachuelo.it10.com.ar\/index.php\/wp-json\/wp\/v2\/comments?post=6532"}],"version-history":[{"count":0,"href":"http:\/\/fmriachuelo.it10.com.ar\/index.php\/wp-json\/wp\/v2\/posts\/6532\/revisions"}],"wp:featuredmedia":[{"embeddable":true,"href":"http:\/\/fmriachuelo.it10.com.ar\/index.php\/wp-json\/wp\/v2\/media\/6533"}],"wp:attachment":[{"href":"http:\/\/fmriachuelo.it10.com.ar\/index.php\/wp-json\/wp\/v2\/media?parent=6532"}],"wp:term":[{"taxonomy":"category","embeddable":true,"href":"http:\/\/fmriachuelo.it10.com.ar\/index.php\/wp-json\/wp\/v2\/categories?post=6532"},{"taxonomy":"post_tag","embeddable":true,"href":"http:\/\/fmriachuelo.it10.com.ar\/index.php\/wp-json\/wp\/v2\/tags?post=6532"}],"curies":[{"name":"wp","href":"https:\/\/api.w.org\/{rel}","templated":true}]}}