{"id":653,"date":"2015-03-19T19:46:00","date_gmt":"2015-03-19T19:46:00","guid":{"rendered":"http:\/\/fmriachuelo.observatorioess.org.ar\/index.php\/2015\/03\/19\/en-defensa-de-venezuela-bolivariana\/"},"modified":"2025-03-27T12:06:06","modified_gmt":"2025-03-27T15:06:06","slug":"en-defensa-de-venezuela-bolivariana","status":"publish","type":"post","link":"http:\/\/fmriachuelo.it10.com.ar\/index.php\/2015\/03\/19\/en-defensa-de-venezuela-bolivariana\/","title":{"rendered":"EN DEFENSA DE VENEZUELA BOLIVARIANA"},"content":{"rendered":"<div style=\"clear: both;text-align: left\"><a href=\"http:\/\/1.bp.blogspot.com\/-vudXIgA_N6k\/VQsmFOrL7uI\/AAAAAAAADLs\/MVxgcfgMneY\/s1600\/venezuela.jpg\" style=\"clear: left;float: left;margin-bottom: 1em;margin-right: 1em\"><img decoding=\"async\" border=\"0\" src=\"http:\/\/1.bp.blogspot.com\/-vudXIgA_N6k\/VQsmFOrL7uI\/AAAAAAAADLs\/MVxgcfgMneY\/s1600\/venezuela.jpg\" \/><\/a><span style=\"color: #333333;font-family: Arial,sans-serif\"><span style=\"color: red;font-size: large\"><strong>CAMPA\u00d1A ANTIIMPERIALISTA MUNDIAL<\/strong><\/span><\/span><\/div>\n<p><span style=\"font-family: Verdana, sans-serif\">(Al finalizar esta el pronunciamiento completo)*<\/span><\/p>\n<p><span style=\"font-family: Verdana, sans-serif\">El Gobierno venezolano lanz\u00f3 una <\/span><a href=\"https:\/\/www.change.org\/p\/presidente-de-ee-uu-barack-obama-retiro-inmediato-de-la-orden-ejecutiva-en-contra-de-venezuela\"><span style=\"font-family: Verdana, sans-serif\">campa\u00f1a comunicacional <\/span><\/a><span style=\"font-family: Verdana, sans-serif\">a nivel mundial para exigir que el presidente de EE.UU. derogue el decreto donde considera a Venezuela como una amenaza a su seguridad.<\/p>\n<p> El mandatario venezolano Nicol\u00e1s Maduro fue el primero en estampar su r\u00fabrica para exigir al Gobierno estadounidense que respete la soberan\u00eda de Venezuela.<\/p>\n<p>Sabemos, porque la historia as\u00ed lo confirma, que tras un decreto de EE.UU. siempre sigue una agresi\u00f3n militar,  por eso lanzamos la campa\u00f1a \u00a1Obama deroga el decreto ya! (Obama repeal the executive orden)\u201d.<\/p>\n<p>Adem\u00e1s Venezuela convoca a realizar un tuitazo mundial este viernes 20 de marzo, uno a las once de la ma\u00f1ana y otro a las seis de la tarde con la etiqueta #ObamaDerogaYa.<\/span><br \/><span style=\"font-family: Verdana, sans-serif\"><\/span><br \/><a name='more'><\/a><span style=\"font-family: Verdana, sans-serif\"><br \/>Durante el lanzamiento de la campa\u00f1a \u00a1Obama deroga el decreto Ya!, nuestro Presidente Nicol\u00e1s Maduro anunci\u00f3 que se recoger\u00e1n 10 millones de firmas en respaldo a esta petici\u00f3n que busca hacer respetar la paz y soberan\u00eda de Venezuela.<\/p>\n<p> El proceso se extender\u00e1 hasta los primeros d\u00edas de abril, antes de la VII Cumbre de las Am\u00e9ricas, prevista para los d\u00edas 10 y 11 del pr\u00f3ximo mes.<\/p>\n<p>\u201cVenezuela no es una amenaza, es una tierra de esperanza, de paz, de democracia, de inclusi\u00f3n. La verdadera amenaza para el continente americano es la tesis del destino manifiesto que representa los Estados Unidos de Norteam\u00e9rica, no Venezuela\u201d.<\/p>\n<p><strong>Venezuela se Respeta\u2026! A Defenderla\u2026!&nbsp; <\/p>\n<p>Viva la Revoluci\u00f3n Bolivariana! Viva el Presidente Maduro!!<\/p>\n<p>Ch\u00e1vez Vive, la Patria Sigue!!<\/strong><\/span><br \/><strong><span style=\"font-family: Verdana\"><\/span><\/strong><br \/><strong><span style=\"font-family: Verdana\">*<\/span><\/strong><br \/><span style=\"font-family: Verdana, sans-serif\"><strong>OBAMA, VENEZUELA NO ES UNA AMENAZA<\/strong><\/span><span style=\"font-family: Verdana, sans-serif\">Nosotros, amantes de la paz, hacemos un llamado al gobierno de EEUU para que asuma sus obligaciones internacionales en cuanto al respeto a la autodeterminaci\u00f3n de los pueblos y el derecho de los mismos a decidir libremente su camino. <br \/>El d\u00eda 9 de marzo fuimos sorprendidos con la Orden Ejecutiva dictada por el presidente Obama a trav\u00e9s de la cual se \u201cdeclara una emergencia nacional con respecto a la amenaza inusual y extraordinaria para la seguridad nacional y la pol\u00edtica exterior de Estados Unidos representada por la situaci\u00f3n en Venezuela.\u201d<br \/>Sorprende a\u00fan m\u00e1s que esta declaraci\u00f3n se haga 2 d\u00edas despu\u00e9s de que la Uni\u00f3n de Naciones del Sur, \u00f3rgano de integraci\u00f3n regional, estuviera en Venezuela y se reuniera con todos los poderes p\u00fablicos de ese pa\u00eds y con varios representantes de los diversos partidos que componen la oposici\u00f3n venezolana, y que signific\u00f3 un espaldarazo a la democracia de Venezuela y a las elecciones parlamentarias previstas para finales del a\u00f1o.<br \/>Destacamos, adem\u00e1s, que la presencia del Secretario General de la UNASUR y de los Cancilleres de Ecuador, Colombia, Brasil y Uruguay, se produce por iniciativa del propio Presidente de la Rep\u00fablica Bolivariana de Venezuela, quien desde comienzos del a\u00f1o ha pedido la participaci\u00f3n de este organismo para que facilite un di\u00e1logo con el gobierno de EEUU.<br \/>Ni las sanciones, ni los bloqueos, ni las agresiones armadas son los caminos para un di\u00e1logo verdadero. La historia ha demostrado, como lo admitiera el gobierno de Obama el pasado 17 de diciembre en relaci\u00f3n con Cuba, que esas son pol\u00edticas ineficientes que s\u00f3lo causan da\u00f1os a los pueblos. <br \/>Nosotros, amantes de la PAZ y ac\u00e9rrimos enemigos de la GUERRA, nos oponemos a estas acciones y hacemos un llamado a que el Presidente Barack Obama retire la Orden Ejecutiva contra Venezuela y normalice las relaciones diplom\u00e1ticas con el gobierno leg\u00edtimamente electo del Presidente Nicol\u00e1s Maduro, con base en el respeto mutuo y el principio de no injerencia en los asuntos internos de los pa\u00edses. <\/span><br \/><span style=\"font-family: Verdana\"><\/span><br \/><span style=\"color: blue;font-family: Verdana\">Fuente: Embajada de la Republica Bolivariana de Venezuela, Producci\u00f3n Riachuelo<\/span><\/p>\n<div style=\"clear: both;text-align: center\"><a href=\"http:\/\/1.bp.blogspot.com\/-d_GlGMWP0go\/VQsm3NFXwSI\/AAAAAAAADL0\/BcDu5uG-vuA\/s1600\/COOP%2BRIACHIUELO%2BPRODUCCIONES.jpg\" style=\"clear: left;float: left;margin-bottom: 1em;margin-right: 1em\"><img loading=\"lazy\" decoding=\"async\" border=\"0\" src=\"http:\/\/1.bp.blogspot.com\/-d_GlGMWP0go\/VQsm3NFXwSI\/AAAAAAAADL0\/BcDu5uG-vuA\/s1600\/COOP%2BRIACHIUELO%2BPRODUCCIONES.jpg\" height=\"58\" width=\"200\" \/><\/a><\/div>\n","protected":false},"excerpt":{"rendered":"<p>CAMPA\u00d1A ANTIIMPERIALISTA MUNDIAL (Al finalizar esta el pronunciamiento completo)* El Gobierno venezolano lanz\u00f3 una campa\u00f1a comunicacional a nivel mundial para exigir que el presidente de EE.UU. derogue el decreto donde considera a Venezuela como una amenaza a su seguridad. El mandatario venezolano Nicol\u00e1s Maduro fue el primero en estampar su r\u00fabrica para exigir al Gobierno [&hellip;]<\/p>\n","protected":false},"author":4,"featured_media":0,"comment_status":"open","ping_status":"open","sticky":false,"template":"","format":"standard","meta":{"_monsterinsights_skip_tracking":false,"_monsterinsights_sitenote_active":false,"_monsterinsights_sitenote_note":"","_monsterinsights_sitenote_category":0,"jnews-multi-image_gallery":[],"jnews_single_post":{"format":"standard"},"jnews_primary_category":[],"_joinchat":[],"footnotes":""},"categories":[58],"tags":[159,70,167],"class_list":["post-653","post","type-post","status-publish","format-standard","hentry","category-noticiariachuelo","tag-comunicacion","tag-de-la-patria-grande","tag-politica-internacional"],"_links":{"self":[{"href":"http:\/\/fmriachuelo.it10.com.ar\/index.php\/wp-json\/wp\/v2\/posts\/653","targetHints":{"allow":["GET"]}}],"collection":[{"href":"http:\/\/fmriachuelo.it10.com.ar\/index.php\/wp-json\/wp\/v2\/posts"}],"about":[{"href":"http:\/\/fmriachuelo.it10.com.ar\/index.php\/wp-json\/wp\/v2\/types\/post"}],"author":[{"embeddable":true,"href":"http:\/\/fmriachuelo.it10.com.ar\/index.php\/wp-json\/wp\/v2\/users\/4"}],"replies":[{"embeddable":true,"href":"http:\/\/fmriachuelo.it10.com.ar\/index.php\/wp-json\/wp\/v2\/comments?post=653"}],"version-history":[{"count":1,"href":"http:\/\/fmriachuelo.it10.com.ar\/index.php\/wp-json\/wp\/v2\/posts\/653\/revisions"}],"predecessor-version":[{"id":22724,"href":"http:\/\/fmriachuelo.it10.com.ar\/index.php\/wp-json\/wp\/v2\/posts\/653\/revisions\/22724"}],"wp:attachment":[{"href":"http:\/\/fmriachuelo.it10.com.ar\/index.php\/wp-json\/wp\/v2\/media?parent=653"}],"wp:term":[{"taxonomy":"category","embeddable":true,"href":"http:\/\/fmriachuelo.it10.com.ar\/index.php\/wp-json\/wp\/v2\/categories?post=653"},{"taxonomy":"post_tag","embeddable":true,"href":"http:\/\/fmriachuelo.it10.com.ar\/index.php\/wp-json\/wp\/v2\/tags?post=653"}],"curies":[{"name":"wp","href":"https:\/\/api.w.org\/{rel}","templated":true}]}}