{"id":652,"date":"2015-03-20T14:24:00","date_gmt":"2015-03-20T14:24:00","guid":{"rendered":"http:\/\/fmriachuelo.observatorioess.org.ar\/index.php\/2015\/03\/20\/buenos-aires-intento-de-desalojo-en-el-barrio-de-boedo\/"},"modified":"2025-03-27T12:08:23","modified_gmt":"2025-03-27T15:08:23","slug":"buenos-aires-intento-de-desalojo-en-el-barrio-de-boedo","status":"publish","type":"post","link":"http:\/\/fmriachuelo.it10.com.ar\/index.php\/2015\/03\/20\/buenos-aires-intento-de-desalojo-en-el-barrio-de-boedo\/","title":{"rendered":"BUENOS AIRES: INTENTO DE DESALOJO EN EL BARRIO DE BOEDO"},"content":{"rendered":"<div style=\"text-align: left\"><span style=\"color: #073763;font-family: trebuchet ms, sans-serif;font-size: large\"><b>Reproducimos<\/b><\/span><\/div>\n<div style=\"text-align: center\"><span style=\"color: #351c75;font-family: Verdana, sans-serif;font-size: large\"><strong>MACRI: LA CIUDAD NO ES UN NEGOCIO<br \/>VIVIENDAS POPULARES PARA PAV\u00d3N 4127<\/strong><\/span><\/p>\n<div style=\"clear: both;text-align: center\"><a href=\"http:\/\/2.bp.blogspot.com\/-e5yKrpLiH6w\/VQwtfRLgINI\/AAAAAAAADMM\/PfncvB_faWc\/s1600\/_DSC3420.jpg\" style=\"margin-left: 1em;margin-right: 1em\"><img loading=\"lazy\" decoding=\"async\" border=\"0\" src=\"http:\/\/2.bp.blogspot.com\/-e5yKrpLiH6w\/VQwtfRLgINI\/AAAAAAAADMM\/PfncvB_faWc\/s1600\/_DSC3420.jpg\" height=\"211\" width=\"320\" \/><\/a><\/div>\n<p><strong><span style=\"color: #351c75;font-family: Verdana;font-size: large\"><\/span><\/strong>&nbsp;<\/div>\n<p><span style=\"font-family: Verdana, sans-serif\">Ayer se logro un principio de triunfo en el conflicto que mantienen 37 familias por el derecho a la vivienda en el barrio de Boedo.<\/p>\n<p>Con la lucha organizada de las familias, su acci\u00f3n decidida de resistir la \u00f3rden de desalojo, y el apoyo incondicional de las organizaciones populares, los legisladores de la oposici\u00f3n y los vecinos de Boedo, la Justicia se vio obligada a convocar una Mesa de Di\u00e1logo, exigiendo a participar de la misma al GCBA.<\/p>\n<p>El art 31 de la Constituci\u00f3n de la Ciudad es indiscutible en su mandato: \u201cLa Ciudad reconoce el derecho a una vivienda digna y a un h\u00e1bitat adecuado. Para ello: Resuelve progresivamente el d\u00e9ficit habitacional, de infraestructura y servicios, dando prioridad a las personas de los sectores de pobreza cr\u00edtica y con necesidades especiales de escasos recursos. Auspicia la incorporaci\u00f3n de los inmuebles ociosos, promueve los planes autogestionados, la integraci\u00f3n urban\u00edstica y social de los pobladores marginados, la recuperaci\u00f3n de las viviendas precarias y la regularizaci\u00f3n dominial y catastral, con criterios de radicaci\u00f3n definitiva.\u201d<\/p>\n<p>Mauricio Macri, y el responsable del instituto de Vivienda de la Ciudad, Iv\u00e1n Kerr, no pueden hacerse los desentendidos. Son los responsables directos del d\u00e9ficit de vivienda de m\u00e1s de 500.000 personas en la Ciudad de Buenos Aires. Y son quienes a\u00f1o a a\u00f1o desfinancian el IVC y las exitosas pol\u00edticas de autogesti\u00f2n de la Ley 341.<\/p>\n<p>Les compartimos un video con el testimonio de los protagonistas.<\/span><\/p>\n<div style=\"text-align: left\"><a href=\"https:\/\/www.youtube.com\/watch?v=62NKdlz4S1g&amp;feature=youtu.be\"><span style=\"font-family: Verdana, sans-serif;font-size: large\"><strong>VIDEO DEL DESALOJO EN PAVON 4127<\/strong><\/span><\/a><\/div>\n<div style=\"text-align: left\">&nbsp;<\/div>\n<div style=\"text-align: center\"><span style=\"color: #073763;font-family: Verdana, sans-serif;font-size: large\"><strong>\u00a1LA \u00daNICA LUCHA QUE SE PIERDE, ES LA QUE SE ABANDONA!<\/strong><\/span><\/div>\n<div style=\"text-align: left\">&nbsp;<\/div>\n<div style=\"text-align: left\"><span style=\"color: blue;font-family: Verdana, sans-serif\">Fuente: OSyP Los Pibes, Producci\u00f3n Riachuelo<\/span><\/div>\n<div style=\"clear: both;text-align: center\"><a href=\"http:\/\/4.bp.blogspot.com\/-W2jYKKhBCEY\/VQwtnGBGMrI\/AAAAAAAADMU\/uQfPuVZ_x5c\/s1600\/COOP%2BRIACHIUELO%2BPRODUCCIONES.jpg\" style=\"clear: left;float: left;margin-bottom: 1em;margin-right: 1em\"><img loading=\"lazy\" decoding=\"async\" border=\"0\" src=\"http:\/\/4.bp.blogspot.com\/-W2jYKKhBCEY\/VQwtnGBGMrI\/AAAAAAAADMU\/uQfPuVZ_x5c\/s1600\/COOP%2BRIACHIUELO%2BPRODUCCIONES.jpg\" height=\"58\" width=\"200\" \/><\/a><\/div>\n<div style=\"text-align: left\">&nbsp;<\/div>\n<div style=\"text-align: left\"><span style=\"color: blue;font-family: Verdana\"><\/span>&nbsp;<\/div>\n<div style=\"text-align: left\">&nbsp;<\/div>\n<div style=\"text-align: left\">&nbsp;<\/div>\n<div style=\"text-align: left\">\n<div><span style=\"font-size: medium\"><\/span><\/div>\n<\/div>\n","protected":false},"excerpt":{"rendered":"<p>Reproducimos MACRI: LA CIUDAD NO ES UN NEGOCIOVIVIENDAS POPULARES PARA PAV\u00d3N 4127 &nbsp; Ayer se logro un principio de triunfo en el conflicto que mantienen 37 familias por el derecho a la vivienda en el barrio de Boedo. Con la lucha organizada de las familias, su acci\u00f3n decidida de resistir la \u00f3rden de desalojo, y [&hellip;]<\/p>\n","protected":false},"author":4,"featured_media":0,"comment_status":"open","ping_status":"open","sticky":false,"template":"","format":"standard","meta":{"_monsterinsights_skip_tracking":false,"_monsterinsights_sitenote_active":false,"_monsterinsights_sitenote_note":"","_monsterinsights_sitenote_category":0,"jnews-multi-image_gallery":[],"jnews_single_post":{"format":"standard"},"jnews_primary_category":[],"_joinchat":[],"footnotes":""},"categories":[58],"tags":[147,157],"class_list":["post-652","post","type-post","status-publish","format-standard","hentry","category-noticiariachuelo","tag-habitat","tag-nadie-se-salva-solo"],"_links":{"self":[{"href":"http:\/\/fmriachuelo.it10.com.ar\/index.php\/wp-json\/wp\/v2\/posts\/652","targetHints":{"allow":["GET"]}}],"collection":[{"href":"http:\/\/fmriachuelo.it10.com.ar\/index.php\/wp-json\/wp\/v2\/posts"}],"about":[{"href":"http:\/\/fmriachuelo.it10.com.ar\/index.php\/wp-json\/wp\/v2\/types\/post"}],"author":[{"embeddable":true,"href":"http:\/\/fmriachuelo.it10.com.ar\/index.php\/wp-json\/wp\/v2\/users\/4"}],"replies":[{"embeddable":true,"href":"http:\/\/fmriachuelo.it10.com.ar\/index.php\/wp-json\/wp\/v2\/comments?post=652"}],"version-history":[{"count":1,"href":"http:\/\/fmriachuelo.it10.com.ar\/index.php\/wp-json\/wp\/v2\/posts\/652\/revisions"}],"predecessor-version":[{"id":22728,"href":"http:\/\/fmriachuelo.it10.com.ar\/index.php\/wp-json\/wp\/v2\/posts\/652\/revisions\/22728"}],"wp:attachment":[{"href":"http:\/\/fmriachuelo.it10.com.ar\/index.php\/wp-json\/wp\/v2\/media?parent=652"}],"wp:term":[{"taxonomy":"category","embeddable":true,"href":"http:\/\/fmriachuelo.it10.com.ar\/index.php\/wp-json\/wp\/v2\/categories?post=652"},{"taxonomy":"post_tag","embeddable":true,"href":"http:\/\/fmriachuelo.it10.com.ar\/index.php\/wp-json\/wp\/v2\/tags?post=652"}],"curies":[{"name":"wp","href":"https:\/\/api.w.org\/{rel}","templated":true}]}}