{"id":6515,"date":"2018-03-09T15:41:00","date_gmt":"2018-03-09T15:41:00","guid":{"rendered":"http:\/\/fmriachuelo.com.ar\/?p=6515"},"modified":"2018-03-09T15:41:00","modified_gmt":"2018-03-09T15:41:00","slug":"8m-paro-internacional-de-mujeres-unidas-contra-el-ajuste","status":"publish","type":"post","link":"http:\/\/fmriachuelo.it10.com.ar\/index.php\/2018\/03\/09\/8m-paro-internacional-de-mujeres-unidas-contra-el-ajuste\/","title":{"rendered":"8M: PARO INTERNACIONAL  DE MUJERES UNIDAS CONTRA EL AJUSTE"},"content":{"rendered":"<p>[FM\u00a0 RIACHUELO 09\/03\/2018] En el d\u00eda de ayer se realiz\u00f3 el paro internacional de mujeres, con la consigna\u00a0 \u201c8M\u201d, en contra de todos los abusos y desigualdades, \u00a0desde plaza de Mayo hasta el Congreso. Fm Riachuelo 100. 9 estuvo con radio abierta desde la calle y marchando junto a la\u00a0 Confederaci\u00f3n de Trabajadoras de la Econom\u00eda Popular (Ctep).<\/p>\n<p>Desde el mediod\u00eda, se empezaban a ver\u00a0 las primeras organizaciones\u00a0 sociales y sindicales de mujeres \u00a0y los distintos colectivos feministas, concentrando por los alrededores de Av. De Mayo, 9 de Julio y la plaza de los dos Congresos.<\/p>\n<p>Una de las consignas que se destac\u00f3 desde la Econom\u00eda \u00a0Popular con un mensaje claro de\u00a0 \u201cunidad para pelear por\u00a0 los Derechos de las compa\u00f1eras\u201d. Sin perder las risas, a pesar de los reclamos con tanto dolor, \u00a0todas juntas con diversas intervenciones, desde pintadas, bailes y producciones est\u00e9ticas \u00a0para visibilizar las desigualdades, abusos que sufren todos los d\u00edas, en diferentes \u00e1mbitos.<\/p>\n<p>Por \u00a0la trasmisi\u00f3n especial pasaron referentes de distintas herramientas productivas de trabajo que conforman la Econom\u00eda Popular, como La Casa Popular \u00a0El Patio, El Paseo de la Econom\u00eda Popular Mart\u00edn Osos Cisneros y \u00a0La Organizaci\u00f3n \u00a0Social \u00a0y Pol\u00edtica Los Pibes, entre otras.<\/p>\n<p>A continuaci\u00f3n, escucha los testimonios<\/p>\n<p><iframe loading=\"lazy\" title=\"8M: PARO INTERNACIONAL DE MUJERES CONTRA EL AJUSTE by FMR\" width=\"500\" height=\"450\" scrolling=\"no\" frameborder=\"no\" src=\"https:\/\/w.soundcloud.com\/player\/?visual=true&#038;url=https%3A%2F%2Fapi.soundcloud.com%2Fplaylists%2F467821434&#038;show_artwork=true&#038;maxheight=750&#038;maxwidth=500\"><\/iframe><\/p>\n<p>Desde Fm Riachuelo, hablamos con distintas compa\u00f1eras durante el desarrollo de la jornada, La \u00abNegra\u00bb Cano habl\u00f3 sobre la \u00a0importancia de organizarnos \u00a0y \u00a0pelear por nuestros Derechos.<\/p>\n<p>La compa\u00f1era \u00a0Cristina Mena\u00a0 referente del MTR 12 de Abril dijo: \u201cLas mujeres nos hemos apropiado de las calles, y fundamentalmente aprendimos a \u00a0reconocer nuestros derechos\u201d. Manifest\u00f3, \u201choy estamos diciendo, No al ajuste, No a la represi\u00f3n, No a los despidos, basta de maltratos, Ni una menos queremos, nuestro derecho a decidir por aquello que creemos justo para nosotras\u201d.<\/p>\n<p>Tambi\u00e9n destac\u00f3, \u00a0la unidad con las compa\u00f1eras de la Econom\u00eda popular. \u201chemos logrado con la Secretaria de la Ctep, algo hist\u00f3rico todas las compa\u00f1eras representantes de los sectores femeninos de sus gremios, estamos juntas, sacamos un documento en conjunto y marchamos todas unidas, las trabajadoras formales y las trabajadoras de la econom\u00eda popular\u201d.<\/p>\n<p>Tambi\u00e9n entrevistamos a Nadia Mart\u00ednez, directora de Fm Riachuelo, que se encontraba en la movilizaci\u00f3n, afirm\u00f3: \u201cLa unidad excede al g\u00e9nero femenino, tiene que ver con la disputa pol\u00edtica de los sectores populares, de las organizaciones de base y de una estructura, copula dirigencial, que no siempre ha estado a la altura, de representar a quienes deber\u00eda\u201d.<\/p>\n<p>La multitudinaria marcha culmin\u00f3 con la lectura de un documento en donde se destac\u00f3 como puntos importantes, la paridad salarial y laboral, la violencia contra la mujer y el aborto legal, seguro y gratuito.<\/p>\n<p>A continuaci\u00f3n, escucha los testimonios<\/p>\n<p><strong><a href=\"https:\/\/www.facebook.com\/fmriachuelo\/photos\/ms.c.eJxFksmRxUAMQjOa0r7kn9iUpS~;6~_gojDM1RHFSRLpKR9scL0suDuvsH2vlTeBNAc7WJnaJK9xMGGIUyFGzlwRTnUeID4NHRcyUFHjHB3Bcw6QQrhWnbXkF01TVFjpZVxF0hGkB1ppwf4IvOZPqdtYaCZILdWSbnySF6pttYNRQywbgMZ3MKijxQc1bkknbbeBQK6prfN30VTvR~_prGmdYBtPhFckQUMoDs2vcam5CQHyAVQ8PSRUgCyU95QbbymiK61Hoguu76~;9WOHgqntcxBsOyUzoeTyndIDYIJFwcN7AV6QTMlaeA6xfWQC~_IL4B9tNntI~-.bps.a.1681608005227741.1073741872.196659553722601\/1681608675227674\/?type=3&amp;theater\">Galer\u00eda de fotos #8M #MARCHAENUNIDAD<\/a><\/strong><\/p>\n","protected":false},"excerpt":{"rendered":"<p>[FM\u00a0 RIACHUELO 09\/03\/2018] En el d\u00eda de ayer se realiz\u00f3 el paro internacional de mujeres, con la consigna\u00a0 \u201c8M\u201d, en contra de todos los abusos y desigualdades, \u00a0desde plaza de Mayo hasta el Congreso. Fm Riachuelo 100. 9 estuvo con radio abierta desde la calle y marchando junto a la\u00a0 Confederaci\u00f3n de Trabajadoras de la [&hellip;]<\/p>\n","protected":false},"author":5,"featured_media":6518,"comment_status":"open","ping_status":"open","sticky":false,"template":"","format":"standard","meta":{"_monsterinsights_skip_tracking":false,"_monsterinsights_sitenote_active":false,"_monsterinsights_sitenote_note":"","_monsterinsights_sitenote_category":0,"jnews-multi-image_gallery":[],"jnews_single_post":[],"jnews_primary_category":[],"_joinchat":[],"footnotes":""},"categories":[78,79,76,77],"tags":[],"class_list":["post-6515","post","type-post","status-publish","format-standard","has-post-thumbnail","hentry","category-economia-popular","category-nadie-se-salva-solo","category-salud-comunitaria","category-soberania"],"_links":{"self":[{"href":"http:\/\/fmriachuelo.it10.com.ar\/index.php\/wp-json\/wp\/v2\/posts\/6515","targetHints":{"allow":["GET"]}}],"collection":[{"href":"http:\/\/fmriachuelo.it10.com.ar\/index.php\/wp-json\/wp\/v2\/posts"}],"about":[{"href":"http:\/\/fmriachuelo.it10.com.ar\/index.php\/wp-json\/wp\/v2\/types\/post"}],"author":[{"embeddable":true,"href":"http:\/\/fmriachuelo.it10.com.ar\/index.php\/wp-json\/wp\/v2\/users\/5"}],"replies":[{"embeddable":true,"href":"http:\/\/fmriachuelo.it10.com.ar\/index.php\/wp-json\/wp\/v2\/comments?post=6515"}],"version-history":[{"count":0,"href":"http:\/\/fmriachuelo.it10.com.ar\/index.php\/wp-json\/wp\/v2\/posts\/6515\/revisions"}],"wp:featuredmedia":[{"embeddable":true,"href":"http:\/\/fmriachuelo.it10.com.ar\/index.php\/wp-json\/wp\/v2\/media\/6518"}],"wp:attachment":[{"href":"http:\/\/fmriachuelo.it10.com.ar\/index.php\/wp-json\/wp\/v2\/media?parent=6515"}],"wp:term":[{"taxonomy":"category","embeddable":true,"href":"http:\/\/fmriachuelo.it10.com.ar\/index.php\/wp-json\/wp\/v2\/categories?post=6515"},{"taxonomy":"post_tag","embeddable":true,"href":"http:\/\/fmriachuelo.it10.com.ar\/index.php\/wp-json\/wp\/v2\/tags?post=6515"}],"curies":[{"name":"wp","href":"https:\/\/api.w.org\/{rel}","templated":true}]}}