{"id":6510,"date":"2018-03-07T16:00:17","date_gmt":"2018-03-07T16:00:17","guid":{"rendered":"http:\/\/fmriachuelo.com.ar\/?p=6510"},"modified":"2018-03-07T16:00:17","modified_gmt":"2018-03-07T16:00:17","slug":"conferencia-de-trabajadoras-preparando-el-8m","status":"publish","type":"post","link":"http:\/\/fmriachuelo.it10.com.ar\/index.php\/2018\/03\/07\/conferencia-de-trabajadoras-preparando-el-8m\/","title":{"rendered":"CONFERENCIA DE TRABAJADORAS PREPARANDO EL #8M"},"content":{"rendered":"<p>[FM Riachuelo 07\/03\/2018]Durante la ma\u00f1ana del d\u00eda de hoy se realiz\u00f3 una conferencia de prensa organizada por las Centrales de Trabajadores\u00a0 y los movimientos \u00a0sociales y gremiales, convocando a \u00a0la marcha por el d\u00eda internacional de la mujer.<\/p>\n<p><iframe loading=\"lazy\" title=\"CONFERENCIA DE PRENSA DE LAS TRABAJADORAS: 8M by FMR\" width=\"500\" height=\"450\" scrolling=\"no\" frameborder=\"no\" src=\"https:\/\/w.soundcloud.com\/player\/?visual=true&#038;url=https%3A%2F%2Fapi.soundcloud.com%2Fplaylists%2F466072914&#038;show_artwork=true&#038;maxheight=750&#038;maxwidth=500\"><\/iframe><\/p>\n<p>La Conferencia de prensa de trabajadoras comenz\u00f3 a las 10:30 hs en el monumento Canto Al Trabajo, ubicado en Paseo Col\u00f3n e Independencia, donde alzaron sus voces distintas referentes de organizaciones sociales, gremiales y sindicales. Durante la conferencia se ley\u00f3 un documento consensuado en un hecho hist\u00f3rico de unidad, en el marco del segundo paro internacional de mujeres. En el mismo se agrupan todos sus reclamos, tales como, igualdad de oportunidades y derechos, as\u00ed como tambi\u00e9n la aplicaci\u00f3n de la ley de emergencia alimentaria, entre otros.<\/p>\n<p>El #8M ya se vislumbra con una gran movilizaci\u00f3n de mujeres en todo el mundo y muy especialmente en Argentina, donde ya hay fecha en el Congreso para el debate por la Ley del Aborto Legal, Seguro y Gratuito. Sin duda un pas\u00f3 m\u00e1s en el camino al reconocimiento de los derechos de la mujer, as\u00ed como la igualdad de g\u00e9nero.<\/p>\n<p>Jaqueline Flores, secretaria de CTEP Capital se pronunci\u00f3 durante la conferencia: \u201cEn esta unidad de fuerza, de uni\u00f3n, de consciencia pero por sobre todas las cosas, de clase obrera, que sepan que venimos por todo lo que nos pertenece\u201d.<\/p>\n<p><img loading=\"lazy\" decoding=\"async\" class=\"alignnone size-medium wp-image-6512\" src=\"http:\/\/fmriachuelo.com.ar\/wp-content\/uploads\/2018\/03\/WhatsApp-Image-2018-03-07-at-11.05.45-300x200.jpeg\" alt=\"\" width=\"300\" height=\"200\" srcset=\"http:\/\/fmriachuelo.it10.com.ar\/wp-content\/uploads\/2018\/03\/WhatsApp-Image-2018-03-07-at-11.05.45-300x200.jpeg 300w, http:\/\/fmriachuelo.it10.com.ar\/wp-content\/uploads\/2018\/03\/WhatsApp-Image-2018-03-07-at-11.05.45-1024x683.jpeg 1024w, http:\/\/fmriachuelo.it10.com.ar\/wp-content\/uploads\/2018\/03\/WhatsApp-Image-2018-03-07-at-11.05.45-768x512.jpeg 768w, http:\/\/fmriachuelo.it10.com.ar\/wp-content\/uploads\/2018\/03\/WhatsApp-Image-2018-03-07-at-11.05.45-750x500.jpeg 750w, http:\/\/fmriachuelo.it10.com.ar\/wp-content\/uploads\/2018\/03\/WhatsApp-Image-2018-03-07-at-11.05.45-1140x760.jpeg 1140w, http:\/\/fmriachuelo.it10.com.ar\/wp-content\/uploads\/2018\/03\/WhatsApp-Image-2018-03-07-at-11.05.45.jpeg 1152w\" sizes=\"auto, (max-width: 300px) 100vw, 300px\" \/><\/p>\n<p>Por otro lado, Cristina Mena, secretaria de DDHH de CTEP se refiri\u00f3 a la unidad que se est\u00e1 dando en este \u00faltimo tiempo y argument\u00f3 que \u201choy en este lugar se refleja la heterogeneidad, pero la unidad al mismo tiempo. El crecimiento pol\u00edtico y el sentido de saber que el sistema es nuestro enemigo mas all\u00e1 de un presidente u otro\u201d.<\/p>\n<p>La conferencia finaliz\u00f3 con la convocatoria para ma\u00f1ana a las 15 hs en Avenida de Mayo, en donde ser\u00e1 el punto de inicio para la marcha por el d\u00eda internacional de la mujer y segundo paro internacional de mujeres.<\/p>\n<p><img loading=\"lazy\" decoding=\"async\" class=\"alignnone size-medium wp-image-6513\" src=\"http:\/\/fmriachuelo.com.ar\/wp-content\/uploads\/2018\/03\/WhatsApp-Image-2018-03-07-at-11.20.57-300x200.jpeg\" alt=\"\" width=\"300\" height=\"200\" srcset=\"http:\/\/fmriachuelo.it10.com.ar\/wp-content\/uploads\/2018\/03\/WhatsApp-Image-2018-03-07-at-11.20.57-300x200.jpeg 300w, http:\/\/fmriachuelo.it10.com.ar\/wp-content\/uploads\/2018\/03\/WhatsApp-Image-2018-03-07-at-11.20.57-1024x683.jpeg 1024w, http:\/\/fmriachuelo.it10.com.ar\/wp-content\/uploads\/2018\/03\/WhatsApp-Image-2018-03-07-at-11.20.57-768x512.jpeg 768w, http:\/\/fmriachuelo.it10.com.ar\/wp-content\/uploads\/2018\/03\/WhatsApp-Image-2018-03-07-at-11.20.57-750x500.jpeg 750w, http:\/\/fmriachuelo.it10.com.ar\/wp-content\/uploads\/2018\/03\/WhatsApp-Image-2018-03-07-at-11.20.57-1140x760.jpeg 1140w, http:\/\/fmriachuelo.it10.com.ar\/wp-content\/uploads\/2018\/03\/WhatsApp-Image-2018-03-07-at-11.20.57.jpeg 1152w\" sizes=\"auto, (max-width: 300px) 100vw, 300px\" \/><\/p>\n<p>&nbsp;<\/p>\n","protected":false},"excerpt":{"rendered":"<p>[FM Riachuelo 07\/03\/2018]Durante la ma\u00f1ana del d\u00eda de hoy se realiz\u00f3 una conferencia de prensa organizada por las Centrales de Trabajadores\u00a0 y los movimientos \u00a0sociales y gremiales, convocando a \u00a0la marcha por el d\u00eda internacional de la mujer. La Conferencia de prensa de trabajadoras comenz\u00f3 a las 10:30 hs en el monumento Canto Al Trabajo, [&hellip;]<\/p>\n","protected":false},"author":5,"featured_media":6511,"comment_status":"open","ping_status":"open","sticky":false,"template":"","format":"standard","meta":{"_monsterinsights_skip_tracking":false,"_monsterinsights_sitenote_active":false,"_monsterinsights_sitenote_note":"","_monsterinsights_sitenote_category":0,"jnews-multi-image_gallery":[],"jnews_single_post":[],"jnews_primary_category":[],"_joinchat":[],"footnotes":""},"categories":[79,76,77],"tags":[],"class_list":["post-6510","post","type-post","status-publish","format-standard","has-post-thumbnail","hentry","category-nadie-se-salva-solo","category-salud-comunitaria","category-soberania"],"_links":{"self":[{"href":"http:\/\/fmriachuelo.it10.com.ar\/index.php\/wp-json\/wp\/v2\/posts\/6510","targetHints":{"allow":["GET"]}}],"collection":[{"href":"http:\/\/fmriachuelo.it10.com.ar\/index.php\/wp-json\/wp\/v2\/posts"}],"about":[{"href":"http:\/\/fmriachuelo.it10.com.ar\/index.php\/wp-json\/wp\/v2\/types\/post"}],"author":[{"embeddable":true,"href":"http:\/\/fmriachuelo.it10.com.ar\/index.php\/wp-json\/wp\/v2\/users\/5"}],"replies":[{"embeddable":true,"href":"http:\/\/fmriachuelo.it10.com.ar\/index.php\/wp-json\/wp\/v2\/comments?post=6510"}],"version-history":[{"count":0,"href":"http:\/\/fmriachuelo.it10.com.ar\/index.php\/wp-json\/wp\/v2\/posts\/6510\/revisions"}],"wp:featuredmedia":[{"embeddable":true,"href":"http:\/\/fmriachuelo.it10.com.ar\/index.php\/wp-json\/wp\/v2\/media\/6511"}],"wp:attachment":[{"href":"http:\/\/fmriachuelo.it10.com.ar\/index.php\/wp-json\/wp\/v2\/media?parent=6510"}],"wp:term":[{"taxonomy":"category","embeddable":true,"href":"http:\/\/fmriachuelo.it10.com.ar\/index.php\/wp-json\/wp\/v2\/categories?post=6510"},{"taxonomy":"post_tag","embeddable":true,"href":"http:\/\/fmriachuelo.it10.com.ar\/index.php\/wp-json\/wp\/v2\/tags?post=6510"}],"curies":[{"name":"wp","href":"https:\/\/api.w.org\/{rel}","templated":true}]}}