{"id":651,"date":"2015-03-20T14:46:00","date_gmt":"2015-03-20T14:46:00","guid":{"rendered":"http:\/\/fmriachuelo.observatorioess.org.ar\/index.php\/2015\/03\/20\/la-boca-inauguracion-de-vivienda-construida-por-gestion-cooperativa\/"},"modified":"2025-03-27T12:09:13","modified_gmt":"2025-03-27T15:09:13","slug":"la-boca-inauguracion-de-vivienda-construida-por-gestion-cooperativa","status":"publish","type":"post","link":"http:\/\/fmriachuelo.it10.com.ar\/index.php\/2015\/03\/20\/la-boca-inauguracion-de-vivienda-construida-por-gestion-cooperativa\/","title":{"rendered":"LA BOCA: INAUGURACION DE VIVIENDA CONSTRUIDA POR GESTION COOPERATIVA"},"content":{"rendered":"<div style=\"clear: both;text-align: center\"><a href=\"http:\/\/1.bp.blogspot.com\/-hzxwW5eqBWo\/VQww82ozKRI\/AAAAAAAADMw\/3sWd7qg4J9I\/s1600\/Los-Pibes-2_opt.jpg\" style=\"margin-left: 1em;margin-right: 1em\"><img loading=\"lazy\" decoding=\"async\" border=\"0\" src=\"http:\/\/1.bp.blogspot.com\/-hzxwW5eqBWo\/VQww82ozKRI\/AAAAAAAADMw\/3sWd7qg4J9I\/s1600\/Los-Pibes-2_opt.jpg\" height=\"212\" width=\"320\" \/><\/a><\/div>\n<p><span style=\"color: red;font-family: Verdana, sans-serif;font-size: large\"><strong>Instant\u00e1neas: Vivienda digna no es solo un techo<\/strong><\/span><br \/><span style=\"font-family: Verdana, sans-serif\">Este domingo se inaugura en el barrio de la Boca un barrio construido y gestionado en forma cooperativa por la organizaci\u00f3n social Los Pibes. En el marco del lanzamiento de un Plan Nacional de H\u00e1bitat, un recorrido por las im\u00e1genes fundantes del sue\u00f1o de la vivienda propia.<br \/> Im\u00e1genes que se desarrollan en la Ciudad de Buenos Aires, durante doce a\u00f1os\u2026<br \/>2003. En las m\u00e1rgenes del Riachuelo una gran parte de los habitantes vive en condiciones indignas de extrema necesidad, hacinados en conventillos, piezas y hoteles. Un comedor asiste a los habitantes del barrio y a los propios compa\u00f1eros, primero como merendero para Los Pibes y luego para palear la imperiosa necesidad de alimentarse de los pobladores de la zona. Nacidos en los piquetes de los a\u00f1os noventa, en medio de la grave crisis social de la Argentina, empiezan a amasar la idea de gestionar las necesidades de vivienda de los compa\u00f1eros. As\u00ed empieza un proyecto.<br \/>2004. El 8 de marzo se constituye formalmente la Cooperativa de Vivienda Los Pibes, Co.Vi.L.Pi.<\/span><a name='more'><\/a><span style=\"font-family: Verdana, sans-serif\"><br \/>En las barriadas populares el terror se multiplica, pivoteando entre la falta de trabajo, el hambre y la alternativa de subsistencia, basada en la posibilidad de ser mano de obra barata para sostener un mercado que empujaba a los propios compa\u00f1eros al exterminio: el narcotr\u00e1fico.<\/p>\n<p>En ese contexto de miseria y exclusi\u00f3n, la CoViLPi le pelea al Instituto Nacional de Vivienda de la Ciudad (IVC) la aplicaci\u00f3n de la ley 341, que regula la entrega de fondos crediticios para las cooperativas. Una ley \u00fanica en el pa\u00eds que permite la gesti\u00f3n de cr\u00e9ditos a cooperativas de vivienda. Durante 10 a\u00f1os batallaron con el IVC, para que los recursos del Estado llegaran. Con ocupaciones de su edificio p\u00fablico, con piquetes, pernoctes y otras protestas, le dieron una dura batalla a la burocracia estatal que encontraba siempre un nuevo obst\u00e1culo para postergar la entrega de fondos.<\/span><br \/><span style=\"font-family: Verdana\"><\/span><\/p>\n<div style=\"clear: both;text-align: center\"><a href=\"http:\/\/3.bp.blogspot.com\/-bhHKtPUh81s\/VQwxiRZvqRI\/AAAAAAAADM4\/-NW2ecI4Tc0\/s1600\/Los-Pibes-3_opt.jpg\" style=\"margin-left: 1em;margin-right: 1em\"><img loading=\"lazy\" decoding=\"async\" border=\"0\" src=\"http:\/\/3.bp.blogspot.com\/-bhHKtPUh81s\/VQwxiRZvqRI\/AAAAAAAADM4\/-NW2ecI4Tc0\/s1600\/Los-Pibes-3_opt.jpg\" height=\"212\" width=\"320\" \/><\/a><\/div>\n<p><span style=\"font-family: Verdana, sans-serif\"><strong>Marzo de 2014<\/strong>. En el predio del obrador de la CO.VI.L.PI., se inaugura el Paseo de la Econom\u00eda Popular Mart\u00edn \u201cOso\u201d Cisneros, con el nombre del l\u00edder asesinado por los sicarios de la Comisar\u00eda 24 (que representan a los poderes oscuros del barrio) y se da inicio a la primera feria popular de la Ciudad, que trae directo desde el productor los frutos de su trabajo y hace frente a la ola especuladora de las grandes cadenas comercializadoras que se abusan del consumidor y del productor. De manera sostenida, durante todo el a\u00f1o los habitantes del barrio frecuentan cada mes el lugar para adquirir los productos frescos, sin intermediaci\u00f3n y a precios sin competencia. Mientras tanto, en el contexto de las necesidades territoriales, la Cooperativa forma parte de la Mesa de Vivienda y H\u00e1bitat de La Boca, junto a otras organizaciones barriales.<\/span><br \/><span style=\"font-family: Verdana\"><\/span><br \/><span style=\"font-family: Verdana, sans-serif\"><strong>Marzo de 2015.<\/strong> Despu\u00e9s de m\u00e1s de diez a\u00f1os de arduas gestiones y batallas en distintos frentes, 33 familias inauguran la casa propia. Un sue\u00f1o que parec\u00eda inalcanzable para las familias que hoy tienen acceso a una vivienda digna \u201cganada por la lucha\u201d.<\/p>\n<p>La satisfacci\u00f3n de vivienda no se termina en las necesidades propias. La pelea en una organizaci\u00f3n social y pol\u00edtica de 20 a\u00f1os de trayectoria implica hacer suyas las luchas del campo popular del que se sienten parte. Alcanzar una vivienda que dignifica la vida de las personas tambi\u00e9n implica la participaci\u00f3n en una red econ\u00f3mica surgida de la exclusi\u00f3n que perpetr\u00f3 violentamente el sistema neoliberal.<br \/> El nuevo sujeto social que pari\u00f3 el neoliberalismo encontr\u00f3 variadas y distintas formas de gestionar la subsistencia. Agremiados en la Confederaci\u00f3n de Trabajadores de la Econom\u00eda Popular, CTEP, a\u00fanan los frentes de batalla para encontrar mejores y m\u00e1s dignas condiciones de alcanzar el sustento de la vida propia. En ese marco, Los Pibes encabeza la Secretaria de Vivienda de la CTEP, donde junto a otros sectores organizados del terreno popular debaten y comparten los modos de encontrar respuestas a las necesidades de h\u00e1bitat.<br \/> Mientras, los participantes de esta experiencia singular no se cansan de repetir que se trata de \u201cuna lucha que reci\u00e9n comienza, porque mientras haya necesidades para el pueblo la lucha contin\u00faa\u201d.<\/span><\/p>\n<div style=\"clear: both;text-align: center\"><a href=\"http:\/\/1.bp.blogspot.com\/-ntFpYxbrmeI\/VQwyLa0ON4I\/AAAAAAAADNA\/TNayZIX9IkI\/s1600\/Los-Pibes-4.jpg\" style=\"margin-left: 1em;margin-right: 1em\"><img loading=\"lazy\" decoding=\"async\" border=\"0\" src=\"http:\/\/1.bp.blogspot.com\/-ntFpYxbrmeI\/VQwyLa0ON4I\/AAAAAAAADNA\/TNayZIX9IkI\/s1600\/Los-Pibes-4.jpg\" height=\"212\" width=\"320\" \/><\/a><\/div>\n<p><span style=\"font-family: Verdana, sans-serif\"><strong>Otra vez marzo de 2015<\/strong>, un mes muy especial. Este domingo 22 de marzo la organizaci\u00f3n recuerda el 55\u00ba natalicio de quien fuera su referencia fundacional y el presidente honorario de la cooperativa, asesinado por la lucha: Mart\u00edn \u201cOso\u201d Cisneros.<br \/> Se lo recuerda cada a\u00f1o con l\u00e1grimas y con alegr\u00eda: la pelea por la dignidad, pero este este 22 de marzo, adem\u00e1s, habr\u00e1 una inauguraci\u00f3n de casas y un sue\u00f1o cumplido; un justo homenaje a quien revive cada a\u00f1o.<\/p>\n<p>El acto ser\u00e1, adem\u00e1s, organizado por la CTEP como lanzamiento de un Plan Nacional de H\u00e1bitat y contar\u00e1 con la presencia de los mayores referentes del continente en materia de vivienda: la Federaci\u00f3n de Cooperativas de Vivienda, Fucvam.<\/span><br \/><span style=\"font-family: Verdana\"><\/span><br \/><span style=\"color: blue;font-family: Verdana\">Fuente: Vivian Palmbaum OSyP Los Pibes, Producci\u00f3n Riachuelo<\/span><\/p>\n<div style=\"clear: both;text-align: center\"><a href=\"http:\/\/3.bp.blogspot.com\/-W2jYKKhBCEY\/VQwtnGBGMrI\/AAAAAAAADMY\/bn4UlTVdDOY\/s1600\/COOP%2BRIACHIUELO%2BPRODUCCIONES.jpg\" style=\"clear: left;float: left;margin-bottom: 1em;margin-right: 1em\"><img loading=\"lazy\" decoding=\"async\" border=\"0\" src=\"http:\/\/3.bp.blogspot.com\/-W2jYKKhBCEY\/VQwtnGBGMrI\/AAAAAAAADMY\/bn4UlTVdDOY\/s1600\/COOP%2BRIACHIUELO%2BPRODUCCIONES.jpg\" height=\"58\" width=\"200\" \/><\/a><\/div>\n","protected":false},"excerpt":{"rendered":"<p>Instant\u00e1neas: Vivienda digna no es solo un techoEste domingo se inaugura en el barrio de la Boca un barrio construido y gestionado en forma cooperativa por la organizaci\u00f3n social Los Pibes. En el marco del lanzamiento de un Plan Nacional de H\u00e1bitat, un recorrido por las im\u00e1genes fundantes del sue\u00f1o de la vivienda propia. Im\u00e1genes [&hellip;]<\/p>\n","protected":false},"author":4,"featured_media":0,"comment_status":"open","ping_status":"open","sticky":false,"template":"","format":"standard","meta":{"_monsterinsights_skip_tracking":false,"_monsterinsights_sitenote_active":false,"_monsterinsights_sitenote_note":"","_monsterinsights_sitenote_category":0,"jnews-multi-image_gallery":[],"jnews_single_post":{"format":"standard"},"jnews_primary_category":[],"_joinchat":[],"footnotes":""},"categories":[58],"tags":[64,147,157],"class_list":["post-651","post","type-post","status-publish","format-standard","hentry","category-noticiariachuelo","tag-economia-popular","tag-habitat","tag-nadie-se-salva-solo"],"_links":{"self":[{"href":"http:\/\/fmriachuelo.it10.com.ar\/index.php\/wp-json\/wp\/v2\/posts\/651","targetHints":{"allow":["GET"]}}],"collection":[{"href":"http:\/\/fmriachuelo.it10.com.ar\/index.php\/wp-json\/wp\/v2\/posts"}],"about":[{"href":"http:\/\/fmriachuelo.it10.com.ar\/index.php\/wp-json\/wp\/v2\/types\/post"}],"author":[{"embeddable":true,"href":"http:\/\/fmriachuelo.it10.com.ar\/index.php\/wp-json\/wp\/v2\/users\/4"}],"replies":[{"embeddable":true,"href":"http:\/\/fmriachuelo.it10.com.ar\/index.php\/wp-json\/wp\/v2\/comments?post=651"}],"version-history":[{"count":1,"href":"http:\/\/fmriachuelo.it10.com.ar\/index.php\/wp-json\/wp\/v2\/posts\/651\/revisions"}],"predecessor-version":[{"id":22729,"href":"http:\/\/fmriachuelo.it10.com.ar\/index.php\/wp-json\/wp\/v2\/posts\/651\/revisions\/22729"}],"wp:attachment":[{"href":"http:\/\/fmriachuelo.it10.com.ar\/index.php\/wp-json\/wp\/v2\/media?parent=651"}],"wp:term":[{"taxonomy":"category","embeddable":true,"href":"http:\/\/fmriachuelo.it10.com.ar\/index.php\/wp-json\/wp\/v2\/categories?post=651"},{"taxonomy":"post_tag","embeddable":true,"href":"http:\/\/fmriachuelo.it10.com.ar\/index.php\/wp-json\/wp\/v2\/tags?post=651"}],"curies":[{"name":"wp","href":"https:\/\/api.w.org\/{rel}","templated":true}]}}