{"id":6507,"date":"2018-03-07T02:03:52","date_gmt":"2018-03-07T02:03:52","guid":{"rendered":"http:\/\/fmriachuelo.com.ar\/?p=6507"},"modified":"2018-03-07T02:03:52","modified_gmt":"2018-03-07T02:03:52","slug":"trabajadoras-de-la-economia-popular-se-preparan-para-el-8m","status":"publish","type":"post","link":"http:\/\/fmriachuelo.it10.com.ar\/index.php\/2018\/03\/07\/trabajadoras-de-la-economia-popular-se-preparan-para-el-8m\/","title":{"rendered":"TRABAJADORAS DE LA ECONOM\u00cdA POPULAR SE PREPARAN PARA EL #8M"},"content":{"rendered":"<p>[FM RIACHUELO 06\/03\/2018] Hoy se realiz\u00f3 una mateada en la Casa Popular \u201cEl Patio\u201d donde las mujeres de distintos espacios charlaron\u00a0 en asamblea de cara a la marcha y paro de mujeres del 8 de Marzo.<\/p>\n<p>Las pol\u00edticas neoliberales de ajuste, desocupaci\u00f3n y exclusi\u00f3n instrumentadas desde el ejecutivo nacional golpean especialmente a las mujeres de los barrios \u00a0m\u00e1s pobres \u00a0e incrementa la violencia machista \u00a0que se expresa de diversas maneras y sufren a diario las trabajadoras de nuestro pa\u00eds. Es por eso que las organizaciones territoriales y populares se encuentran en estos d\u00edas en un proceso de deliberaci\u00f3n y debate profundo, que permitir\u00e1 preparar a las mujeres para una jornada de lucha nacional el pr\u00f3ximo jueves.<\/p>\n<p>Nadia Mart\u00ednez, referente de la Organizaci\u00f3n Social y Pol\u00edtica Los Pibes, explic\u00f3 que \u201cLas mujeres tenemos un protagonismo fundamental en el nacimiento, desarrollo y sostenimiento de las organizaciones sociales que surgen en los \u00b490 y no pod\u00edamos ser menos en los grandes debates abiertos y pendientes que existen sobre el rol de la mujer. En este espacio nos encontramos las mujeres para hablar de estos temas que no son m\u00e1s que los temas de la lucha popular\u201d. Por su parte, Mara del comedor San Jorge, celebr\u00f3 la reuni\u00f3n \u201cque permiti\u00f3 que las mujeres militantes del territorio pudi\u00e9ramos encontrarnos. Para el jueves nos preparamos con muchas m\u00e1s ganas y organizaci\u00f3n que otros a\u00f1os\u201d.<\/p>\n<p>Ma\u00f1ana a las 10 hs en Independencia y Paseo Col\u00f3n, se llevar\u00e1 a cabo una conferencia de prensa de las trabajadoras de la Econom\u00eda Popular para convocar a la marcha y paro del 8M.<\/p>\n","protected":false},"excerpt":{"rendered":"<p>[FM RIACHUELO 06\/03\/2018] Hoy se realiz\u00f3 una mateada en la Casa Popular \u201cEl Patio\u201d donde las mujeres de distintos espacios charlaron\u00a0 en asamblea de cara a la marcha y paro de mujeres del 8 de Marzo. Las pol\u00edticas neoliberales de ajuste, desocupaci\u00f3n y exclusi\u00f3n instrumentadas desde el ejecutivo nacional golpean especialmente a las mujeres de [&hellip;]<\/p>\n","protected":false},"author":5,"featured_media":6508,"comment_status":"open","ping_status":"open","sticky":false,"template":"","format":"standard","meta":{"_monsterinsights_skip_tracking":false,"_monsterinsights_sitenote_active":false,"_monsterinsights_sitenote_note":"","_monsterinsights_sitenote_category":0,"jnews-multi-image_gallery":[],"jnews_single_post":[],"jnews_primary_category":[],"_joinchat":[],"footnotes":""},"categories":[78,76],"tags":[],"class_list":["post-6507","post","type-post","status-publish","format-standard","has-post-thumbnail","hentry","category-economia-popular","category-salud-comunitaria"],"_links":{"self":[{"href":"http:\/\/fmriachuelo.it10.com.ar\/index.php\/wp-json\/wp\/v2\/posts\/6507","targetHints":{"allow":["GET"]}}],"collection":[{"href":"http:\/\/fmriachuelo.it10.com.ar\/index.php\/wp-json\/wp\/v2\/posts"}],"about":[{"href":"http:\/\/fmriachuelo.it10.com.ar\/index.php\/wp-json\/wp\/v2\/types\/post"}],"author":[{"embeddable":true,"href":"http:\/\/fmriachuelo.it10.com.ar\/index.php\/wp-json\/wp\/v2\/users\/5"}],"replies":[{"embeddable":true,"href":"http:\/\/fmriachuelo.it10.com.ar\/index.php\/wp-json\/wp\/v2\/comments?post=6507"}],"version-history":[{"count":0,"href":"http:\/\/fmriachuelo.it10.com.ar\/index.php\/wp-json\/wp\/v2\/posts\/6507\/revisions"}],"wp:featuredmedia":[{"embeddable":true,"href":"http:\/\/fmriachuelo.it10.com.ar\/index.php\/wp-json\/wp\/v2\/media\/6508"}],"wp:attachment":[{"href":"http:\/\/fmriachuelo.it10.com.ar\/index.php\/wp-json\/wp\/v2\/media?parent=6507"}],"wp:term":[{"taxonomy":"category","embeddable":true,"href":"http:\/\/fmriachuelo.it10.com.ar\/index.php\/wp-json\/wp\/v2\/categories?post=6507"},{"taxonomy":"post_tag","embeddable":true,"href":"http:\/\/fmriachuelo.it10.com.ar\/index.php\/wp-json\/wp\/v2\/tags?post=6507"}],"curies":[{"name":"wp","href":"https:\/\/api.w.org\/{rel}","templated":true}]}}