{"id":6502,"date":"2018-03-06T15:17:32","date_gmt":"2018-03-06T15:17:32","guid":{"rendered":"http:\/\/fmriachuelo.com.ar\/?p=6502"},"modified":"2018-03-06T15:17:32","modified_gmt":"2018-03-06T15:17:32","slug":"plenario-y-asamblea-de-ctep-capital-continuidad-en-la-lucha","status":"publish","type":"post","link":"http:\/\/fmriachuelo.it10.com.ar\/index.php\/2018\/03\/06\/plenario-y-asamblea-de-ctep-capital-continuidad-en-la-lucha\/","title":{"rendered":"PLENARIO Y ASAMBLEA DE CTEP CAPITAL: CONTINUIDAD EN LA LUCHA"},"content":{"rendered":"<p>[FM Riachuelo 06\/03\/2018] Ayer por la tarde en Plaza Miserere se realiz\u00f3 un nuevo plenario de \u00a0la Confederaci\u00f3n de Trabajadores de la Econom\u00eda Popular en el marco de las negociaciones que mantienen con el gobierno, las cuales por el momento se encuentran trabadas.<\/p>\n<p><iframe loading=\"lazy\" title=\"06-03-2018 - PLENARIO Y ASAMBLEA DE CTEP CAPITAL: CONTINUIDAD EN LA LUCHA by FMR\" width=\"500\" height=\"450\" scrolling=\"no\" frameborder=\"no\" src=\"https:\/\/w.soundcloud.com\/player\/?visual=true&#038;url=https%3A%2F%2Fapi.soundcloud.com%2Fplaylists%2F465244341&#038;show_artwork=true&#038;maxheight=750&#038;maxwidth=500\"><\/iframe><\/p>\n<p>La CTEP expectante ante las resoluciones que vaya a tomar el gobierno durante la pr\u00f3xima reuni\u00f3n, llev\u00f3 a cabo un plenario de delegados para fortalecer lo que se viene trabajando, as\u00ed como tambi\u00e9n preparar posibles medidas de lucha en caso de no recibir respuestas la semana pr\u00f3xima.<\/p>\n<p>Marta Sanagua de la Organizaci\u00f3n Social y Pol\u00edtica Los Pibes, se pronunci\u00f3 al respecto: \u201cVamos a seguir estando en la calle en pie de lucha, porque todo lo que venimos conquistando nos lo est\u00e1n queriendo arrancar de las manos y no vamos a permitir ning\u00fan atropello de este gobierno. Pedimos lo que nos corresponde, laburo, hospitales, escuelas, que nuestros pibes puedan vivir tranquilos, adem\u00e1s de trabajo genuino para los trabajadorxs \u201d.<\/p>\n<p>Por otro lado, Eduardo de la 22 de Agosto expres\u00f3 su descontento con las medidas del mal gobierno de Mauricio Macri y manifest\u00f3: \u201cla CTEP se ha convertido en un sujeto importante que se ha visibilizado. \u00a0Somos el sindicato de los precarizados que le hemos dado forma a esta herramienta sindical\u201d. \u00a0Adem\u00e1s dijo : \u201cSomos una fuerte presencia para doblegar algunas burocracias a la hora de la lucha. Desde que asumi\u00f3 el gobierno y tomo medidas impopulares, la CTEP ha estado\u201d.<\/p>\n<p>Mientras tanto, en medio de la\u00a0 Asamblea, las compa\u00f1eras de CTEP \u00a0comenzaron a preparar todo para el #8M, \u00a0donde esperan decir presente como organizaci\u00f3n y que las mismas mujeres formen <strong>\u201cuna punta de lanza que sirva como reflejo y ejemplo\u201d<\/strong>, en el camino al reconocimiento de igualdad y derechos de la mujer.<\/p>\n<p><img loading=\"lazy\" decoding=\"async\" class=\"alignnone size-medium wp-image-6503\" src=\"http:\/\/fmriachuelo.com.ar\/wp-content\/uploads\/2018\/03\/WhatsApp-Image-2018-03-05-at-18.40.15-300x200.jpeg\" alt=\"\" width=\"300\" height=\"200\" srcset=\"http:\/\/fmriachuelo.it10.com.ar\/wp-content\/uploads\/2018\/03\/WhatsApp-Image-2018-03-05-at-18.40.15-300x200.jpeg 300w, http:\/\/fmriachuelo.it10.com.ar\/wp-content\/uploads\/2018\/03\/WhatsApp-Image-2018-03-05-at-18.40.15-1024x682.jpeg 1024w, http:\/\/fmriachuelo.it10.com.ar\/wp-content\/uploads\/2018\/03\/WhatsApp-Image-2018-03-05-at-18.40.15-768x512.jpeg 768w, http:\/\/fmriachuelo.it10.com.ar\/wp-content\/uploads\/2018\/03\/WhatsApp-Image-2018-03-05-at-18.40.15-750x500.jpeg 750w, http:\/\/fmriachuelo.it10.com.ar\/wp-content\/uploads\/2018\/03\/WhatsApp-Image-2018-03-05-at-18.40.15-1140x760.jpeg 1140w, http:\/\/fmriachuelo.it10.com.ar\/wp-content\/uploads\/2018\/03\/WhatsApp-Image-2018-03-05-at-18.40.15.jpeg 1280w\" sizes=\"auto, (max-width: 300px) 100vw, 300px\" \/> <img loading=\"lazy\" decoding=\"async\" class=\"alignnone size-medium wp-image-6504\" src=\"http:\/\/fmriachuelo.com.ar\/wp-content\/uploads\/2018\/03\/WhatsApp-Image-2018-03-05-at-18.41.35-300x200.jpeg\" alt=\"\" width=\"300\" height=\"200\" srcset=\"http:\/\/fmriachuelo.it10.com.ar\/wp-content\/uploads\/2018\/03\/WhatsApp-Image-2018-03-05-at-18.41.35-300x200.jpeg 300w, http:\/\/fmriachuelo.it10.com.ar\/wp-content\/uploads\/2018\/03\/WhatsApp-Image-2018-03-05-at-18.41.35-1024x682.jpeg 1024w, http:\/\/fmriachuelo.it10.com.ar\/wp-content\/uploads\/2018\/03\/WhatsApp-Image-2018-03-05-at-18.41.35-768x512.jpeg 768w, http:\/\/fmriachuelo.it10.com.ar\/wp-content\/uploads\/2018\/03\/WhatsApp-Image-2018-03-05-at-18.41.35-750x500.jpeg 750w, http:\/\/fmriachuelo.it10.com.ar\/wp-content\/uploads\/2018\/03\/WhatsApp-Image-2018-03-05-at-18.41.35-1140x760.jpeg 1140w, http:\/\/fmriachuelo.it10.com.ar\/wp-content\/uploads\/2018\/03\/WhatsApp-Image-2018-03-05-at-18.41.35.jpeg 1280w\" sizes=\"auto, (max-width: 300px) 100vw, 300px\" \/><\/p>\n","protected":false},"excerpt":{"rendered":"<p>[FM Riachuelo 06\/03\/2018] Ayer por la tarde en Plaza Miserere se realiz\u00f3 un nuevo plenario de \u00a0la Confederaci\u00f3n de Trabajadores de la Econom\u00eda Popular en el marco de las negociaciones que mantienen con el gobierno, las cuales por el momento se encuentran trabadas. La CTEP expectante ante las resoluciones que vaya a tomar el gobierno [&hellip;]<\/p>\n","protected":false},"author":5,"featured_media":6506,"comment_status":"open","ping_status":"open","sticky":false,"template":"","format":"standard","meta":{"_monsterinsights_skip_tracking":false,"_monsterinsights_sitenote_active":false,"_monsterinsights_sitenote_note":"","_monsterinsights_sitenote_category":0,"jnews-multi-image_gallery":[],"jnews_single_post":[],"jnews_primary_category":[],"_joinchat":[],"footnotes":""},"categories":[78,76,75],"tags":[],"class_list":["post-6502","post","type-post","status-publish","format-standard","has-post-thumbnail","hentry","category-economia-popular","category-salud-comunitaria","category-trabajo"],"_links":{"self":[{"href":"http:\/\/fmriachuelo.it10.com.ar\/index.php\/wp-json\/wp\/v2\/posts\/6502","targetHints":{"allow":["GET"]}}],"collection":[{"href":"http:\/\/fmriachuelo.it10.com.ar\/index.php\/wp-json\/wp\/v2\/posts"}],"about":[{"href":"http:\/\/fmriachuelo.it10.com.ar\/index.php\/wp-json\/wp\/v2\/types\/post"}],"author":[{"embeddable":true,"href":"http:\/\/fmriachuelo.it10.com.ar\/index.php\/wp-json\/wp\/v2\/users\/5"}],"replies":[{"embeddable":true,"href":"http:\/\/fmriachuelo.it10.com.ar\/index.php\/wp-json\/wp\/v2\/comments?post=6502"}],"version-history":[{"count":0,"href":"http:\/\/fmriachuelo.it10.com.ar\/index.php\/wp-json\/wp\/v2\/posts\/6502\/revisions"}],"wp:featuredmedia":[{"embeddable":true,"href":"http:\/\/fmriachuelo.it10.com.ar\/index.php\/wp-json\/wp\/v2\/media\/6506"}],"wp:attachment":[{"href":"http:\/\/fmriachuelo.it10.com.ar\/index.php\/wp-json\/wp\/v2\/media?parent=6502"}],"wp:term":[{"taxonomy":"category","embeddable":true,"href":"http:\/\/fmriachuelo.it10.com.ar\/index.php\/wp-json\/wp\/v2\/categories?post=6502"},{"taxonomy":"post_tag","embeddable":true,"href":"http:\/\/fmriachuelo.it10.com.ar\/index.php\/wp-json\/wp\/v2\/tags?post=6502"}],"curies":[{"name":"wp","href":"https:\/\/api.w.org\/{rel}","templated":true}]}}