{"id":65,"date":"2021-08-06T15:08:53","date_gmt":"2021-08-06T15:08:53","guid":{"rendered":"http:\/\/fmriachuelo.it10.com.ar\/?p=65"},"modified":"2025-02-12T13:41:40","modified_gmt":"2025-02-12T16:41:40","slug":"san-cayetano-la-union-de-la-fe-la-vida-y-estas-luchas-es-absolutamente-necesaria","status":"publish","type":"post","link":"http:\/\/fmriachuelo.it10.com.ar\/index.php\/2021\/08\/06\/san-cayetano-la-union-de-la-fe-la-vida-y-estas-luchas-es-absolutamente-necesaria\/","title":{"rendered":"SAN CAYETANO: \u201cLA UNI\u00d3N DE LA FE, LA VIDA Y ESTAS LUCHAS ES ABSOLUTAMENTE NECESARIA\u201d"},"content":{"rendered":"\n<p><strong>[FM Riachuelo 05\/08\/2021] En el programa Haciendo L\u00edo de Misioneros de Francisco (Jueves 16 a 17 hs.) conversaron con <\/strong><strong>Enrique Palmeyro, Director Mundial de Scholas Ocurrentes, a d\u00edas de la movilizaci\u00f3n por San Cayetano convocada por la Uni\u00f3n de Trabajadores y trabajadoras de la Econom\u00eda Popular (UTEP). La misma se desarrollar\u00e1 el s\u00e1bado 7 de agosto, d\u00eda en que se conmemora al santo patrono del trabajo, partiendo de Liniers hasta Plaza de Mayo para empujar la agenda de \u201cTierra, Techo y Trabajo\u201d.<\/strong><\/p>\n\n\n\n<p>Palmeyro cont\u00f3 c\u00f3mo se gest\u00f3 la hist\u00f3rica Movilizaci\u00f3n de 2016 propuesta en ese momento por el Movimiento Misioneros de Francisco: <em>\u201cera un momento dif\u00edcil, al inicio del gobierno de cambiemos y convocamos a todos para el domingo 7 de Agosto, apuntando a la unidad de todos las organizaciones y los movimientos que integraban la CTEP, y se gest\u00f3 esa gran marcha que dio pie a la implementaci\u00f3n de la ley de Emergencia Social. El objetivo fue siempre el de acompa\u00f1ar el trabajo de la econom\u00eda popular que no es m\u00e1s que el modo que tiene la cultura popular de desarrollar su trabajo en sus diferentes ramas, el trabajo en los barrios, los servicios comunitarios, la infraestructura social, acompa\u00f1arlo con un complemento salarial y las herramientas necesarias\u201d&nbsp;&nbsp;<\/em><\/p>\n\n\n\n<p>Tambi\u00e9n hizo referencia a las palabras del Papa Francisco con respecto a la importancia de cultivar lo comunitario y record\u00f3 c\u00f3mo fue su trabajo junto al Santo Padre y la importante misi\u00f3n del pont\u00edfice ante las injusticias del mundo actual: <em>\u201ctengo la gracia de trabajar con \u00e9l desde el 98. Una de las cosas que m\u00e1s me impacta, algo que nunca perdi\u00f3 a\u00fan siendo Papa es esa capacidad de cercan\u00eda, de hablar llano, de tratar de estar cerca y prestar atenci\u00f3n a quien tiene enfrente. Sobre todo, Francisco es un ser humano emp\u00e1tico, cercano y \u00e9l, con valent\u00eda va dejando la vida denunciando tantas injusticias que hay en el mundo.\u201d<\/em><\/p>\n\n\n\n<p>Ante la consulta sobre el crecimiento del Movimiento Misioneros de Francisco, expres\u00f3: <em>\u201cva creciendo como dec\u00eda Francisco, como agua que se va derramando despacito sobre tierra reseca y de a poquito va penetrando, sin hacer mucho ruido, pero fecundando y d\u00e1ndole lugar al pueblo que vive su fe, su fe en la virgen, en los santos, en San Cayetano. Ese pueblo que vive la fe es lo que expresa Misioneros de Francisco y esa fe tambi\u00e9n va evangelizando a ese mundo que le cuesta entender que no se puede vivir consumiendo, malgastando y deteriorando a la madre tierra. Ese pueblo que va viviendo la fe ense\u00f1a y Misioneros de Francisco va dando cauce a esa realidad.\u201d<\/em><\/p>\n\n\n\n<p>Para finalizar deja un mensaje para los misioneros y misioneras que caminar\u00e1n este s\u00e1bado acompa\u00f1ando la lucha junto con la fe: <em>\u201cno tener miedo, con coraje acompa\u00f1ar estas luchas y con paciencia poder hacer ver las necesidades y los reclamos. Esa uni\u00f3n de la fe y la vida y esas luchas es absolutamente necesaria. Es hermoso que los misioneros y misioneras j\u00f3venes vayan asumiendo y profundizando cada vez m\u00e1s esas banderas\u201d.<\/em><\/p>\n","protected":false},"excerpt":{"rendered":"<p>[FM Riachuelo 05\/08\/2021] En el programa Haciendo L\u00edo de Misioneros de Francisco (Jueves 16 a 17 hs.) conversaron con Enrique Palmeyro, Director Mundial de Scholas Ocurrentes, a d\u00edas de la movilizaci\u00f3n por San Cayetano convocada por la Uni\u00f3n de Trabajadores y trabajadoras de la Econom\u00eda Popular (UTEP). La misma se desarrollar\u00e1 el s\u00e1bado 7 de [&hellip;]<\/p>\n","protected":false},"author":1,"featured_media":66,"comment_status":"open","ping_status":"open","sticky":false,"template":"","format":"standard","meta":{"_monsterinsights_skip_tracking":false,"_monsterinsights_sitenote_active":false,"_monsterinsights_sitenote_note":"","_monsterinsights_sitenote_category":0,"jnews-multi-image_gallery":[],"jnews_single_post":{"subtitle":"","format":"standard","video":"","gallery":"","source_name":"","source_url":"","via_name":"","via_url":"","override":[{"template":"1","single_blog_custom":"","parallax":"1","fullscreen":"1","layout":"right-sidebar","sidebar":"default-sidebar","second_sidebar":"default-sidebar","sticky_sidebar":"1","share_position":"top","share_float_style":"share-monocrhome","show_share_counter":"1","show_view_counter":"1","show_featured":"1","show_post_meta":"1","show_post_author":"1","show_post_author_image":"1","show_post_date":"1","post_date_format":"default","post_date_format_custom":"Y\/m\/d","show_post_category":"1","post_reading_time_wpm":"300","zoom_button_out_step":"2","zoom_button_in_step":"3","show_post_tag":"1","show_prev_next_post":"1","show_popup_post":"1","number_popup_post":"1"}],"image_override":[{"single_post_thumbnail_size":"crop-500","single_post_gallery_size":"crop-500"}],"trending_post_position":"meta","trending_post_label":"Trending","sponsored_post_label":"Sponsored by","sponsored_post_name":"","sponsored_post_url":"","sponsored_post_logo":"","sponsored_post_desc":""},"jnews_primary_category":{"id":""},"_joinchat":[],"footnotes":""},"categories":[79,58,74],"tags":[],"class_list":["post-65","post","type-post","status-publish","format-standard","has-post-thumbnail","hentry","category-nadie-se-salva-solo","category-noticiariachuelo","category-san-cayetano"],"_links":{"self":[{"href":"http:\/\/fmriachuelo.it10.com.ar\/index.php\/wp-json\/wp\/v2\/posts\/65","targetHints":{"allow":["GET"]}}],"collection":[{"href":"http:\/\/fmriachuelo.it10.com.ar\/index.php\/wp-json\/wp\/v2\/posts"}],"about":[{"href":"http:\/\/fmriachuelo.it10.com.ar\/index.php\/wp-json\/wp\/v2\/types\/post"}],"author":[{"embeddable":true,"href":"http:\/\/fmriachuelo.it10.com.ar\/index.php\/wp-json\/wp\/v2\/users\/1"}],"replies":[{"embeddable":true,"href":"http:\/\/fmriachuelo.it10.com.ar\/index.php\/wp-json\/wp\/v2\/comments?post=65"}],"version-history":[{"count":1,"href":"http:\/\/fmriachuelo.it10.com.ar\/index.php\/wp-json\/wp\/v2\/posts\/65\/revisions"}],"predecessor-version":[{"id":67,"href":"http:\/\/fmriachuelo.it10.com.ar\/index.php\/wp-json\/wp\/v2\/posts\/65\/revisions\/67"}],"wp:featuredmedia":[{"embeddable":true,"href":"http:\/\/fmriachuelo.it10.com.ar\/index.php\/wp-json\/wp\/v2\/media\/66"}],"wp:attachment":[{"href":"http:\/\/fmriachuelo.it10.com.ar\/index.php\/wp-json\/wp\/v2\/media?parent=65"}],"wp:term":[{"taxonomy":"category","embeddable":true,"href":"http:\/\/fmriachuelo.it10.com.ar\/index.php\/wp-json\/wp\/v2\/categories?post=65"},{"taxonomy":"post_tag","embeddable":true,"href":"http:\/\/fmriachuelo.it10.com.ar\/index.php\/wp-json\/wp\/v2\/tags?post=65"}],"curies":[{"name":"wp","href":"https:\/\/api.w.org\/{rel}","templated":true}]}}