{"id":6491,"date":"2018-03-06T14:15:32","date_gmt":"2018-03-06T14:15:32","guid":{"rendered":"http:\/\/fmriachuelo.com.ar\/?p=6491"},"modified":"2018-03-06T14:15:32","modified_gmt":"2018-03-06T14:15:32","slug":"importante-movilizacion-y-paro-nacional-docente-contra-el-gobierno-de-macri","status":"publish","type":"post","link":"http:\/\/fmriachuelo.it10.com.ar\/index.php\/2018\/03\/06\/importante-movilizacion-y-paro-nacional-docente-contra-el-gobierno-de-macri\/","title":{"rendered":"IMPORTANTE MOVILIZACI\u00d3N Y PARO NACIONAL DOCENTE CONTRA EL GOBIERNO DE MACRI."},"content":{"rendered":"<p>[FM Riachuelo 06\/03\/2018] Ayer se realiz\u00f3 una masiva movilizaci\u00f3n de los docentes\u00a0 al Congreso Nacional acompa\u00f1ados por las organizaciones sociales, donde estuvieron presentes la Confederaci\u00f3n de Trabajadores de la Econom\u00eda Popular (CTEP), la Corriente Clasista y Combativa (CCC)\u00a0 Barrios de Pie, y adem\u00e1s\u00a0 distintas agrupaciones gremiales.\u00a0 El primer d\u00eda de paro tuvo gran acatamiento y fue un \u00a0pronunciamiento contra la pol\u00edtica anti-educativa y los techos salariales del Gobierno neoliberal.<\/p>\n<p>Luego de un plenario de delegados de todo el pa\u00eds, la\u00a0Confederaci\u00f3n de Trabajadores de la Educaci\u00f3n de la Rep\u00fablica Argentina (CTERA) hab\u00eda\u00a0anunciado un paro nacional de 48 horas para el \u00a05 y \u00a06 de marzo con una movilizaci\u00f3n desde el Congreso al Ministerio de Educaci\u00f3n de la Naci\u00f3n, a las 11:30 horas.<\/p>\n<p>Ayer no se iniciaron las clases en 17 provincias. Son los distritos en los que sus gobernadores quieren imponer el techo salarial a los docentes para aplicar el pacto fiscal que firmaron con Macri. En educaci\u00f3n el ajuste implica el congelamiento de los cargos y que se destine menos presupuesto, adem\u00e1s del recorte del fondo compensador a las provincias m\u00e1s pobres (destinada \u00a0por el gobierno nacional para infraestructura y salarios docentes) \u00a0y el congelamiento del fondo de incentivo docente desde 2016.<\/p>\n<p><img loading=\"lazy\" decoding=\"async\" class=\"alignnone size-medium wp-image-6494\" src=\"http:\/\/fmriachuelo.com.ar\/wp-content\/uploads\/2018\/03\/WhatsApp-Image-2018-03-05-at-12.53.04-300x200.jpeg\" alt=\"\" width=\"300\" height=\"200\" srcset=\"http:\/\/fmriachuelo.it10.com.ar\/wp-content\/uploads\/2018\/03\/WhatsApp-Image-2018-03-05-at-12.53.04-300x200.jpeg 300w, http:\/\/fmriachuelo.it10.com.ar\/wp-content\/uploads\/2018\/03\/WhatsApp-Image-2018-03-05-at-12.53.04-1024x683.jpeg 1024w, http:\/\/fmriachuelo.it10.com.ar\/wp-content\/uploads\/2018\/03\/WhatsApp-Image-2018-03-05-at-12.53.04-768x512.jpeg 768w, http:\/\/fmriachuelo.it10.com.ar\/wp-content\/uploads\/2018\/03\/WhatsApp-Image-2018-03-05-at-12.53.04-750x500.jpeg 750w, http:\/\/fmriachuelo.it10.com.ar\/wp-content\/uploads\/2018\/03\/WhatsApp-Image-2018-03-05-at-12.53.04-1140x760.jpeg 1140w, http:\/\/fmriachuelo.it10.com.ar\/wp-content\/uploads\/2018\/03\/WhatsApp-Image-2018-03-05-at-12.53.04.jpeg 1152w\" sizes=\"auto, (max-width: 300px) 100vw, 300px\" \/>\u00a0 \u00a0 \u00a0<img loading=\"lazy\" decoding=\"async\" class=\"alignnone size-medium wp-image-6496\" src=\"http:\/\/fmriachuelo.com.ar\/wp-content\/uploads\/2018\/03\/WhatsApp-Image-2018-03-05-at-12.52.53-300x200.jpeg\" alt=\"\" width=\"300\" height=\"200\" srcset=\"http:\/\/fmriachuelo.it10.com.ar\/wp-content\/uploads\/2018\/03\/WhatsApp-Image-2018-03-05-at-12.52.53-300x200.jpeg 300w, http:\/\/fmriachuelo.it10.com.ar\/wp-content\/uploads\/2018\/03\/WhatsApp-Image-2018-03-05-at-12.52.53-1024x683.jpeg 1024w, http:\/\/fmriachuelo.it10.com.ar\/wp-content\/uploads\/2018\/03\/WhatsApp-Image-2018-03-05-at-12.52.53-768x512.jpeg 768w, http:\/\/fmriachuelo.it10.com.ar\/wp-content\/uploads\/2018\/03\/WhatsApp-Image-2018-03-05-at-12.52.53-750x500.jpeg 750w, http:\/\/fmriachuelo.it10.com.ar\/wp-content\/uploads\/2018\/03\/WhatsApp-Image-2018-03-05-at-12.52.53-1140x760.jpeg 1140w, http:\/\/fmriachuelo.it10.com.ar\/wp-content\/uploads\/2018\/03\/WhatsApp-Image-2018-03-05-at-12.52.53.jpeg 1152w\" sizes=\"auto, (max-width: 300px) 100vw, 300px\" \/><\/p>\n<p>Fue una jornada de lucha que cont\u00f3 con el apoyo del pueblo trabajador que se expres\u00f3 en la calle, representando a la poblaci\u00f3n que considera que el reclamo docente es justo y que el responsable del conflicto educativo es el Gobierno.<\/p>\n<p>La secretaria general\u00a0 de CTERA,\u00a0Sonia Alesso\u00a0plante\u00f3 que el gobierno incumple la\u00a0Ley de Financiamiento Educativo, que establece la convocatoria a la paritaria nacional docente y dijo: \u201cEn el 2016, con esta misma gesti\u00f3n hubo paritaria nacional docente y los problemas se solucionaron. Muy distinto a lo que ocurri\u00f3 en el 2017 y lo que va de este a\u00f1o, que no tuvimos reuni\u00f3n y tuvimos un decreto que viola la libertad sindical y la democracia sindical\u201d<\/p>\n<p>El Secretario General de CTEP Esteban \u201cGringo\u201d Castro habl\u00f3 con Fm riachuelo y se refiri\u00f3 a \u201cLa uni\u00f3n de los trabajadores y las organizaciones de la Econom\u00eda Popular tan necesaria para luchar contra este gobierno neoliberal, armando una nueva columna vertebral entre todos y acompa\u00f1ando los reclamos de todos los sindicatos que est\u00e1n siendo estigmatizados, y defender la lucha por los salarios, pero adem\u00e1s acompa\u00f1ar la lucha que \u00a0es tambi\u00e9n por el proyecto de pa\u00eds que queremos los trabajadorxs\u201d.<\/p>\n<p>Juan Grabois dirigente de CTEP dijo: \u201cEstamos presentes porque todxs nuestros hijxs van a la escuela p\u00fablica, los maestrxs son los que ponen el cuerpo para acompa\u00f1ar el proceso de crecimiento de nuestros chicxs, y adem\u00e1s estamos aqu\u00ed para ratificar y consolidar la unidad de los trabajadores del sector p\u00fablico y de la econom\u00eda popular para no permitir que nos dividan\u201d.<\/p>\n<p>FM Riachuelo entrevist\u00f3 a Roberto Baradel,Secretario general del Sindicato Unificado de Trabajadores de la Educaci\u00f3n de Buenos Aires, (SUTEBA) quien nos dijo: \u201dEs muy importante la uni\u00f3n de los trabajadorxs, construyendo una masa cr\u00edtica que le diga que no a las pol\u00edticas de ajuste de Macri\u201d.<\/p>\n<p>Luego Hugo Yasky, actual \u00a0Secretario de la CTA en el cierre del acto dijo \u201cQuiero expresarles el\u00a0 orgullo de \u00a0ver c\u00f3mo lxs maestrxs muestran su dignidad y la expresan en este reclamo, \u00a0le decimos a este Gobierno que no mientan m\u00e1s con las estad\u00edsticas oficiales, nadie por m\u00e1s agravio y ofensas que hagan contra nosotrxs nos har\u00e1 olvidar que una maestra y un maestro valen m\u00e1s que todos estos marcadores y estad\u00edsticas con las que solo \u00a0quieren mercantilizar la escuela p\u00fablica\u201d.<\/p>\n<p><img loading=\"lazy\" decoding=\"async\" class=\"alignnone size-medium wp-image-6497\" src=\"http:\/\/fmriachuelo.com.ar\/wp-content\/uploads\/2018\/03\/WhatsApp-Image-2018-03-05-at-12.53.02-300x200.jpeg\" alt=\"\" width=\"300\" height=\"200\" srcset=\"http:\/\/fmriachuelo.it10.com.ar\/wp-content\/uploads\/2018\/03\/WhatsApp-Image-2018-03-05-at-12.53.02-300x200.jpeg 300w, http:\/\/fmriachuelo.it10.com.ar\/wp-content\/uploads\/2018\/03\/WhatsApp-Image-2018-03-05-at-12.53.02-1024x683.jpeg 1024w, http:\/\/fmriachuelo.it10.com.ar\/wp-content\/uploads\/2018\/03\/WhatsApp-Image-2018-03-05-at-12.53.02-768x512.jpeg 768w, http:\/\/fmriachuelo.it10.com.ar\/wp-content\/uploads\/2018\/03\/WhatsApp-Image-2018-03-05-at-12.53.02-750x500.jpeg 750w, http:\/\/fmriachuelo.it10.com.ar\/wp-content\/uploads\/2018\/03\/WhatsApp-Image-2018-03-05-at-12.53.02-1140x760.jpeg 1140w, http:\/\/fmriachuelo.it10.com.ar\/wp-content\/uploads\/2018\/03\/WhatsApp-Image-2018-03-05-at-12.53.02.jpeg 1152w\" sizes=\"auto, (max-width: 300px) 100vw, 300px\" \/>\u00a0\u00a0<img loading=\"lazy\" decoding=\"async\" class=\"alignnone size-medium wp-image-6498\" src=\"http:\/\/fmriachuelo.com.ar\/wp-content\/uploads\/2018\/03\/WhatsApp-Image-2018-03-05-at-12.53.13-300x200.jpeg\" alt=\"\" width=\"300\" height=\"200\" srcset=\"http:\/\/fmriachuelo.it10.com.ar\/wp-content\/uploads\/2018\/03\/WhatsApp-Image-2018-03-05-at-12.53.13-300x200.jpeg 300w, http:\/\/fmriachuelo.it10.com.ar\/wp-content\/uploads\/2018\/03\/WhatsApp-Image-2018-03-05-at-12.53.13-1024x683.jpeg 1024w, http:\/\/fmriachuelo.it10.com.ar\/wp-content\/uploads\/2018\/03\/WhatsApp-Image-2018-03-05-at-12.53.13-768x512.jpeg 768w, http:\/\/fmriachuelo.it10.com.ar\/wp-content\/uploads\/2018\/03\/WhatsApp-Image-2018-03-05-at-12.53.13-750x500.jpeg 750w, http:\/\/fmriachuelo.it10.com.ar\/wp-content\/uploads\/2018\/03\/WhatsApp-Image-2018-03-05-at-12.53.13-1140x760.jpeg 1140w, http:\/\/fmriachuelo.it10.com.ar\/wp-content\/uploads\/2018\/03\/WhatsApp-Image-2018-03-05-at-12.53.13.jpeg 1152w\" sizes=\"auto, (max-width: 300px) 100vw, 300px\" \/><\/p>\n<p>Por \u00faltimo, Esteban \u201cGringo\u201d Castro de CTEP, \u00a0dijo en su discurso: \u201cEn nombre de la CCC, Barrios de Pie y CTEP queremos solidarizarnos con su lucha, y que este gobierno que tiene la intenci\u00f3n de fragmentarnos y enfrentarnos con la sociedad, les decimos tenemos muchas cooperativas que pueden ayudar a las escuelas del territorio nacional, tenemos que hacer un trabajo mancomunado y lograr la uni\u00f3n de toda la clase trabajadora y eso ser\u00e1 la posibilidad de construir la victoria final\u201d<\/p>\n<p>\u201c<strong>Construir La Uni\u00f3n De\u00a0 Todos Los Trabajadorxs Para Lograr La Victoria Final.\u201d<\/strong><\/p>\n<p>Escuch\u00e1 los testimonios:<br \/>\n<iframe loading=\"lazy\" title=\"MARCHA DOCENTE y PARO NACIONAL by FMR\" width=\"500\" height=\"450\" scrolling=\"no\" frameborder=\"no\" src=\"https:\/\/w.soundcloud.com\/player\/?visual=true&#038;url=https%3A%2F%2Fapi.soundcloud.com%2Fplaylists%2F465147192&#038;show_artwork=true&#038;maxheight=750&#038;maxwidth=500\"><\/iframe><br \/>\n<strong>\u00a0<\/strong><\/p>\n","protected":false},"excerpt":{"rendered":"<p>[FM Riachuelo 06\/03\/2018] Ayer se realiz\u00f3 una masiva movilizaci\u00f3n de los docentes\u00a0 al Congreso Nacional acompa\u00f1ados por las organizaciones sociales, donde estuvieron presentes la Confederaci\u00f3n de Trabajadores de la Econom\u00eda Popular (CTEP), la Corriente Clasista y Combativa (CCC)\u00a0 Barrios de Pie, y adem\u00e1s\u00a0 distintas agrupaciones gremiales.\u00a0 El primer d\u00eda de paro tuvo gran acatamiento y [&hellip;]<\/p>\n","protected":false},"author":5,"featured_media":6492,"comment_status":"open","ping_status":"open","sticky":false,"template":"","format":"standard","meta":{"_monsterinsights_skip_tracking":false,"_monsterinsights_sitenote_active":false,"_monsterinsights_sitenote_note":"","_monsterinsights_sitenote_category":0,"jnews-multi-image_gallery":[],"jnews_single_post":[],"jnews_primary_category":[],"_joinchat":[],"footnotes":""},"categories":[76,74,75],"tags":[],"class_list":["post-6491","post","type-post","status-publish","format-standard","has-post-thumbnail","hentry","category-salud-comunitaria","category-san-cayetano","category-trabajo"],"_links":{"self":[{"href":"http:\/\/fmriachuelo.it10.com.ar\/index.php\/wp-json\/wp\/v2\/posts\/6491","targetHints":{"allow":["GET"]}}],"collection":[{"href":"http:\/\/fmriachuelo.it10.com.ar\/index.php\/wp-json\/wp\/v2\/posts"}],"about":[{"href":"http:\/\/fmriachuelo.it10.com.ar\/index.php\/wp-json\/wp\/v2\/types\/post"}],"author":[{"embeddable":true,"href":"http:\/\/fmriachuelo.it10.com.ar\/index.php\/wp-json\/wp\/v2\/users\/5"}],"replies":[{"embeddable":true,"href":"http:\/\/fmriachuelo.it10.com.ar\/index.php\/wp-json\/wp\/v2\/comments?post=6491"}],"version-history":[{"count":0,"href":"http:\/\/fmriachuelo.it10.com.ar\/index.php\/wp-json\/wp\/v2\/posts\/6491\/revisions"}],"wp:featuredmedia":[{"embeddable":true,"href":"http:\/\/fmriachuelo.it10.com.ar\/index.php\/wp-json\/wp\/v2\/media\/6492"}],"wp:attachment":[{"href":"http:\/\/fmriachuelo.it10.com.ar\/index.php\/wp-json\/wp\/v2\/media?parent=6491"}],"wp:term":[{"taxonomy":"category","embeddable":true,"href":"http:\/\/fmriachuelo.it10.com.ar\/index.php\/wp-json\/wp\/v2\/categories?post=6491"},{"taxonomy":"post_tag","embeddable":true,"href":"http:\/\/fmriachuelo.it10.com.ar\/index.php\/wp-json\/wp\/v2\/tags?post=6491"}],"curies":[{"name":"wp","href":"https:\/\/api.w.org\/{rel}","templated":true}]}}