{"id":649,"date":"2015-03-23T14:28:00","date_gmt":"2015-03-23T14:28:00","guid":{"rendered":"http:\/\/fmriachuelo.observatorioess.org.ar\/index.php\/2015\/03\/23\/urgente-desalojo-de-viviendas-en-parana\/"},"modified":"2025-03-27T12:10:55","modified_gmt":"2025-03-27T15:10:55","slug":"urgente-desalojo-de-viviendas-en-parana","status":"publish","type":"post","link":"http:\/\/fmriachuelo.it10.com.ar\/index.php\/2015\/03\/23\/urgente-desalojo-de-viviendas-en-parana\/","title":{"rendered":"URGENTE: DESALOJO DE VIVIENDAS EN PARAN\u00c0"},"content":{"rendered":"<div><span style=\"font-family: Verdana, sans-serif;font-size: large\"><span style=\"color: red\"><strong>\u00a1NINGUNA FAMILIA SIN VIVIENDA!<br \/>\u00a1NING\u00daN CAMPESINO SIN TIERRA!<br \/>\u00a1NING\u00daN TRABAJADOR SIN DERECHOS!<\/strong><span style=\"color: black;font-family: Verdana, sans-serif;font-size: small\"><strong>Reproducimos<\/strong><\/span><\/span><\/span><\/div>\n<div><span style=\"font-family: Verdana, sans-serif;font-size: large\"><span style=\"color: black;font-family: Verdana, sans-serif;font-size: small\">Comunicado(Adjunto informe de Sec de DDHH de la Naci\u00f3n)<\/span><\/span>\ufeff<\/p>\n<table cellpadding=\"0\" cellspacing=\"0\" style=\"float: left;text-align: left\">\n<tbody>\n<tr>\n<td style=\"text-align: center\"><a href=\"http:\/\/1.bp.blogspot.com\/--niPmxJINu0\/VRFzcmfZ6RI\/AAAAAAAADO0\/Kko7PHplZLs\/s1600\/315958_258891770813927_100000793184215_653247_731960630_n.jpg\" style=\"margin-left: auto;margin-right: auto\"><img decoding=\"async\" border=\"0\" src=\"http:\/\/1.bp.blogspot.com\/--niPmxJINu0\/VRFzcmfZ6RI\/AAAAAAAADO0\/Kko7PHplZLs\/s1600\/315958_258891770813927_100000793184215_653247_731960630_n.jpg\" \/><\/a><\/td>\n<\/tr>\n<tr>\n<td style=\"text-align: center\">&nbsp;<\/td>\n<\/tr>\n<\/tbody>\n<\/table>\n<\/div>\n<p><span style=\"font-family: Verdana, sans-serif\"><\/p>\n<div>TIERRA, TRABAJO Y VIVIENDA PARA LOS PETRECHELLI <br \/>Desde hace 30 a\u00f1os la familia Petrechelli vive en un terreno de 1,7 hect\u00e1reas en calle Churruar\u00edn y L\u00f3pez Jord\u00e1n, lindantes con los barrios Lomas del Mirador y barrio L\u00f3pez Jord\u00e1n, de la ciudad de Paran\u00e1. <\/p>\n<p>Desarraigados de su ciudad natal, Paso de Los Libres provincia de Corrientes, llegaron en el a\u00f1o 1984 a Paran\u00e1 en busca de trabajo. En el mismo a\u00f1o un abogado reconocido de la ciudad, les ofreci\u00f3 la posibilidad de trabajar en este predio a cambio de un sueldo, mantenerlo limpio y en condiciones. La remuneraci\u00f3n consensuada nunca fue otorgada por el \u201cdue\u00f1o\u201d, y la familia se dedic\u00f3 a la cr\u00eda de animales en una peque\u00f1a escala productiva y tambi\u00e9n a la actividad agr\u00edcola en la totalidad del terreno. <br \/><a name='more'><\/a><br \/>Con el paso de los a\u00f1os y debido a la avance de la urbanizaci\u00f3n en la zona, la familia tuvo que dejar la agricultura familiar para trasladar su actividad a distintas ramas de la econom\u00eda popular, como el es cartoneo como actividad principal, el trabajo domiciliario y la venta de chatarra. <\/p>\n<p>En la actualidad viven en ese predio cinco familias constituidas, con cinco menores y una paciente en tratamiento de di\u00e1lisis. Tres generaciones familiares, que hace 30 a\u00f1os desarrollan toda su actividad. <\/p>\n<p>Luego de 3 d\u00e9cadas ininterrumpidas de ser poseedores de la tierra han demostrando animus domini, ya que adem\u00e1s pagaron los correspondientes impuestos durante m\u00e1s de 12 a\u00f1os, pero el \u201cpropietario\u201d sede los derechos del terreno a otro abogado para hacer una venta fraudulenta y dudosa por unos $10.000. Decimos fraudulenta, ya que obtener un terreno de casi dos hect\u00e1reas en una zona urbana, a metros del acceso norte de la ciudad, y con vista al R\u00edo Paran\u00e1, sugiere una estafa al Estado provincial y municipal. <\/p>\n<p>Este conflicto, iniciado en el 2005, donde la familia Petrechelli, pas\u00f3 por intentos de \u201cacuerdos\u201d con los \u201cpropietarios\u201d que no se cumplieron, donde su vivienda fue demolida en dicho a\u00f1o con la promesa de que se les iba a construir una nueva en el mismo lugar con la condici\u00f3n de que desocuparan el resto del predio, con la \u201cdefensa\u201d de 6 abogados que dejaron estafar a las familias, con la presentaci\u00f3n de un usucapi\u00f3n abandonado en los tribunales de nuestra provincia por parte de un \u201cabogado defensor\u201d, la familia se encuentra en serias condiciones para defender su derecho a la tierra, el trabajo y la vivienda. <\/p>\n<p>El  14 de Noviembre del a\u00f1o 2014 el Juzgado N\u00ba1 a cargo del Dr. Coglionesse, sentencia el desalojo que se intent\u00f3 llevar a cabo el 2 de diciembre. Haciendo uso de la fuerza p\u00fablica, con la presencia del Grupo de Infanter\u00eda Adiestrado, provocando una situaci\u00f3n de violencia hacia las familias en cuesti\u00f3n, el desalojo no pudo ser llevado a cabo por la resistencia de vecinos y familiares que consideran que un desalojo con la historia de los Petrechelli es completamente injusto. Luego de dar por finalizado el intento de desalojo, el oficial de justicia les informa a las familias que tienen tiempo hasta el 9 de diciembre, dando un plazo de una semana para desalojar el inmueble sin mediar soluci\u00f3n habitacional. <\/p>\n<p>El martes 9 de diciembre se da el segundo intento de desalojo, nuevamente con la intervenci\u00f3n del GIA, pero esta vez de manera mucho m\u00e1s violenta. Dicho martes, se presentan a las 5:30 de la ma\u00f1ana, un horario inusual para realizar un operativo de estas caracter\u00edsticas, con m\u00e1s de 30 oficiales del GIA, (cabe aclarar que este grupo especializado, no tiene otro antecedente de participaci\u00f3n en un desalojo CIVIL en toda la provincia de Entre R\u00edos), con orden de llevar adelante el desalojo a cualquier costo. El grupo de infanter\u00eda adiestrada, ingresa a la vivienda de los Petrechelli sin mediar palabra, arrojando gases lacrim\u00f3genos, gas pimienta y balas de goma, hiriendo a vecinos y familiares, generando da\u00f1os en la salud de los 5 menores que habitan en su hogar. <\/p>\n<p>Lo que constituy\u00f3 un hecho de violencia institucional por parte de las fuerzas del Estado sin precedentes en la provincia desde el oscuro 2001, dejando m\u00e1s de 15 compa\u00f1eros heridos de postas de goma, y la totalidad los vecinos afectados por los gases arrojados, este hecho fue denunciado por cada una de las v\u00edctimas. <\/p>\n<p>Luego del segundo intento de desalojo, y entendiendo la magnitud del conflicto, donde 5 familias con 5 menores de edad, estaban a punto de ser desalojadas de su vivienda a la calle, y que nadie hab\u00eda dado una soluci\u00f3n habitacional para las mismas, la Defensor\u00eda del Pueblo Municipal, decide convocar una mesa de di\u00e1logo con el objetivo de dar intervenci\u00f3n al Estado Provincial y a la Municipalidad de Paran\u00e1, quienes nunca se hab\u00edan hecho cargo de la situaci\u00f3n de los menores que serian arrojados a la calle. <\/p>\n<p>El primer y \u00fanico encuentro de esta mesa se dio el pasado 6 de marzo, donde participaron distintos organismos del Estado provincial, municipal, la familia, organizaciones sociales, vecinos, y no se hizo presente el \u201cpropietario\u201d del predio, en dicha instancia, los organismos del Estado no fueron con ninguna propuesta para soluci\u00f3n habitacional de la familia ni de los menores en cuesti\u00f3n. La resoluci\u00f3n de este encuentro fue seguir avanzando en una posible soluci\u00f3n para las familias donde el Estado deber\u00eda hacerse cargo de que las mismas no sean desalojadas sin ninguna soluci\u00f3n habitacional. <\/p>\n<p>Sin cumplir con su palabra y generando una enorme expectativa en los Petrechelli, el jueves 19 de marzo, reciben una llamada del Fiscal Cristian Giunta, quien comunica que el pr\u00f3ximo viernes 27 de marzo se dar\u00e1 el tercer intento de desalojo en la vivienda. <\/p>\n<p>Entendemos que este tipo de conflictos est\u00e1n pasando a lo largo y a lo ancho de nuestra patria, la lucha por la tierra, el trabajo y la vivienda son reivindicaciones y derechos que los sectores populares debemos defender porque nos pertenecen. El caso de Petrechelli, va a sentar precedentes porque es un caso de total injusticia para 5 familias, que vivieron, y trabajaron por m\u00e1s de 30 a\u00f1os sus tierras, donde se criaron sus hijos, donde ingresaron por una relaci\u00f3n de Trabajo que nunca fue reconocida, donde decidieron pagar impuestos porque se sienten propietarios de la misma porque son ellos quienes la trabajan. <\/p>\n<p>No vamos a permitir el abuso de la corporaci\u00f3n judicial, porque entendemos que atr\u00e1s de este conflicto se esconde un gran negocio inmobiliario, donde los jueces de nuestra provincia deciden poner por encima el derecho de la propiedad privada al derecho una vivienda digna y trabajo para nuestras familias.<br \/>&nbsp; <br \/>CTEP Entre R\u00edos&nbsp;<\/p>\n<p><span style=\"color: blue\">Fuente: Ctep Argentina, Producci\u00f3n Riachuelo<\/span><\/div>\n<div style=\"clear: both;text-align: center\"><a href=\"http:\/\/2\n.bp.blogspot.com\/-PgeSGs8v9X8\/VRFx0DKL3QI\/AAAAAAAADOs\/xG2_moHMbAk\/s1600\/COOP%2BRIACHIUELO%2BPRODUCCIONES.jpg\" style=\"clear: left;float: left;margin-bottom: 1em;margin-right: 1em\"><img loading=\"lazy\" decoding=\"async\" border=\"0\" src=\"http:\/\/2.bp.blogspot.com\/-PgeSGs8v9X8\/VRFx0DKL3QI\/AAAAAAAADOs\/xG2_moHMbAk\/s1600\/COOP%2BRIACHIUELO%2BPRODUCCIONES.jpg\" height=\"58\" width=\"200\" \/><\/a><\/div>\n<div>&nbsp;<\/div>\n<p><\/span><\/p>\n<div><span style=\"font-family: Verdana, sans-serif\"><\/p>\n<p>&nbsp;<\/span><\/div>\n","protected":false},"excerpt":{"rendered":"<p>\u00a1NINGUNA FAMILIA SIN VIVIENDA!\u00a1NING\u00daN CAMPESINO SIN TIERRA!\u00a1NING\u00daN TRABAJADOR SIN DERECHOS!Reproducimos Comunicado(Adjunto informe de Sec de DDHH de la Naci\u00f3n)\ufeff &nbsp; TIERRA, TRABAJO Y VIVIENDA PARA LOS PETRECHELLI Desde hace 30 a\u00f1os la familia Petrechelli vive en un terreno de 1,7 hect\u00e1reas en calle Churruar\u00edn y L\u00f3pez Jord\u00e1n, lindantes con los barrios Lomas del Mirador y [&hellip;]<\/p>\n","protected":false},"author":4,"featured_media":0,"comment_status":"open","ping_status":"open","sticky":false,"template":"","format":"standard","meta":{"_monsterinsights_skip_tracking":false,"_monsterinsights_sitenote_active":false,"_monsterinsights_sitenote_note":"","_monsterinsights_sitenote_category":0,"jnews-multi-image_gallery":[],"jnews_single_post":{"format":"standard"},"jnews_primary_category":[],"_joinchat":[],"footnotes":""},"categories":[58],"tags":[71,103,86,156],"class_list":["post-649","post","type-post","status-publish","format-standard","hentry","category-noticiariachuelo","tag-de-la-tierra","tag-movimientos-populares","tag-noti-ctep","tag-tierra-techo-y-trabajo"],"_links":{"self":[{"href":"http:\/\/fmriachuelo.it10.com.ar\/index.php\/wp-json\/wp\/v2\/posts\/649","targetHints":{"allow":["GET"]}}],"collection":[{"href":"http:\/\/fmriachuelo.it10.com.ar\/index.php\/wp-json\/wp\/v2\/posts"}],"about":[{"href":"http:\/\/fmriachuelo.it10.com.ar\/index.php\/wp-json\/wp\/v2\/types\/post"}],"author":[{"embeddable":true,"href":"http:\/\/fmriachuelo.it10.com.ar\/index.php\/wp-json\/wp\/v2\/users\/4"}],"replies":[{"embeddable":true,"href":"http:\/\/fmriachuelo.it10.com.ar\/index.php\/wp-json\/wp\/v2\/comments?post=649"}],"version-history":[{"count":1,"href":"http:\/\/fmriachuelo.it10.com.ar\/index.php\/wp-json\/wp\/v2\/posts\/649\/revisions"}],"predecessor-version":[{"id":22742,"href":"http:\/\/fmriachuelo.it10.com.ar\/index.php\/wp-json\/wp\/v2\/posts\/649\/revisions\/22742"}],"wp:attachment":[{"href":"http:\/\/fmriachuelo.it10.com.ar\/index.php\/wp-json\/wp\/v2\/media?parent=649"}],"wp:term":[{"taxonomy":"category","embeddable":true,"href":"http:\/\/fmriachuelo.it10.com.ar\/index.php\/wp-json\/wp\/v2\/categories?post=649"},{"taxonomy":"post_tag","embeddable":true,"href":"http:\/\/fmriachuelo.it10.com.ar\/index.php\/wp-json\/wp\/v2\/tags?post=649"}],"curies":[{"name":"wp","href":"https:\/\/api.w.org\/{rel}","templated":true}]}}