{"id":6484,"date":"2018-03-03T03:18:05","date_gmt":"2018-03-03T03:18:05","guid":{"rendered":"http:\/\/fmriachuelo.com.ar\/?p=6484"},"modified":"2018-03-03T03:18:05","modified_gmt":"2018-03-03T03:18:05","slug":"larreta-sigue-sin-dar-respuestas-por-los-despidos-en-la-ciudad","status":"publish","type":"post","link":"http:\/\/fmriachuelo.it10.com.ar\/index.php\/2018\/03\/03\/larreta-sigue-sin-dar-respuestas-por-los-despidos-en-la-ciudad\/","title":{"rendered":"LARRETA SIGUE SIN DAR RESPUESTAS POR LOS DESPIDOS EN LA CIUDAD"},"content":{"rendered":"<p>[FM RIACHUELO 02\/03\/2018] Con distintas medidas de fuerza, desde ATE Capital repudiaron la decisi\u00f3n del gobierno de la ciudad de despedir injustificadamente a trabajadores del Canal de la Ciudad y a trabajadoras sociales que se desempe\u00f1aban en la villa 31 y 31 bis.<\/p>\n<p>El gobierno \u00abdel di\u00e1logo\u00bb lejos de resolver el problema llamando a una mesa de trabajo en donde se pudieran plantear posibles soluciones al conflicto, contin\u00faa dando la espalda a los trabajadores y no se hace cargo de su responsabilidad de dejar en la calle a 34 familias.<\/p>\n<p>Luego de mas de un mes y medio sin respuestas, los trabajadores decidieron tomar pac\u00edficamente el Ministerio de Hacienda de la ciudad. Con la prepotencia y falta de respeto hacia la democracia y organizaci\u00f3n sindical t\u00edpica de la elite gobernante porte\u00f1a, las autoridades decidieron cortar deliberadamente la luz del lugar e interrumpir la entrada de personas y comida al edificio. Frente a esa situaci\u00f3n, los manifestantes se vieron obligados levantar la toma y realizar una vigilia en la Legislatura a la espera del jefe de gobierno.<\/p>\n<p>FM Riachuelo dialog\u00f3 con Lucia Jolias, delegada de ATE Capital, quien manifest\u00f3 que \u00aba esta altura resulta rid\u00edculo cuando escuchamos que se llaman a si mismos el gobierno del di\u00e1logo, y si algo quedo claro en este conflicto es que es un gobierno del desconocimiento absoluto de los problemas que hay el ciudad\u00bb.<\/p>\n<p>Tambi\u00e9n relat\u00f3 los desplantes de los funcionarios en distintas oportunidades en las que fueron llamados para destrabar el conflicto:\u00bbel propio defensor del pueblo quiso operar de mediador durante la permanencia en el Ministerio de Hacienda, estuvimos reunidos con nuestro secretario general Daniel Catalano y el gobierno de la ciudad decidi\u00f3 no concurrir a esa instancia de negociaci\u00f3n\u00bb.<\/p>\n<p>En este momento los trabajadores se encuentran en un proceso de evaluaci\u00f3n con respecto a las pr\u00f3ximos pasos a seguir: \u00abnuestros compa\u00f1eros est\u00e1n cansados, est\u00e1bamos sosteniendo un plan de lucha en el marco de un cese de tareas, pero entendemos que con lo que paso el s\u00e1bado eso es insostenible.Vamos a volver a nuestras tareas, al territorio. Creemos que nuestro rol en la Secretaria y en la 31 es central, pero vamos a sostener en alto la bandera de reincorporaci\u00f3n de nuestras compa\u00f1eras\u00bb.<\/p>\n<p>Por otra parte, a nivel nacional, ATE ya convoc\u00f3 a un paro para el lunes y martes pr\u00f3ximos,que coincidir\u00e1 con el paro de docentes porte\u00f1os, para rechazar el techo del 15% en las paritarias, que pretende imponer el gobierno de Mauricio Macri.<\/p>\n<p>Escucha la entrevista completa:<\/p>\n<p><iframe loading=\"lazy\" title=\"02-03-2018- CONTINUA AL CONFLICTO POR LAS 10 TRABAJADORAS DESPEDIDAS EN LA VILLA 31 by FMR\" width=\"500\" height=\"450\" scrolling=\"no\" frameborder=\"no\" src=\"https:\/\/w.soundcloud.com\/player\/?visual=true&#038;url=https%3A%2F%2Fapi.soundcloud.com%2Fplaylists%2F462192708&#038;show_artwork=true&#038;maxheight=750&#038;maxwidth=500\"><\/iframe><\/p>\n<p>&nbsp;<\/p>\n<p>&nbsp;<\/p>\n<p>&nbsp;<\/p>\n","protected":false},"excerpt":{"rendered":"<p>[FM RIACHUELO 02\/03\/2018] Con distintas medidas de fuerza, desde ATE Capital repudiaron la decisi\u00f3n del gobierno de la ciudad de despedir injustificadamente a trabajadores del Canal de la Ciudad y a trabajadoras sociales que se desempe\u00f1aban en la villa 31 y 31 bis. El gobierno \u00abdel di\u00e1logo\u00bb lejos de resolver el problema llamando a una [&hellip;]<\/p>\n","protected":false},"author":5,"featured_media":6486,"comment_status":"open","ping_status":"open","sticky":false,"template":"","format":"standard","meta":{"_monsterinsights_skip_tracking":false,"_monsterinsights_sitenote_active":false,"_monsterinsights_sitenote_note":"","_monsterinsights_sitenote_category":0,"jnews-multi-image_gallery":[],"jnews_single_post":[],"jnews_primary_category":[],"_joinchat":[],"footnotes":""},"categories":[78,76],"tags":[],"class_list":["post-6484","post","type-post","status-publish","format-standard","has-post-thumbnail","hentry","category-economia-popular","category-salud-comunitaria"],"_links":{"self":[{"href":"http:\/\/fmriachuelo.it10.com.ar\/index.php\/wp-json\/wp\/v2\/posts\/6484","targetHints":{"allow":["GET"]}}],"collection":[{"href":"http:\/\/fmriachuelo.it10.com.ar\/index.php\/wp-json\/wp\/v2\/posts"}],"about":[{"href":"http:\/\/fmriachuelo.it10.com.ar\/index.php\/wp-json\/wp\/v2\/types\/post"}],"author":[{"embeddable":true,"href":"http:\/\/fmriachuelo.it10.com.ar\/index.php\/wp-json\/wp\/v2\/users\/5"}],"replies":[{"embeddable":true,"href":"http:\/\/fmriachuelo.it10.com.ar\/index.php\/wp-json\/wp\/v2\/comments?post=6484"}],"version-history":[{"count":0,"href":"http:\/\/fmriachuelo.it10.com.ar\/index.php\/wp-json\/wp\/v2\/posts\/6484\/revisions"}],"wp:featuredmedia":[{"embeddable":true,"href":"http:\/\/fmriachuelo.it10.com.ar\/index.php\/wp-json\/wp\/v2\/media\/6486"}],"wp:attachment":[{"href":"http:\/\/fmriachuelo.it10.com.ar\/index.php\/wp-json\/wp\/v2\/media?parent=6484"}],"wp:term":[{"taxonomy":"category","embeddable":true,"href":"http:\/\/fmriachuelo.it10.com.ar\/index.php\/wp-json\/wp\/v2\/categories?post=6484"},{"taxonomy":"post_tag","embeddable":true,"href":"http:\/\/fmriachuelo.it10.com.ar\/index.php\/wp-json\/wp\/v2\/tags?post=6484"}],"curies":[{"name":"wp","href":"https:\/\/api.w.org\/{rel}","templated":true}]}}