{"id":6470,"date":"2018-03-01T23:34:38","date_gmt":"2018-03-01T23:34:38","guid":{"rendered":"http:\/\/fmriachuelo.com.ar\/?p=6470"},"modified":"2018-03-01T23:34:38","modified_gmt":"2018-03-01T23:34:38","slug":"juicio-por-nehuen-rodriguez-dia-2-el-movil-policial-cruzo-en-rojo","status":"publish","type":"post","link":"http:\/\/fmriachuelo.it10.com.ar\/index.php\/2018\/03\/01\/juicio-por-nehuen-rodriguez-dia-2-el-movil-policial-cruzo-en-rojo\/","title":{"rendered":"Juicio por Nehuen Rodr\u00edguez, d\u00eda 2: el m\u00f3vil policial cruz\u00f3 en rojo"},"content":{"rendered":"<p><span class=\"seccion\"><a href=\"http:\/\/www.agenciapacourondo.com.ar\/secciones\/violencia-institucional\">VIOLENCIA INSTITUCIONAL<\/a>\u00a0<\/span><span class=\"fecha\">\u00a001\/03\/2018<\/span><\/p>\n<p>En la segunda jornada del juicio oral y p\u00fablico por el asesinato de Nehuen Rodr\u00edguez, los testimonios demostraron que la camioneta de Castagnasso cruz\u00f3 en rojo y atropell\u00f3 a la motocicleta. El martes 13, los alegatos.<\/p>\n<p><em><strong>*(el juez Baez impidi\u00f3 que se fotografi\u00e9 al imputado por el asesinato de Nehuen)\u00a0 \u00a0 \u00a0<\/strong><\/em><\/p>\n<p><strong>Por colectivo de medios de comunicaci\u00f3n populares*\u00a0 \u00a0 \u00a0 \u00a0 \u00a0 \u00a0 \u00a0 \u00a0 \u00a0 \u00a0 \u00a0 \u00a0 \u00a0 \u00a0 \u00a0 \u00a0 \u00a0 \u00a0 \u00a0 \u00a0 \u00a0 \u00a0 \u00a0 \u00a0 \u00a0 \u00a0 \u00a0 \u00a0<\/strong>\u00a0<strong>\u00a0 \u00a0 \u00a0 \u00a0 \u00a0 <\/strong><\/p>\n<p>Al cierre de la segunda audiencia del juicio contra el oficial Castagnasso por el crimen de Nehuen Rodr\u00edguez, no quedaron dudas: la camioneta de la Polic\u00eda Metropolitana cruz\u00f3 en rojo y atropell\u00f3 la motocicleta que conduc\u00eda el joven de 17 a\u00f1os. Fueron numerosos los testimonios de peritos oficiales y de parte que dieron cuenta de esto, algo de lo que sin embargo no hab\u00edan dejado constancia en la etapa de instrucci\u00f3n de la causa.<\/p>\n<p>\u00abCreo que esta audiencia fue a nuestro favor, hemos podido dar vuelta la testimonial de Castagnasso, que seg\u00fan \u00e9l iba cruzando en verde y la moto lo choc\u00f3. Hemos podido comprobar que la camioneta embisti\u00f3 a la moto\u201d, indic\u00f3 Roxy, la madre de Nehuen al finalizar la audiencia. \u00a0Y continu\u00f3 \u201cme parece una aberraci\u00f3n que el polic\u00eda siga en sus funciones, no fue separado ni un d\u00eda de su trabajo, s\u00f3lo lo han mandado a hacer tareas pasivas. Es terrible la forma en que se manejan, que no paguen ni un poquito, y que declare cualquier cosa\u201d.\u00a0 A pesar de la impunidad de la que gozan los integrantes de las fuerzas de seguridad Roxana termin\u00f3 \u201cme siento muy acompa\u00f1ada por todas las organizaciones que \u00a0participan del colectivo Justicia por Nehuen, y eso me da muchas fuerza para seguir la lucha\u201d .<\/p>\n<p>&nbsp;<\/p>\n<p><img loading=\"lazy\" decoding=\"async\" class=\"alignnone wp-image-6473 size-large\" src=\"http:\/\/fmriachuelo.com.ar\/wp-content\/uploads\/2018\/03\/WhatsApp-Image-2018-03-01-at-19.46.14-1-1024x768.jpeg\" alt=\"\" width=\"640\" height=\"480\" srcset=\"http:\/\/fmriachuelo.it10.com.ar\/wp-content\/uploads\/2018\/03\/WhatsApp-Image-2018-03-01-at-19.46.14-1-1024x768.jpeg 1024w, http:\/\/fmriachuelo.it10.com.ar\/wp-content\/uploads\/2018\/03\/WhatsApp-Image-2018-03-01-at-19.46.14-1-300x225.jpeg 300w, http:\/\/fmriachuelo.it10.com.ar\/wp-content\/uploads\/2018\/03\/WhatsApp-Image-2018-03-01-at-19.46.14-1-768x576.jpeg 768w, http:\/\/fmriachuelo.it10.com.ar\/wp-content\/uploads\/2018\/03\/WhatsApp-Image-2018-03-01-at-19.46.14-1-750x563.jpeg 750w, http:\/\/fmriachuelo.it10.com.ar\/wp-content\/uploads\/2018\/03\/WhatsApp-Image-2018-03-01-at-19.46.14-1-1140x855.jpeg 1140w, http:\/\/fmriachuelo.it10.com.ar\/wp-content\/uploads\/2018\/03\/WhatsApp-Image-2018-03-01-at-19.46.14-1.jpeg 1280w\" sizes=\"auto, (max-width: 640px) 100vw, 640px\" \/><\/p>\n<p style=\"text-align: left\">Los \u00a0sucesivos testimoniales no dejaron lugar a dudas: la camioneta embisti\u00f3 con su parte frontal izquierda a la motocicleta de Nehuen. Esto contradijo la versi\u00f3n de Castagnasso, quien en la primera audiencia asegur\u00f3 que la motocicleta hab\u00eda impactado al m\u00f3vil policial. Incluso el Dr. Julio Baez, presidente del TOC N\u00ba4, refiri\u00f3 que no ten\u00eda dudas de qui\u00e9n es el que embisti\u00f3 a qui\u00e9n. Tanto por el registro fotogr\u00e1fico como por las pericias posteriores al momento del hecho fue un\u00e1nime el rechazo a la versi\u00f3n de la defensa.<\/p>\n<p>En relaci\u00f3n a las pericias realizadas, el perito Oscar Garc\u00eda en una entrevista realizada con posterioridad a su declaraci\u00f3n, aclar\u00f3 que en su investigaci\u00f3n de los hechos vio \u00abcarencias pero no falencias\u201d en el relevamiento inicial y destac\u00f3 que \u201cno est\u00e1 determinado el punto de impacto y ese impacto produce siempre peque\u00f1as huellas que cuando se buscan se encuentran. Si se hubieran analizado a fondo los neum\u00e1ticos del veh\u00edculo se podr\u00edan haber visto o no marcas de un frenado intenso. Pero eso significa ir con muchas ganas a buscar rastros y no ver que rastros le llueven a uno y sacarse un problema de encima\u201d.<\/p>\n<p>En relaci\u00f3n a esto \u00faltimo, el perito Juan Carlos Godoy, quien tambi\u00e9n prest\u00f3 testimonio en esta segunda jornada, menciona en su informe las caracter\u00edsticas y el lugar del impacto, en base \u00a0al plano del lugar que realiz\u00f3 el perito ingeniero Alejandro Alfredo Gonz\u00e1lez, de la Divisi\u00f3n de Ingenier\u00eda Forense de la Polic\u00eda Federal, que concurri\u00f3 al momento del hecho. Godoy sostuvo que en el plano confeccionado por Gonz\u00e1lez aparece un \u201ccirculito\u201d \u00a0pero que \u201clo que sucede es que el perito realiz\u00f3 un plano, ubic\u00f3 el lugar del impacto como normalmente se ubica pero se olvid\u00f3 de agregar la leyenda que indicaba que ese lugar correspond\u00eda al lugar del impacto en la calzada. Evidentemente qued\u00f3 alg\u00fan residuo de la colisi\u00f3n que marcaba el lugar del impacto que detect\u00f3 el perito Gonz\u00e1lez desde el lugar del hecho\u201d.<\/p>\n<p>Otro aspecto central qued\u00f3 debidamente registrado en el juicio oral y p\u00fablico: la camioneta cruz\u00f3 en rojo. As\u00ed lo determin\u00f3 la pericia del ingeniero Oscar Garc\u00eda, quien pudo demostrar que el conductor al momento de cruzar s\u00f3lo pudo ver \u00a0luz roja (o cuanto mucho amarilla). Y que a su vez, Nehuen cruz\u00f3 perfectamente en verde la intersecci\u00f3n de las calles Brandsen y Ram\u00f3n Carrillo. Cabe destacar que Oscar Garc\u00eda fue el \u00fanico de los peritos que declararon que tuvo acceso a la filmaci\u00f3n de las c\u00e1maras \u201cDomo\u201d que se encuentran en la intersecci\u00f3n de Brandsen \u00a0y Ram\u00f3n Carrillo.<\/p>\n<p>Otro punto en el que fue fundamental el testimonio del ingeniero Garc\u00eda fue respecto a la controversia en torno a la velocidad en la que circulaba la camioneta de Castagnasso. En principio, desestim\u00f3 la versi\u00f3n del perito de la defensa Luis Alberto P\u00e9rez quien indic\u00f3 una \u00abvelocidad aproximada\u00bb de 37 km\/h, en base a datos, \u00a0inferencias y \u201csimplificaciones\u201d \u00a0que llevaron incluso al juez de la causa a cuestionar esta \u201caproximaci\u00f3n\u201d. Como contraposici\u00f3n, \u00a0Garc\u00eda indic\u00f3 una velocidad que se encontrar\u00eda entre los 48 km\/h y los 67 km\/h, en base a un teorema debidamente aceptado por la comunidad cient\u00edfica internacional.<\/p>\n<p>Al finalizar la jornada, el tribunal determin\u00f3 para el 13 de marzo pr\u00f3ximo la jornada de alegatos. Las organizaciones presentes se comprometieron a coordinar una nueva acci\u00f3n conjunta para brindar su apoyo a la familia. Los medios populares volveremos a realizar una radio abierta, en muestra com\u00fan b\u00fasqueda de Justicia por Nehuen Rodr\u00edguez.<\/p>\n<p><strong>*Cobertura \u00a0y nota realizada en conjunto por FM La Caterva, FM Riachuelo, Radio Gr\u00e1fica, La Retaguardia, Agencia Paco Urondo, Sur Capitalino.<\/strong><\/p>\n","protected":false},"excerpt":{"rendered":"<p>VIOLENCIA INSTITUCIONAL\u00a0\u00a001\/03\/2018 En la segunda jornada del juicio oral y p\u00fablico por el asesinato de Nehuen Rodr\u00edguez, los testimonios demostraron que la camioneta de Castagnasso cruz\u00f3 en rojo y atropell\u00f3 a la motocicleta. El martes 13, los alegatos. *(el juez Baez impidi\u00f3 que se fotografi\u00e9 al imputado por el asesinato de Nehuen)\u00a0 \u00a0 \u00a0 Por [&hellip;]<\/p>\n","protected":false},"author":5,"featured_media":6472,"comment_status":"open","ping_status":"open","sticky":false,"template":"","format":"standard","meta":{"_monsterinsights_skip_tracking":false,"_monsterinsights_sitenote_active":false,"_monsterinsights_sitenote_note":"","_monsterinsights_sitenote_category":0,"jnews-multi-image_gallery":[],"jnews_single_post":[],"jnews_primary_category":[],"_joinchat":[],"footnotes":""},"categories":[78,79,76],"tags":[],"class_list":["post-6470","post","type-post","status-publish","format-standard","has-post-thumbnail","hentry","category-economia-popular","category-nadie-se-salva-solo","category-salud-comunitaria"],"_links":{"self":[{"href":"http:\/\/fmriachuelo.it10.com.ar\/index.php\/wp-json\/wp\/v2\/posts\/6470","targetHints":{"allow":["GET"]}}],"collection":[{"href":"http:\/\/fmriachuelo.it10.com.ar\/index.php\/wp-json\/wp\/v2\/posts"}],"about":[{"href":"http:\/\/fmriachuelo.it10.com.ar\/index.php\/wp-json\/wp\/v2\/types\/post"}],"author":[{"embeddable":true,"href":"http:\/\/fmriachuelo.it10.com.ar\/index.php\/wp-json\/wp\/v2\/users\/5"}],"replies":[{"embeddable":true,"href":"http:\/\/fmriachuelo.it10.com.ar\/index.php\/wp-json\/wp\/v2\/comments?post=6470"}],"version-history":[{"count":0,"href":"http:\/\/fmriachuelo.it10.com.ar\/index.php\/wp-json\/wp\/v2\/posts\/6470\/revisions"}],"wp:featuredmedia":[{"embeddable":true,"href":"http:\/\/fmriachuelo.it10.com.ar\/index.php\/wp-json\/wp\/v2\/media\/6472"}],"wp:attachment":[{"href":"http:\/\/fmriachuelo.it10.com.ar\/index.php\/wp-json\/wp\/v2\/media?parent=6470"}],"wp:term":[{"taxonomy":"category","embeddable":true,"href":"http:\/\/fmriachuelo.it10.com.ar\/index.php\/wp-json\/wp\/v2\/categories?post=6470"},{"taxonomy":"post_tag","embeddable":true,"href":"http:\/\/fmriachuelo.it10.com.ar\/index.php\/wp-json\/wp\/v2\/tags?post=6470"}],"curies":[{"name":"wp","href":"https:\/\/api.w.org\/{rel}","templated":true}]}}