{"id":647,"date":"2015-03-23T18:17:00","date_gmt":"2015-03-23T18:17:00","guid":{"rendered":"http:\/\/fmriachuelo.observatorioess.org.ar\/index.php\/2015\/03\/23\/inauguracion-de-cooperativa-de-vivienda-los-pibes\/"},"modified":"2025-03-27T12:11:50","modified_gmt":"2025-03-27T15:11:50","slug":"inauguracion-de-cooperativa-de-vivienda-los-pibes","status":"publish","type":"post","link":"http:\/\/fmriachuelo.it10.com.ar\/index.php\/2015\/03\/23\/inauguracion-de-cooperativa-de-vivienda-los-pibes\/","title":{"rendered":"INAUGURACION DE COOPERATIVA DE VIVIENDA LOS PIBES"},"content":{"rendered":"<div style=\"text-align: center\"><b><span style=\"font-family: verdana, sans-serif;font-size: medium\">RESPUESTA AL D\u00c9FICIT HABITACIONAL<\/span><\/b><br \/><b><span style=\"color: red;font-family: verdana, sans-serif;font-size: x-large\">CUANDO SE INAUGURA UNA VIVIENDA<\/span><\/b><\/div>\n<div style=\"text-align: center\"><b><span style=\"color: red;font-family: verdana, sans-serif;font-size: x-large\">FESTEJA LA COMUNIDAD ORGANIZADA<\/span><\/b><\/div>\n<div style=\"clear: both;text-align: center\"><a href=\"http:\/\/1.bp.blogspot.com\/-fiVT1zLQun4\/VRBHg30H3LI\/AAAAAAAADNw\/6H9Rm4MUwNs\/s1600\/inauguracion.png\" style=\"margin-left: 1em;margin-right: 1em\"><img loading=\"lazy\" decoding=\"async\" border=\"0\" src=\"http:\/\/1.bp.blogspot.com\/-fiVT1zLQun4\/VRBHg30H3LI\/AAAAAAAADNw\/6H9Rm4MUwNs\/s1600\/inauguracion.png\" height=\"205\" width=\"320\" \/><\/a><\/div>\n<div style=\"text-align: center\"><strong><span style=\"font-family: verdana,sans-serif\">[FMR Domingo 22\/03\/2015] Se inaugur\u00f3 hoy en el barrio de La Boca el edificio de la Cooperativa de Vivienda Los Pibes.&nbsp;<\/span><span style=\"font-family: verdana,sans-serif\">Con una numerosa asistencia de habitantes del barrio y miembros de organizaciones pol\u00edticas, sociales, culturales y barriales, legisladores, representantes de pa\u00edses latinoamericanos, secretarios gremiales y funcionarios, se inaugur\u00f3 el edificio ubicado en la calle&nbsp;<\/span><\/strong><b><span style=\"font-family: verdana,sans-serif\">Lamadrid esquina&nbsp;<\/span><\/b><b><span style=\"font-family: verdana,sans-serif\">Ministro Brin.<\/span><\/b><\/div>\n<div style=\"text-align: center\"><b><span style=\"font-family: verdana,sans-serif\"><a href=\"https:\/\/docs.google.com\/file\/d\/0B1oSPl4oeTWiNTdyQ2JhaEZtb0E\/edit?usp=drive_web\">VOCES DEL BARRIO<\/a><\/span><\/b><\/div>\n<div style=\"text-align: center\"><b><span style=\"font-family: verdana,sans-serif\"><a href=\"https:\/\/docs.google.com\/file\/d\/0B1oSPl4oeTWiOEtmOWJJb1pDYms\/edit?usp=drive_web\">LUIS ROLDAN &#8211; DELEGADO HABITANTES PAVON 4127<\/a><\/span><\/b><\/div>\n<div style=\"text-align: center\"><b><span style=\"font-family: verdana,sans-serif\"><a href=\"https:\/\/docs.google.com\/file\/d\/0B1oSPl4oeTWiMm5xNWV4U01XNTA\/edit?usp=drive_web\">PATRICIA MAIDANA &#8211; PRESIDENTA COVILPI<\/a><\/span><\/b><\/div>\n<div style=\"text-align: center\"><b><span style=\"font-family: verdana,sans-serif\"><a href=\"https:\/\/docs.google.com\/file\/d\/0B1oSPl4oeTWiT0xIOGpabWh1VDg\/edit?usp=drive_web\">MARIO GONZALES &#8211; COOPERATIVISTA COVILPI<\/a><\/span><\/b><\/div>\n<div style=\"text-align: center\"><b><span style=\"font-family: verdana,sans-serif\"><a href=\"https:\/\/docs.google.com\/file\/d\/0B1oSPl4oeTWiU3Q4aDN1cVV0enc\/edit?usp=drive_web\">DARIO RODRIGUEZ &#8211; FEDERACION URUGUAYA DE COOPERATIVAS DE VIVIENDA POR AYUDA MUTUA<\/a><\/span><\/b><\/div>\n<div style=\"text-align: center\"><b><span style=\"font-family: verdana,sans-serif\"><a href=\"https:\/\/docs.google.com\/file\/d\/0B1oSPl4oeTWiZm85TW5Bck8wVWs\/edit?usp=drive_web\">ESTEBAN CASTRO &#8211; SECRETARIO GENERAL DE LA CONFEDERACION DE TRABAJADORES DE LA ECONOMIA POPULAR, CTEP<\/a><\/span><\/b><\/div>\n<div style=\"text-align: center\"><b><span style=\"font-family: verdana,sans-serif\"><a href=\"https:\/\/docs.google.com\/file\/d\/0B1oSPl4oeTWiYkRaRENFejNNS1U\/edit?usp=drive_web\">LITO BORELO &#8211; SECRETARIA DE VIVIENDA Y HABITAT DE LA CTEP<\/a><\/span><\/b><\/div>\n<div style=\"text-align: center\"><b><span style=\"font-family: verdana,sans-serif\"><\/span><\/b>&nbsp;<\/div>\n<div style=\"text-align: center\"><span style=\"font-family: verdana,sans-serif\"><span style=\"font-family: verdana, sans-serif\"><\/p>\n<div style=\"text-align: center\">Es la <b>finalizaci\u00f3n <\/b>de una obra con la que 33 familias lograron acceder a su vivienda de <b>manera colectiva por autogesti\u00f3n cooperativa a partir de la implementaci\u00f3n de ley 341 de la Ciudad<\/b>, que legisla el acceso a recursos p\u00fablicos para la comunidad organizada.&nbsp; Esta experiencia se propone mostrar que <b>es posible<\/b> conseguir la vivienda digna aun en la ciudad m\u00e1s rica y m\u00e1s desigual del pa\u00eds.<\/div>\n<div style=\"text-align: center\"><\/div>\n<div style=\"text-align: center\">La actividad se desarroll\u00f3 en el <b>Paseo de la Econom\u00eda Popular<\/b> que funciona en el predio contiguo a las nuevas viviendas. All\u00ed se escucharon las palabras de<b> Lito Borello<\/b>, (Secretario de Vivienda y H\u00e1bitat de CTEP y Coordinador Nacional de la OSyP Los Pibes), <b>Esteban Gringo Castro<\/b>, (Secretario General de CTEP) y el <b>Arquitecto Jaime Sor\u00edn.<\/b><\/div>\n<div style=\"text-align: center\"><\/div>\n<div style=\"text-align: center\">Se entregaron las llaves a los cooperativistas habitantes del edificio. En ese acto <b>Dar\u00edo Rodr\u00edguez<\/b>&nbsp;(Federaci\u00f3n Uruguaya de Cooperativas por Ayuda Mutua) entreg\u00f3 una placa de reconocimiento a la COVILPI. Minutos antes el grupo <b>Catalinas Sur<\/b> puso en escena la obra de teatro \u201cLa Arandela\u201d.&nbsp;<\/div>\n<p><\/span><span style=\"font-family: verdana, sans-serif\"><\/p>\n<div style=\"text-align: center\">Para finalizar con un brindis y una torta de&nbsp;cumplea\u00f1os.<b>&nbsp;<\/b>La cooperativa inaugur\u00f3 la obra finalizada como homenaje a su referente y primer presidente <b>Martin \u201cOso\u201d Cisneros&nbsp;<\/b>en el d\u00eda de su natalicio, quien fuera asesinado en 2004 por un sicario al servicio de la Polic\u00eda Federal.<\/div>\n<div style=\"text-align: center\"><\/div>\n<div style=\"text-align: center\">Entre numerosas adhesiones que llegaron de pa\u00edses de Latinoam\u00e9rica y organizaciones nacionales, hicieron llegar sus salutaciones a trav\u00e9s de un video el <a href=\"https:\/\/www.youtube.com\/watch?v=VAgFX_z623Y\"><strong>Embajador de la Rep\u00fablica Bolivariana de Venezuela, Carlos Martinez Mendoza<\/strong><\/a><\/div>\n<p><\/span><\/span><\/div>\n<div style=\"text-align: center\"><b><span style=\"font-family: verdana,sans-serif\">y <a href=\"https:\/\/www.youtube.com\/watch?v=L0Wm_5iWeaw\">Juan Contreras, diputado de la ASamblea Nacional de la Rep\u00fablica Bolivariana de Venezuela<\/a><\/span><\/b><\/div>\n<div style=\"text-align: center\"><b><span style=\"font-family: verdana,sans-serif\"><\/span><\/b>&nbsp;<\/div>\n<div style=\"text-align: center\"><span style=\"font-family: verdana,sans-serif\"><span style=\"font-size: xx-small\">Estuvieron presentes entre otros: Funcionarios de la Embajada de la Rep\u00fablica Bolivariana de Venezuela,&nbsp;<\/span><span style=\"font-size: xx-small\">Consulado del Estado Plurinacional de Bolivia, FUCVAM (Federaci\u00f3n Uruguaya de Cooperativas de Vivienda por Ayuda Mutua), CTEP (Confederaci\u00f3n de Trabajadores de la Econom\u00eda Popular),&nbsp;<\/span><span style=\"font-size: xx-small\">Secretar\u00eda Nacional de Acceso al H\u00e1bitat, Habitantes de Pav\u00f3n 4127, Diario Sur Capitalino, Peri\u00f3dico Resumen Latinoamericano, Movimiento de Trabajadores Excluidos, Movimiento Evita, Frente Popular Dar\u00edo Santill\u00e1n, M.P.R. Quebracho, Movimiento Nacional Campesino Ind\u00edgena MNCI, Seamos Libres, COOPECHAS (Cooperativa de Pescadores de Chascomus), Universidad de Avellaneda (Secretar\u00eda de Extensi\u00f3n Universitaria) ENPL (Encuentro Nacional Popular Latinoamericano) Federaci\u00f3n de Cartoneros y Recicladores, Trabajadores del Puente Nicol\u00e1s Avellaneda, Asamblea Parque Lezama, SUTAP (Sindicato \u00danico de Trabajadores de Administraci\u00f3n Portuaria), Arquitecto Jaime Sor\u00edn (Proyecto y direcci\u00f3n de la COVILPI) Corriente Pol\u00edtica 17 de Agosto, Mar\u00eda Rachid Legisladora de la Ciudad, Para Todos Todo, Trabajadores del PAEByT, Trabajadores del Programa Apoyo a la Escolaridad, Cooperativa Nueva Imagen, Taller de lectura \u201cDonde Viven los Libros\u201d, Asociaci\u00f3n de Refugiados Solidaridad, Frente de la Igualdad, Agrupacion Envar El Kadri, FIPCA (Fundaci\u00f3n Interactiva para Promover la Cultura del Agua, Radio Gr\u00e1fica, La Boca Resiste y Propone, Junta Vecinal Barrio Los Piletones, Asentamiento Lamadrid, Delegados de la ex AU3, Movimiento Ocupantes e Inquilinos MOI, Comisi\u00f3n Pol\u00edtica de la Iglesia Dimensi\u00f3n de Fe.<\/span><\/span><\/div>\n","protected":false},"excerpt":{"rendered":"<p>RESPUESTA AL D\u00c9FICIT HABITACIONALCUANDO SE INAUGURA UNA VIVIENDA FESTEJA LA COMUNIDAD ORGANIZADA [FMR Domingo 22\/03\/2015] Se inaugur\u00f3 hoy en el barrio de La Boca el edificio de la Cooperativa de Vivienda Los Pibes.&nbsp;Con una numerosa asistencia de habitantes del barrio y miembros de organizaciones pol\u00edticas, sociales, culturales y barriales, legisladores, representantes de pa\u00edses latinoamericanos, secretarios [&hellip;]<\/p>\n","protected":false},"author":4,"featured_media":0,"comment_status":"open","ping_status":"open","sticky":false,"template":"","format":"standard","meta":{"_monsterinsights_skip_tracking":false,"_monsterinsights_sitenote_active":false,"_monsterinsights_sitenote_note":"","_monsterinsights_sitenote_category":0,"jnews-multi-image_gallery":[],"jnews_single_post":{"format":"standard"},"jnews_primary_category":[],"_joinchat":[],"footnotes":""},"categories":[58],"tags":[147,72,157],"class_list":["post-647","post","type-post","status-publish","format-standard","hentry","category-noticiariachuelo","tag-habitat","tag-historia-de-la-lucha-de-los-pueblos","tag-nadie-se-salva-solo"],"_links":{"self":[{"href":"http:\/\/fmriachuelo.it10.com.ar\/index.php\/wp-json\/wp\/v2\/posts\/647","targetHints":{"allow":["GET"]}}],"collection":[{"href":"http:\/\/fmriachuelo.it10.com.ar\/index.php\/wp-json\/wp\/v2\/posts"}],"about":[{"href":"http:\/\/fmriachuelo.it10.com.ar\/index.php\/wp-json\/wp\/v2\/types\/post"}],"author":[{"embeddable":true,"href":"http:\/\/fmriachuelo.it10.com.ar\/index.php\/wp-json\/wp\/v2\/users\/4"}],"replies":[{"embeddable":true,"href":"http:\/\/fmriachuelo.it10.com.ar\/index.php\/wp-json\/wp\/v2\/comments?post=647"}],"version-history":[{"count":1,"href":"http:\/\/fmriachuelo.it10.com.ar\/index.php\/wp-json\/wp\/v2\/posts\/647\/revisions"}],"predecessor-version":[{"id":22750,"href":"http:\/\/fmriachuelo.it10.com.ar\/index.php\/wp-json\/wp\/v2\/posts\/647\/revisions\/22750"}],"wp:attachment":[{"href":"http:\/\/fmriachuelo.it10.com.ar\/index.php\/wp-json\/wp\/v2\/media?parent=647"}],"wp:term":[{"taxonomy":"category","embeddable":true,"href":"http:\/\/fmriachuelo.it10.com.ar\/index.php\/wp-json\/wp\/v2\/categories?post=647"},{"taxonomy":"post_tag","embeddable":true,"href":"http:\/\/fmriachuelo.it10.com.ar\/index.php\/wp-json\/wp\/v2\/tags?post=647"}],"curies":[{"name":"wp","href":"https:\/\/api.w.org\/{rel}","templated":true}]}}