{"id":6467,"date":"2018-03-01T13:10:57","date_gmt":"2018-03-01T13:10:57","guid":{"rendered":"http:\/\/fmriachuelo.com.ar\/?p=6467"},"modified":"2018-03-01T13:10:57","modified_gmt":"2018-03-01T13:10:57","slug":"como-la-dictadura-las-cagadas-antes-y-la-buena-letra-despues-del-mundial","status":"publish","type":"post","link":"http:\/\/fmriachuelo.it10.com.ar\/index.php\/2018\/03\/01\/como-la-dictadura-las-cagadas-antes-y-la-buena-letra-despues-del-mundial\/","title":{"rendered":"COMO LA DICTADURA, LAS CAGADAS ANTES Y LA BUENA LETRA  DESPU\u00c9S DEL MUNDIAL"},"content":{"rendered":"<p>[Jorge \u00abChiqui\u00bb Falcone, 01\/03\/2018]<\/p>\n<p>\u00abMacri en su Laberinto\u00bb<\/p>\n<p><em>Como agudamente han opinado numerosos analistas del campo popular, puede que el nexo entre las violentas manifestaciones de diciembre en protesta contra la Reforma Previsional y la descomunal concentraci\u00f3n de trabajadores\/as formales e informales del 21F &#8211; que incluy\u00f3 un arco plural de adhesiones: organismos de DDHH, Movimiento de Mujeres, sindicalismo combativo de base, etc. &#8211; est\u00e9 marcando la transformaci\u00f3n del creciente hartazgo popular en voluntad irreversible de erigir una barrera infranqueable ante un gobierno que realiza ingentes esfuerzos por desacreditar, dividir, y cooptar a la dirigencia sindical.<\/em><\/p>\n<p style=\"font-weight: 400\">Para conjurar el vendaval popular que arrecia, r\u00e1pido de reflejos (y aunque tiene posici\u00f3n tomada al respecto), el oficialismo ha arrojado la \u201cmanzana de la discordia\u201d habilitando el debate sobre el derecho al aborto, que &#8211; como se sabe &#8211; a\u00fan genera tensiones en una amplia franja social. En tanto, intentar\u00e1 invertir menos que el a\u00f1o pasado, apurando a contra reloj cuanta medida impopular tiene en carpeta hasta la realizaci\u00f3n del Mundial de f\u00fatbol a celebrarse en Rusia\u00a0entre el 14 de junio y el 15 de julio pr\u00f3ximos. Tal como el\u00a0<strong>Proceso de Reorganizaci\u00f3n Nacional<\/strong>\u00a0en 1978 usufructu\u00f3 el triunfo de nuestra Selecci\u00f3n comprado a Per\u00fa, el\u00a0<em>think thank<\/em>\u00a0gubernamental se entusiasma imaginando las mieles que podr\u00edan disfrutar en caso de obtenerse un resultado favorable tambi\u00e9n en esta edici\u00f3n. Si eso ocurriera, procurar\u00edan culminar el a\u00f1o con una pol\u00edtica de distenci\u00f3n, para jugar sus fichas a todo o nada durante 2019, triplicando las inversiones de 2017 con miras a asegurarse un nuevo turno electoral, lo que, a la luz del descontento social en alza, por ahora parece constituir apenas una ambiciosa expresi\u00f3n de deseo.<\/p>\n<p style=\"font-weight: 400\">Historizando un poco el momento actual, veremos que la acci\u00f3n de la dictadura que asalt\u00f3 el poder en 1976 bien puede interpretarse como un tiro de gracia contra el\u00a0<strong>Estado de Bienestar<\/strong>. En efecto, desde abril de aquel a\u00f1o el programa econ\u00f3mico del ministro\u00a0<strong>Mart\u00ednez de Hoz<\/strong>\u00a0se dedic\u00f3 a desmontar prolija y sistem\u00e1ticamente la Argentina de la Justicia Social, cimentada fundamentalmente entre 1945 y 1955, para atar el destino de nuestro pa\u00eds al designio del capitalismo global en ciernes. Veinte a\u00f1os despu\u00e9s, ya bajo el llamado\u00a0<strong>Consenso de las Commodities<\/strong>, un gobierno democr\u00e1tico &#8211; y paradojalmente tambi\u00e9n de signo justicialista &#8211; dejar\u00eda el camino expedito al avance del desierto verde de la soja, expresi\u00f3n parcial de una\u00a0<strong>nueva matriz productiva colonial<\/strong>\u00a0que habr\u00eda de extenderse a todo el continente, independientemente del perfil ideol\u00f3gico de sus gobiernos. En tal contexto se ir\u00eda configurando una clase dirigente, que nadie caracteriz\u00f3 mejor ni m\u00e1s oportunamente que el\u00a0<strong>Grupo de Reflexi\u00f3n Rural<\/strong>: \u201c<em>Esta nueva oligarqu\u00eda instal\u00f3 su protagonismo de manera sigilosa. Una oligarqu\u00eda distante de la otrora \u2018oligarqu\u00eda vacuna\u2019 que se impusiera al pa\u00eds en las postrimer\u00edas del siglo XIX, a instancias del entonces presidente Julio Argentino Roca. Este sector, que ten\u00eda en la Sociedad Rural Argentina (SRA) su representaci\u00f3n m\u00e1s genuina, conducir\u00eda &#8211; con breves interregnos &#8211; los destinos de la Argentina durante buena parte del siglo XX. Pero la irrupci\u00f3n hist\u00f3rica de esta nueva oligarqu\u00eda no-terrateniente (es decir,\u00a0<strong>una oligarqu\u00eda que no basa su poder\u00edo econ\u00f3mico en la propiedad sino en el uso de la tierra<\/strong>) configura un hecho decisivo que pocos se han atrevido a analizar. La ligaz\u00f3n que establece el modelo sojero entre el capital financiero y la investigaci\u00f3n cient\u00edfico-t\u00e9cnica, transform\u00f3 profundamente el esquema de producci\u00f3n agraria y redefini\u00f3 las relaciones de poder<\/em>\u201d.<\/p>\n<p style=\"font-weight: 400\">Tomando nota de esto \u00faltimo, y sumando el desencanto de una amplia franja social ante el abuso de un discurso seudo emancipatorio divorciado de impostergables cambios estructurales, no deber\u00eda extra\u00f1ar que en esta posguerra de un genocidio con alto poder aleccionador pasara a regir los destinos de la Naci\u00f3n una derecha de nuevo cu\u00f1o, que gobierna reinvent\u00e1ndose en peri\u00f3dicos retiros menos espirituales de lo que induce a suponer. En todo caso, la ofensiva antisindical en curso, acompa\u00f1ada de tard\u00edas medidas aparentemente \u00e9ticas (como el combate al nepotismo en la funci\u00f3n p\u00fablica o el congelamiento salarial del\u00a0<em>staff<\/em>\u00a0gubernamental), y hasta &#8211; qu\u00e9 duda cabe &#8211; la imposici\u00f3n de una pena de muerte t\u00e1cita por \u201cgatillo f\u00e1cil\u201d, a\u00fan fidelizan a ese difuso y voluble electorado que a partir de 2015 decidi\u00f3 apostar por un cambio (?)<\/p>\n<p style=\"font-weight: 400\">Por cierto, lo dicho hasta aqu\u00ed no pasa por alto que en \u201c<em>el subsuelo de la Patria sublevado<\/em>\u201d viene gest\u00e1ndose una lenta y casi imperceptible transformaci\u00f3n que por ahora quiz\u00e1 perciban m\u00e1s claramente l@s cientistas sociales especializados en el mundo del trabajo. Y es la que da cuenta de que\u00a0<strong>una tercera parte (en expansi\u00f3n) de l@s trabajadores\/as integra el fen\u00f3meno denominado \u201ceconom\u00eda popular\u201d<\/strong>, lo que pone en crisis la noci\u00f3n de sujeto hist\u00f3rico atribuida\u00a0\u00a0hasta no hace demasiado tiempo exclusivamente al Movimiento Obrero Organizado, colocando sobre el tapete una cada vez mayor gravitaci\u00f3n &#8211; cuantitativa y cualitativa &#8211; de las organizaciones sociales. Sin ir m\u00e1s lejos, en la m\u00e1s reciente manifestaci\u00f3n del mundo del trabajo, no casualmente fue el Secretario General de la CTEP quien reclam\u00f3 ante m\u00e1s de 300.000 personas el m\u00e1s pleno apoyo al\u00a0<strong>Paro Internacional de Mujeres del 8M<\/strong>, iniciativa hasta la fecha poco esperable por parte de la CGT. Los sectores m\u00e1s din\u00e1micos del sindicalismo van asumiendo estos cambios, y algunos hasta se atreven a reclamar una reorganizaci\u00f3n de la central obrera que integre la representaci\u00f3n de l@s trabajadores\/as informales a su plantel dirigencial.<\/p>\n<p style=\"font-weight: 400\">Por lo dem\u00e1s, una tasa de empleo modestamente traccionada por la construcci\u00f3n no resulta suficiente para absorber el amplio contingente de cesantead@s desde principios de a\u00f1o, ni para paliar una hambruna que aumenta exponencialmente (y que tal vez explica la proliferaci\u00f3n de insultos al primer mandatario en estadios deportivos, subtes y recitales). Tampoco alcanza para diluir las responsabilidades de los ministros\u00a0<strong>Aguad<\/strong>,\u00a0<strong>Triaca<\/strong>\u00a0y<strong>Caputo<\/strong>\u00a0&#8211; por mencionar apenas a un pu\u00f1ado de los funcionarios m\u00e1s comprometidos &#8211; en los\u00a0<em>affaires<\/em>\u00a0del\u00a0<strong>ARA San Juan<\/strong>, el\u00a0<strong>maltrato laboral<\/strong>, o el<strong>ocultamiento de fondos\u00a0<em>off shore<\/em><\/strong>\u00a0respectivamente. Todo lo cual parecer\u00eda indicar que, a la hora de enfrentar el \u201cmalestar en las bases\u201d, no bastar\u00e1 con reforzar asentamientos militares yanquis en las Tres Fronteras ni pedir\u00a0\u00a0la colaboraci\u00f3n del Comando Sur para garantizar la seguridad del G-20 ni escuchar ofertas de la empresa europea Deveryware sobre equipos de geolocalizaci\u00f3n de sospechosos. Porque, como bien canta Silvio Rodr\u00edguez, \u201c<em>El tiempo est\u00e1 a favor de los peque\u00f1os. \/\u00a0De los desnudos, de los olvidados. \/\u00a0\u00a0El tiempo est\u00e1 a favor de buenos sue\u00f1os\u00a0\/\u00a0\u00a0y se pronuncia a golpes apurados<\/em><strong>\u201d<em>.-<\/em><\/strong><\/p>\n","protected":false},"excerpt":{"rendered":"<p>[Jorge \u00abChiqui\u00bb Falcone, 01\/03\/2018] \u00abMacri en su Laberinto\u00bb Como agudamente han opinado numerosos analistas del campo popular, puede que el nexo entre las violentas manifestaciones de diciembre en protesta contra la Reforma Previsional y la descomunal concentraci\u00f3n de trabajadores\/as formales e informales del 21F &#8211; que incluy\u00f3 un arco plural de adhesiones: organismos de DDHH, [&hellip;]<\/p>\n","protected":false},"author":5,"featured_media":6468,"comment_status":"open","ping_status":"open","sticky":false,"template":"","format":"standard","meta":{"_monsterinsights_skip_tracking":false,"_monsterinsights_sitenote_active":false,"_monsterinsights_sitenote_note":"","_monsterinsights_sitenote_category":0,"jnews-multi-image_gallery":[],"jnews_single_post":[],"jnews_primary_category":[],"_joinchat":[],"footnotes":""},"categories":[80,79,76],"tags":[],"class_list":["post-6467","post","type-post","status-publish","format-standard","has-post-thumbnail","hentry","category-educacion","category-nadie-se-salva-solo","category-salud-comunitaria"],"_links":{"self":[{"href":"http:\/\/fmriachuelo.it10.com.ar\/index.php\/wp-json\/wp\/v2\/posts\/6467","targetHints":{"allow":["GET"]}}],"collection":[{"href":"http:\/\/fmriachuelo.it10.com.ar\/index.php\/wp-json\/wp\/v2\/posts"}],"about":[{"href":"http:\/\/fmriachuelo.it10.com.ar\/index.php\/wp-json\/wp\/v2\/types\/post"}],"author":[{"embeddable":true,"href":"http:\/\/fmriachuelo.it10.com.ar\/index.php\/wp-json\/wp\/v2\/users\/5"}],"replies":[{"embeddable":true,"href":"http:\/\/fmriachuelo.it10.com.ar\/index.php\/wp-json\/wp\/v2\/comments?post=6467"}],"version-history":[{"count":0,"href":"http:\/\/fmriachuelo.it10.com.ar\/index.php\/wp-json\/wp\/v2\/posts\/6467\/revisions"}],"wp:featuredmedia":[{"embeddable":true,"href":"http:\/\/fmriachuelo.it10.com.ar\/index.php\/wp-json\/wp\/v2\/media\/6468"}],"wp:attachment":[{"href":"http:\/\/fmriachuelo.it10.com.ar\/index.php\/wp-json\/wp\/v2\/media?parent=6467"}],"wp:term":[{"taxonomy":"category","embeddable":true,"href":"http:\/\/fmriachuelo.it10.com.ar\/index.php\/wp-json\/wp\/v2\/categories?post=6467"},{"taxonomy":"post_tag","embeddable":true,"href":"http:\/\/fmriachuelo.it10.com.ar\/index.php\/wp-json\/wp\/v2\/tags?post=6467"}],"curies":[{"name":"wp","href":"https:\/\/api.w.org\/{rel}","templated":true}]}}