{"id":6464,"date":"2018-03-01T04:24:01","date_gmt":"2018-03-01T04:24:01","guid":{"rendered":"http:\/\/fmriachuelo.com.ar\/?p=6464"},"modified":"2018-03-01T04:24:01","modified_gmt":"2018-03-01T04:24:01","slug":"trabajadorxs-movilizaron-contra-el-ajuste-en-la-ciudad","status":"publish","type":"post","link":"http:\/\/fmriachuelo.it10.com.ar\/index.php\/2018\/03\/01\/trabajadorxs-movilizaron-contra-el-ajuste-en-la-ciudad\/","title":{"rendered":"TRABAJADORXS MOVILIZARON CONTRA EL AJUSTE EN LA CIUDAD"},"content":{"rendered":"<p>[FM RIACHUELO 01\/03\/2018] Con las mismas consignas de la marcha del 21 de Febrero, que demostr\u00f3 la consolidaci\u00f3n del proceso de unidad de los trabajadores frente a las pol\u00edticas de hambre y ajuste del gobierno nacional, se realiz\u00f3 en la tarde de ayer una movilizaci\u00f3n que culmin\u00f3 en el Ministerio de Hacienda porte\u00f1o. Trabajadores del subte, docentes, estatales, camioneros, y judiciales marcharon contra los despidos y el techo a paritarias. De la econom\u00eda popular acompa\u00f1aron la CTEP, el Frente Popular Dar\u00edo Santill\u00e1n y la Corriente Clasista Combativa.<\/p>\n<p>El Secretario General de la Confederaci\u00f3n de Trabajadores de la Econom\u00eda Popular en la ciudad, Rafael Klejzer, celebr\u00f3 la participaci\u00f3n de quienes, habiendo sido expulsados del sistema de producci\u00f3n formal, d\u00eda a d\u00eda construyen su propio trabajo: \u201cNo hay pol\u00edtica p\u00fablica que pueda resolver la seguridad, la pobreza, el reciclado sin comunidad, y eso es lo que hoy venimos a traer, no porque seamos genios, sino porque es la \u00fanica forma en la que podemos sobrevivir: en comunidad\u201d.<\/p>\n<p>Tambi\u00e9n dedic\u00f3 unas palabras a la elite gobernante: \u201cno s\u00f3lo objetamos el rumbo econ\u00f3mico, no s\u00f3lo el ajuste contra los trabajadores y el achicamiento de nuestros salarios, tambi\u00e9n objetamos el sistema pol\u00edtico. Nuestro sector es el resultado de la falta de pol\u00edtica de inclusi\u00f3n. No queremos discutir mas la pobreza, sino la riqueza que todos generamos en nuestro pa\u00eds y es apropiada por un pu\u00f1ado, blindado por la pol\u00edtica y los medios de comunicaci\u00f3n\u201d.<\/p>\n<p>El dirigente pidi\u00f3 ponerle un freno al gobierno de Larreta: \u201cvamos a llamar a paros, movilizaciones, piquetes y les vamos a tomar todos los ministerios que hagan falta como los compa\u00f1eros y compa\u00f1eras de ATE. El correlato del 21F est\u00e1 hoy ac\u00e1, pero tenemos que ampliar la cancha, ser generosos y escuchar las propuestas del otro.\u201d Y cerr\u00f3 el acto festejando la unidad: \u201cla \u00fanica divisi\u00f3n est\u00e1 entre los que luchan y los que traicionan. A todos los compa\u00f1eros de los sindicatos que hoy est\u00e1n ac\u00e1 les digo que si necesitan una mano, si est\u00e1n en conflicto, si la patronal los bardea, los trabajadores y trabajadoras de la econom\u00eda popular van a estar junto a ustedes\u201d.<\/p>\n<p>Escucha los testimonios:<\/p>\n<p><a href=\"https:\/\/soundcloud.com\/prensa-fm-riachuelo\/sets\/28-02-2018-jornada-de-lucha-bastadeajusteenlaciudad\">https:\/\/soundcloud.com\/prensa-fm-riachuelo\/sets\/28-02-2018-jornada-de-lucha-bastadeajusteenlaciudad<\/a><\/p>\n<p>En el acto hablaron referentes de diversos sindicatos, todos expresando la necesidad de articular las demandas de los distintos sectores para que el gobierno de Horacio Rodr\u00edguez Larreta atienda los reclamos. Entre ellos estuvieron: Vanesa Siley del Sindicato de Trabajadores Judiciales (SITRAJU), Eduardo Lopez secretario general de Uni\u00f3n de Trabajadores de la Educaci\u00f3n (UTE), Daniel Catalano de Asociaci\u00f3n de Trabajadores del Estado (ATE Capital), y Hugo Yaski de CTA de los Trabajadores.<\/p>\n<p>Al cierre de la actividad las distintas columnas acompa\u00f1aron a los trabajadores de ATE Capital \u00a0al encuentro de sus compa\u00f1eros despedidos de Radio Ciudad \u00a0y las trabajadoras estatales de la villa 31, que hac\u00eda 72 horas tomaban pac\u00edficamente el Ministerio de Hacienda, (y a quienes les cortaron deliberadamente la luz y el agua) para levantar el acampe y realizar una vigilia en Legislatura a la espera del jefe de gobierno porte\u00f1o.<\/p>\n","protected":false},"excerpt":{"rendered":"<p>[FM RIACHUELO 01\/03\/2018] Con las mismas consignas de la marcha del 21 de Febrero, que demostr\u00f3 la consolidaci\u00f3n del proceso de unidad de los trabajadores frente a las pol\u00edticas de hambre y ajuste del gobierno nacional, se realiz\u00f3 en la tarde de ayer una movilizaci\u00f3n que culmin\u00f3 en el Ministerio de Hacienda porte\u00f1o. Trabajadores del [&hellip;]<\/p>\n","protected":false},"author":5,"featured_media":6465,"comment_status":"open","ping_status":"open","sticky":false,"template":"","format":"standard","meta":{"_monsterinsights_skip_tracking":false,"_monsterinsights_sitenote_active":false,"_monsterinsights_sitenote_note":"","_monsterinsights_sitenote_category":0,"jnews-multi-image_gallery":[],"jnews_single_post":[],"jnews_primary_category":[],"_joinchat":[],"footnotes":""},"categories":[78,76],"tags":[],"class_list":["post-6464","post","type-post","status-publish","format-standard","has-post-thumbnail","hentry","category-economia-popular","category-salud-comunitaria"],"_links":{"self":[{"href":"http:\/\/fmriachuelo.it10.com.ar\/index.php\/wp-json\/wp\/v2\/posts\/6464","targetHints":{"allow":["GET"]}}],"collection":[{"href":"http:\/\/fmriachuelo.it10.com.ar\/index.php\/wp-json\/wp\/v2\/posts"}],"about":[{"href":"http:\/\/fmriachuelo.it10.com.ar\/index.php\/wp-json\/wp\/v2\/types\/post"}],"author":[{"embeddable":true,"href":"http:\/\/fmriachuelo.it10.com.ar\/index.php\/wp-json\/wp\/v2\/users\/5"}],"replies":[{"embeddable":true,"href":"http:\/\/fmriachuelo.it10.com.ar\/index.php\/wp-json\/wp\/v2\/comments?post=6464"}],"version-history":[{"count":0,"href":"http:\/\/fmriachuelo.it10.com.ar\/index.php\/wp-json\/wp\/v2\/posts\/6464\/revisions"}],"wp:featuredmedia":[{"embeddable":true,"href":"http:\/\/fmriachuelo.it10.com.ar\/index.php\/wp-json\/wp\/v2\/media\/6465"}],"wp:attachment":[{"href":"http:\/\/fmriachuelo.it10.com.ar\/index.php\/wp-json\/wp\/v2\/media?parent=6464"}],"wp:term":[{"taxonomy":"category","embeddable":true,"href":"http:\/\/fmriachuelo.it10.com.ar\/index.php\/wp-json\/wp\/v2\/categories?post=6464"},{"taxonomy":"post_tag","embeddable":true,"href":"http:\/\/fmriachuelo.it10.com.ar\/index.php\/wp-json\/wp\/v2\/tags?post=6464"}],"curies":[{"name":"wp","href":"https:\/\/api.w.org\/{rel}","templated":true}]}}