{"id":6454,"date":"2018-02-28T15:49:12","date_gmt":"2018-02-28T15:49:12","guid":{"rendered":"http:\/\/fmriachuelo.com.ar\/?p=6454"},"modified":"2018-02-28T15:49:12","modified_gmt":"2018-02-28T15:49:12","slug":"se-realizo-la-primer-audiencia-del-juicio-por-el-asesinato-de-nehuen-rodriguez","status":"publish","type":"post","link":"http:\/\/fmriachuelo.it10.com.ar\/index.php\/2018\/02\/28\/se-realizo-la-primer-audiencia-del-juicio-por-el-asesinato-de-nehuen-rodriguez\/","title":{"rendered":"SE REALIZ\u00d3 LA PRIMER AUDIENCIA DEL JUICIO POR EL ASESINATO DE NEHU\u00c9N RODR\u00cdGUEZ"},"content":{"rendered":"<p>[FM RIACHUELO 28\/02\/2018] Este martes se llevo a cabo la primera audiencia por el juicio oral y p\u00fablico a los culpables por la muerte de Nehu\u00e9n Rodr\u00edguez. El mismo se realiz\u00f3 en el Palacio de Tribunales de la Ciudad de Buenos Aires, acompa\u00f1aron distintas organizaciones sociales, organismos de DDHH, as\u00ed como tambi\u00e9n familiares de v\u00edctimas de violencia institucional.<\/p>\n<p>A las 9 de la ma\u00f1ana\u00a0 la zona de tribunales ya se encuentra con su ajetreado ritmo de siempre. La esquina de Talcahuano y Lavalle desborda vida y colores de distintas banderas. Es un d\u00eda muy esperado por la familia de Nehu\u00e9n y organizaciones del barrio de La Boca. Desde el verano del 2016 que el Poder Judicial pospone el juicio oral y p\u00fablico que busca clarificar el asesinato de un chico de 18 a\u00f1os y el castigo de los culpables.<\/p>\n<p>Mientras en el \u00a0Palacio de Tribunales los polic\u00edas implicados brindan pruebas poco contundentes para ilustrar el hecho alegando la falta de memoria, es la esquina al aire libre la que \u00a0ha montado una radio abierta popular que brinda un espacio para comunicar a actores que se vieron silenciados infinidad de veces en el sistema. La violencia institucional engloba toda actividad violenta por acci\u00f3n u omisi\u00f3n de las instituciones hacia las personas. Seg\u00fan Micaela, vocera de la Correpi desde el a\u00f1o 1983 hasta noviembre del 2017 se registraron \u00a0casi 5.500 casos de muerte de personas asesinadas por el aparato estatal. Se acercan familiares de v\u00edctimas a la radio para ponerle nombres a esos n\u00fameros brindados por la organizaci\u00f3n. La madre de Kiki Lezcano, un joven de 17 a\u00f1os asesinado por la polic\u00eda y ocultado durante dos meses en la tumba de un cementerio como un NN, cuenta con l\u00e1grimas en los ojos c\u00f3mo se desvaloriza la vida de los m\u00e1s pobres por el simple hecho de no poseer recursos para enfrentarse a los abusos de poder. Tambi\u00e9n se encuentra por ah\u00ed Anna Rodionova, madre de Natalia una de las chicas asesinadas en la plaza Irala por un veterinario, que relata el deseo del juez a cargo de su causa por declarar inimputable a un asesino de su hija. Est\u00e1 Jorge escuchando atentamente el descargo de esa mujer. Este hombre fue padre de Pitu y Pola dos ni\u00f1os que se murieron en un incendio de un conventillo de La Boca. \u00c9l afirma que las fuerzas de la zona que tendr\u00edan que haberlos asistido hicieron la vista gorda y miraron para otro lado, por lo que busca imputarlos por negligencia. A medida que escucha el estado de la causa de Natalia, logra establecer similitudes con su caso en relaci\u00f3n a la violencia que sufren ambos por parte del tribunal. Parece ser que ignorar las pruebas fehacientes e inmunizar a cualquier tipo de responsabilidad que pudiesen tener las instituciones p\u00fablicas es una moneda de cambio corriente en esos espacios. Por \u00faltimo se acerca Lucas Cabello, v\u00edctima de un caso de violencia policial que en el 2015 lo dejo en silla de ruedas. Formula una frase que le da sentido a esa actividad llevada adelante en la mitad del microcentro porte\u00f1o por distintos actores del barrio sure\u00f1o de la Capital Federal: \u201cEstoy ac\u00e1 en el juicio por Nehu\u00e9n acompa\u00f1ando a Roxana, con la que somos amigos hace muchos a\u00f1os y con la que s\u00e9 que cuando inicie mi juicio voy a poder contar, y con toda la banda que hay ac\u00e1 tambi\u00e9n. Me parece muy importante que haya agrupaciones que se preocupen por los pibes que estamos perdiendo en el barrio. Cada vez somos menos, y por suerte yo estoy ac\u00e1 pudiendo hablar con ustedes, que quiz\u00e1s hay pibes que no tuvieron la suerte. Y eso hace que yo me sienta fuerte y quiera\u00a0 recuperarme para dar la lucha por ellos. Para el d\u00eda de ma\u00f1ana poder hacer justicia por ellos.\u201d<\/p>\n<p>Lo \u00fanico que pod\u00eda cerrar una jornada tan solidaria como esta pod\u00eda ser el testimonio de Roxana Carrizos, madre de Nehu\u00e9n contando c\u00f3mo hab\u00eda sido la audiencia. Relata el miedo y angustia que genera tener al asesino de un hijo sentado en la misma sala, algunos baches dudosos con los testimonios y la ausencia de ellos sin respuesta por parte de la defensa,\u00a0 la sensaci\u00f3n que percibe por parte del tribunal de querer seguir poniendo palos en la rueda para evitar condenar a los asesinos de Nehu\u00e9n y salvaguardar la reputaci\u00f3n del aparato represivo de la fuerza de seguridad estatal.\u00a0 Pero tambi\u00e9n logra analizar el vaso medio lleno de la situaci\u00f3n y dice: Estoy feliz por todos estos compa\u00f1eros y compa\u00f1eras que est\u00e1n ac\u00e1 apoyando. Porque como nosotros siempre decimos \u201cla lucha est\u00e1 en las calles\u201d. Y la lucha sigue porque la lista de los pibes que matan es cada d\u00eda m\u00e1s larga. Y m\u00e1s all\u00e1 de que los jueces nunca tiren para nuestro lado, lo que vamos a lograr es la justicia social, conseguir memoria para todos nuestros hijos que nos han arrebatado y a los que no como Lucas, junto con el que vamos a estar acompa\u00f1ando. \u00a1Hay que dar la pelea!\u201d<\/p>\n<p>El agradecimiento que esa mujer tiene para con las organizaciones que la acompa\u00f1aron se transparenta en su rostro. Entre ellas se encontraban: Radio Gr\u00e1fica, FM La Caterva, FM Riachuelo, Organizaci\u00f3n Los Pibes, Centro Cultural Miguel Miranda, Agencia Paco Urondo, MP La Dignidad, Frente Popular Dar\u00edo Santill\u00e1n, Comisi\u00f3n de Amigos y Familiares de \u201cDar\u00edo Santill\u00e1n\u201d, La C\u00e1mpora La Boca, Secretar\u00eda de Derechos Humanos de la CETP, La Boca Resiste y Propone, Campa\u00f1a Nacional contra la Violencia Institucional, CORREPI, La Garganta Poderosa, PTS Barracas, Partido Obrero La Boca, Partido Comunista La Boca, El Paseo de la Econom\u00eda Popular \u201cMart\u00edn Oso Cisneros\u201d, La Retaguardia, El Patio Casa Popular, El Hormiguero, CEPRODH, La Comisi\u00f3n Memoria, Verdad y Justicia Zona Norte, Escuela popular de arte Ester Ballestrino, Raquel y Jorge Witis, Corriente Jauretche, Movimiento No Mataras, Asociaci\u00f3n contra la violencia institucional (ACVI), CICOPS- Casa Tasso, Colectivo Artistico Vecinal de La Boca, Sur Capitalino, Simon Bolivar OLP, Cidac, Centro Comunitario Copitos, CC El Sue\u0148ero, Proyecto Popular, Coordinadora de estudiantes de base, Revista Venceremos, Centro de Estudiantes del Isfa Manuel Belgrano (CEIMB), Pablo Ferreyra, diputado Patricio del Corro, diputada Myriam Bregman, Mesa gremial 19 y 20, Secretaria de la mujer y diversidad CTEP, Agrupacion H.I.J.O.S. Capital, Colectivo no a las torres en Catalinas- La Boca, Centro Barrial y Cultural La Bonavena, Nuevo Encuentro La Boca, Jos\u00e9 Cruz Campagnoli, presidente de Nuevo Encuentro CABA, Andrea Conde, legisladora porte\u00f1a por Unidad Ciudadana, Asociaci\u00f3n Civil Desactivar Redes Comunitarias, Cesac N* 41, Leo Grosso, diputado nacional, Red Solidaria de Trabajadorxs de La Boca, Diputado por el Frente de Izquierda y de los Trabajadores &#8211; Partido Obrero Gabriel Solano, FUBA (Federaci\u00f3n Universitaria de Buenos Aires ), Bloque de Trabajadorxs Migrantes (BTM), Horacio Pietragalla, diputado nacional, OCIVI (Observatorio contra la inseguridad y la violencia institucional), Colectivo de Antropologxs, Comunicadorxs y Sociologxs del GCBA, Fundacion CasaSan, ATE CAPITAL, USINA, Nuevo Encuentro CABA, Cecilia Segura, presidenta de la auditor\u00eda general de la ciudad, Juan Cabandie, diputado nacional, Agrupaci\u00f3n Vecinos de La Boca, Boca es Pueblo, Centro Pol\u00edtico y Cultural Eduardo Galeano, Programa de Violencia Institucional del Ministerio P\u00fablico de la Defensa de CABA, Bloque Legisladores Unidad Ciudadana, FOB Federaci\u00f3n de Organizaciones de Base, Asamblea Permanente por los Derechos humanos de la Matanza, Nora Corti\u00f1as y Mirta Baravalle Madres L\u00ednea Fundadora, Polo Obrero Capital, Patria Grande La Boca, Ademys Asociaci\u00f3n Docentes de Educaci\u00f3n Media y Superior, Movimiento Resistencia Popular, Juventud de la Corriente Clacista y Combativa, Gabriel Fuks Defensor Adjunto de la Defensoria del Pueblo de la Ciudad, CAPOMA (Centro de Acci\u00f3n Popular Olga M\u00e1rquez de Aredez).<\/p>\n<p>Escucha los testimonios<\/p>\n<p><iframe loading=\"lazy\" title=\"27\/02\/2018 JUICIO ORAL POR NEHUEN RODRIGUEZ. NI UN PIBE MENOS by FMR\" width=\"500\" height=\"450\" scrolling=\"no\" frameborder=\"no\" src=\"https:\/\/w.soundcloud.com\/player\/?visual=true&#038;url=https%3A%2F%2Fapi.soundcloud.com%2Fplaylists%2F459413394&#038;show_artwork=true&#038;maxheight=750&#038;maxwidth=500\"><\/iframe><\/p>\n","protected":false},"excerpt":{"rendered":"<p>[FM RIACHUELO 28\/02\/2018] Este martes se llevo a cabo la primera audiencia por el juicio oral y p\u00fablico a los culpables por la muerte de Nehu\u00e9n Rodr\u00edguez. El mismo se realiz\u00f3 en el Palacio de Tribunales de la Ciudad de Buenos Aires, acompa\u00f1aron distintas organizaciones sociales, organismos de DDHH, as\u00ed como tambi\u00e9n familiares de v\u00edctimas [&hellip;]<\/p>\n","protected":false},"author":5,"featured_media":6455,"comment_status":"open","ping_status":"open","sticky":false,"template":"","format":"standard","meta":{"_monsterinsights_skip_tracking":false,"_monsterinsights_sitenote_active":false,"_monsterinsights_sitenote_note":"","_monsterinsights_sitenote_category":0,"jnews-multi-image_gallery":[],"jnews_single_post":[],"jnews_primary_category":[],"_joinchat":[],"footnotes":""},"categories":[78,76],"tags":[],"class_list":["post-6454","post","type-post","status-publish","format-standard","has-post-thumbnail","hentry","category-economia-popular","category-salud-comunitaria"],"_links":{"self":[{"href":"http:\/\/fmriachuelo.it10.com.ar\/index.php\/wp-json\/wp\/v2\/posts\/6454","targetHints":{"allow":["GET"]}}],"collection":[{"href":"http:\/\/fmriachuelo.it10.com.ar\/index.php\/wp-json\/wp\/v2\/posts"}],"about":[{"href":"http:\/\/fmriachuelo.it10.com.ar\/index.php\/wp-json\/wp\/v2\/types\/post"}],"author":[{"embeddable":true,"href":"http:\/\/fmriachuelo.it10.com.ar\/index.php\/wp-json\/wp\/v2\/users\/5"}],"replies":[{"embeddable":true,"href":"http:\/\/fmriachuelo.it10.com.ar\/index.php\/wp-json\/wp\/v2\/comments?post=6454"}],"version-history":[{"count":0,"href":"http:\/\/fmriachuelo.it10.com.ar\/index.php\/wp-json\/wp\/v2\/posts\/6454\/revisions"}],"wp:featuredmedia":[{"embeddable":true,"href":"http:\/\/fmriachuelo.it10.com.ar\/index.php\/wp-json\/wp\/v2\/media\/6455"}],"wp:attachment":[{"href":"http:\/\/fmriachuelo.it10.com.ar\/index.php\/wp-json\/wp\/v2\/media?parent=6454"}],"wp:term":[{"taxonomy":"category","embeddable":true,"href":"http:\/\/fmriachuelo.it10.com.ar\/index.php\/wp-json\/wp\/v2\/categories?post=6454"},{"taxonomy":"post_tag","embeddable":true,"href":"http:\/\/fmriachuelo.it10.com.ar\/index.php\/wp-json\/wp\/v2\/tags?post=6454"}],"curies":[{"name":"wp","href":"https:\/\/api.w.org\/{rel}","templated":true}]}}