{"id":6446,"date":"2018-02-28T15:34:05","date_gmt":"2018-02-28T15:34:05","guid":{"rendered":"http:\/\/fmriachuelo.com.ar\/?p=6446"},"modified":"2018-02-28T15:34:05","modified_gmt":"2018-02-28T15:34:05","slug":"inicio-del-juicio-por-el-asesinato-de-nehuen-rodriguez-no-solo-con-balas-mata-la-policia","status":"publish","type":"post","link":"http:\/\/fmriachuelo.it10.com.ar\/index.php\/2018\/02\/28\/inicio-del-juicio-por-el-asesinato-de-nehuen-rodriguez-no-solo-con-balas-mata-la-policia\/","title":{"rendered":"INICIO DEL JUICIO POR EL ASESINATO DE NEHU\u00c9N RODR\u00cdGUEZ: NO SOLO CON BALAS MATA LA POLIC\u00cdA"},"content":{"rendered":"<p>[Colectivo de Medios Populares*\u00a028\/02\/2018] Este martes comenz\u00f3 el juicio oral por la muerte del joven porte\u00f1o del barrio de la Boca a manos de la entonces polic\u00eda metropolitana, ocurrida en diciembre del 2014. El inicio de las audiencias fue tres veces postergado por las trabas del Poder Judicial. El pr\u00f3ximo jueves ser\u00e1 la segunda audiencia.<\/p>\n<p>La muerte del joven porte\u00f1o del barrio de la Boca, Nehuen Rodr\u00edguez, a manos de la entonces Polic\u00eda Metropolitana, ocurrida en diciembre del 2014, comenz\u00f3 a ser juzgada en juicio oral y p\u00fablico este martes 27 de febrero. El inicio de las audiencias fue tres veces postergado por las trabas del Poder Judicial. El pr\u00f3ximo jueves ser\u00e1 la segunda audiencia.<\/p>\n<p><img loading=\"lazy\" decoding=\"async\" class=\"aligncenter wp-image-6455 size-large\" src=\"http:\/\/fmriachuelo.com.ar\/wp-content\/uploads\/2018\/02\/WhatsApp-Image-2018-02-28-at-12.02.35-1-1024x683.jpeg\" alt=\"\" width=\"640\" height=\"427\" srcset=\"http:\/\/fmriachuelo.it10.com.ar\/wp-content\/uploads\/2018\/02\/WhatsApp-Image-2018-02-28-at-12.02.35-1-1024x683.jpeg 1024w, http:\/\/fmriachuelo.it10.com.ar\/wp-content\/uploads\/2018\/02\/WhatsApp-Image-2018-02-28-at-12.02.35-1-300x200.jpeg 300w, http:\/\/fmriachuelo.it10.com.ar\/wp-content\/uploads\/2018\/02\/WhatsApp-Image-2018-02-28-at-12.02.35-1-768x512.jpeg 768w, http:\/\/fmriachuelo.it10.com.ar\/wp-content\/uploads\/2018\/02\/WhatsApp-Image-2018-02-28-at-12.02.35-1-750x500.jpeg 750w, http:\/\/fmriachuelo.it10.com.ar\/wp-content\/uploads\/2018\/02\/WhatsApp-Image-2018-02-28-at-12.02.35-1-1140x761.jpeg 1140w, http:\/\/fmriachuelo.it10.com.ar\/wp-content\/uploads\/2018\/02\/WhatsApp-Image-2018-02-28-at-12.02.35-1.jpeg 1280w\" sizes=\"auto, (max-width: 640px) 100vw, 640px\" \/><\/p>\n<p>En el banquillo de los acusados del Tribunal Oral 4, a cargo del juez Julio C\u00e9sar B\u00e1ez, se pudo ver por fin sentado al que era entonces sub oficial de la polic\u00eda metropolitana, German Daniel Castagnasso. El agente policial manejaba la camioneta que choc\u00f3 y mat\u00f3 en el acto a Nehuen. La Boca, el barrio de \u00e9ste joven al que le quitaron la vida con tan s\u00f3lo 18 a\u00f1os, es un barrio con una organizaci\u00f3n popular fuerte, que puede sentirse caminando por sus calles: los murales, las pintadas que exigen justicia por Nehuen y anuncian fechas de este juicio postergado, los comedores, las organizaciones sociales y pol\u00edticas, los medios populares. Desde La Boca a la puerta de Tribunales la potencia de esa organizaci\u00f3n popular se hizo sentir entre radio abierta, pintada de murales de otros casos de violencia institucional del barrio, actividades para pibes y pibas, armado de stenciles, m\u00fasica, y m\u00e1s.<\/p>\n<p><img loading=\"lazy\" decoding=\"async\" class=\"size-medium wp-image-6461 alignleft\" src=\"http:\/\/fmriachuelo.com.ar\/wp-content\/uploads\/2018\/02\/WhatsApp-Image-2018-02-28-at-13.02.43-300x200.jpeg\" alt=\"\" width=\"300\" height=\"200\" srcset=\"http:\/\/fmriachuelo.it10.com.ar\/wp-content\/uploads\/2018\/02\/WhatsApp-Image-2018-02-28-at-13.02.43-300x200.jpeg 300w, http:\/\/fmriachuelo.it10.com.ar\/wp-content\/uploads\/2018\/02\/WhatsApp-Image-2018-02-28-at-13.02.43-1024x682.jpeg 1024w, http:\/\/fmriachuelo.it10.com.ar\/wp-content\/uploads\/2018\/02\/WhatsApp-Image-2018-02-28-at-13.02.43-768x512.jpeg 768w, http:\/\/fmriachuelo.it10.com.ar\/wp-content\/uploads\/2018\/02\/WhatsApp-Image-2018-02-28-at-13.02.43-750x500.jpeg 750w, http:\/\/fmriachuelo.it10.com.ar\/wp-content\/uploads\/2018\/02\/WhatsApp-Image-2018-02-28-at-13.02.43-1140x760.jpeg 1140w, http:\/\/fmriachuelo.it10.com.ar\/wp-content\/uploads\/2018\/02\/WhatsApp-Image-2018-02-28-at-13.02.43.jpeg 1280w\" sizes=\"auto, (max-width: 300px) 100vw, 300px\" \/>En las puertas del Palacio de Tribunales se concentraron organizaciones sociales, pol\u00edticas, de derechos humanos, familiares v\u00edctimas de violencia institucional\/represi\u00f3n estatal, colectivos de artistas. Porque tambi\u00e9n sabemos, la presi\u00f3n que podamos hacer afuera en el transcurso de este juicio es central para lograr la condena a los asesinos (aunque la justicia imputa a uno s\u00f3lo de ellos) de Nehuen. Desde afuera en la radio abierta organizada por un conjunto de medios populares, tomaron la palabra familiares de Nehuen y de otros casos de violencia institucional. Se sumaron para abrazar y acompa\u00f1ar a Roxana, m\u00e1s conocida como Roxy, su mam\u00e1, incansable mujer luchadora, que casi siempre nos regala sus sonrisas, a\u00fan en momentos dif\u00edciles y dolorosos. Roxy nunca est\u00e1 sola, siempre la acompa\u00f1a alguna hija, sobrina, hermano, amigo, amiga. Ellxs tambi\u00e9n pasaron por la radio, y Leila, prima de Nehuen empez\u00f3 record\u00e1ndonos c\u00f3mo se encontraba aquel 14 de Diciembre de 2014: \u201cestaba s\u00faper chocho porque ascendi\u00f3 Hurac\u00e1n, y lo \u00fanico que quer\u00eda era festejar\u201d.<\/p>\n<p>Tambi\u00e9n nos habl\u00f3 sobre la justicia y sus expectativas en este juicio: \u201csinceramente yo creo que Dios va a poner su mano en este juzgado para que se haga justicia porque realmente creo que si llegamos a esta instancia con tantos obst\u00e1culos. No querer darnos las c\u00e1maras, tocar el veh\u00edculo para que no se vea a qu\u00e9 velocidad iba, comprarnos un testigo, adem\u00e1s de cambiarnos la fecha continuamente, y con toda la gente que nos est\u00e1 apoyando, creo que Dios est\u00e1 en estos momentos haciendo que all\u00e1 adentro se quiebre el que reamente hizo lo que hizo\u201d.<br \/>\n\u201cCreo que se va a hacer justicia, que esto va a terminar bien y yo lo voy a dar como testimonio\u201d, sintetiz\u00f3 la prima de Nehuen. Esteban, el t\u00edo de Nehuen, habl\u00f3 de la espera y la amnesia policial: \u201cesperamos tres a\u00f1os, como dec\u00eda, ahora los polic\u00edas se olvidan todo, no saben nada.\u201d<\/p>\n<p>Para cerrar, Milagros, hermana de Nehuen, puso el foco en la justicia social \u201cCreo que va a haber justicia, si no hay justicia por parte del Estado por lo menos que haya una justicia social, que escrachen al tipo, que por lo menos este en su conciencia que mat\u00f3 un chico que podr\u00eda haber sido su hijo. Tengo fe que va a haber justicia, por alg\u00fan lado le va a llegar la justicia\u201d. La hermana del joven termin\u00f3 expresando: \u201cgracias a todos los que vinieron a apoyar y siempre estuvieron apoyando la causa porque fueron tres a\u00f1os muy dif\u00edciles, con mucha lucha, a pesar de todas las piedras que pusieron en el camino, pero gracias a todo el esfuerzo pudimos llegar a conseguir el derecho de un juicio oral\u201d.<\/p>\n<p><img loading=\"lazy\" decoding=\"async\" class=\"aligncenter wp-image-6459 size-large\" src=\"http:\/\/fmriachuelo.com.ar\/wp-content\/uploads\/2018\/02\/WhatsApp-Image-2018-02-28-at-12.59.59-1024x683.jpeg\" alt=\"\" width=\"640\" height=\"427\" srcset=\"http:\/\/fmriachuelo.it10.com.ar\/wp-content\/uploads\/2018\/02\/WhatsApp-Image-2018-02-28-at-12.59.59-1024x683.jpeg 1024w, http:\/\/fmriachuelo.it10.com.ar\/wp-content\/uploads\/2018\/02\/WhatsApp-Image-2018-02-28-at-12.59.59-300x200.jpeg 300w, http:\/\/fmriachuelo.it10.com.ar\/wp-content\/uploads\/2018\/02\/WhatsApp-Image-2018-02-28-at-12.59.59-768x512.jpeg 768w, http:\/\/fmriachuelo.it10.com.ar\/wp-content\/uploads\/2018\/02\/WhatsApp-Image-2018-02-28-at-12.59.59-750x500.jpeg 750w, http:\/\/fmriachuelo.it10.com.ar\/wp-content\/uploads\/2018\/02\/WhatsApp-Image-2018-02-28-at-12.59.59-1140x761.jpeg 1140w, http:\/\/fmriachuelo.it10.com.ar\/wp-content\/uploads\/2018\/02\/WhatsApp-Image-2018-02-28-at-12.59.59.jpeg 1280w\" sizes=\"auto, (max-width: 640px) 100vw, 640px\" \/><\/p>\n<p>Asimismo, por la radio abierta pas\u00f3 tambi\u00e9n Ang\u00e9lica Urquiza, madre del Kiki Lezcano: \u201cNosotros aprendemos no solo de las Madres de Plaza de Mayo, sino tambi\u00e9n de aquellos familiares, que casualmente somos de barrios humildes, de villas, que ah\u00ed est\u00e1n nuestros negritos, ellos que son perseguidos por la polic\u00eda, como el caso de Kiki con el Indio Chavez de la 52. O como Luciano (Arruga). Nosotros somos hermanos del dolor, lo que no te mata te fortalece y nos fortalecemos en ese abrazo para seguir luchando\u00bb.<\/p>\n<p>Luego agreg\u00f3: \u00absoy la mama de Jonathan Lezcano, \u201cKiki\u201d era el apodo que le hab\u00eda puesto su abuelo. Ten\u00eda 16 a\u00f1os, el 8 de Julio de 2009 desapareci\u00f3, ten\u00edan tres meses desaparecido, y lo encontramos enterrado en la Chacarita. P\u00e9rdon pero hoy es un d\u00eda muy triste para m\u00ed tambi\u00e9n, tengo un sobrino detenido, le armaron una causa en Gonz\u00e1lez Catan. Me angustia mucho tambi\u00e9n eso, de saber que por la condici\u00f3n que es negrito y usaba boina le hicieron una causa. Lo encontraron tirado en la chacharita como NN. Me cans\u00e9 de golpear las puertas de la justicia pidi\u00e9ndoles que me ayuden a encontrar a su hijo. Ellos me dec\u00edan &#8216;pero que le hizo usted se\u00f1ora, porque se fue el chico de 17 a\u00f1os&#8217;. Me dec\u00edan &#8216;capaz est\u00e1 con alguien, con una noviecita, o por ah\u00ed se meti\u00f3 en problemas con los tranzas y est\u00e1 fugitivo por ah\u00ed se\u00f1ora, tenga tranquilidad&#8217;. Todo esto me dec\u00edan los se\u00f1ores que est\u00e1n ac\u00e1, en el poder judicial. Y yo les ped\u00eda simplemente que me lo ayuden a buscar, porque no era as\u00ed, porque mi hijo nunca se hab\u00eda ido de mi casa, era incapaz. Y a m\u00ed nadie me cre\u00eda porque yo era la loca. Todo eso pas\u00f3. Por eso a m\u00ed me llega mucho lo de Nehuen, lo de Roxana, lo de los pibes y pibas que est\u00e1n ac\u00e1 apoyando, porque sin el acompa\u00f1amiento de unos pibes, de unas p\u00edbas, de los familiares, de ac\u00e1 de la radio abierta, de aquellos que vienen, nosotros no podemos llegar a ning\u00fan lado.\u201d<\/p>\n<p>Adentro: amnesia policial contra memoria popular<br \/>\nMientras afuera se escuchaban las voces de las v\u00edctimas de violencia institucional, adentro declaraban Daniel German Castagnasso, imputado, y Jos\u00e9 Daniel Soria Barba, acompa\u00f1ante, superior de German Castagnasso, citado en calidad de testigo. Roxana escuchaba.<\/p>\n<p>La frase m\u00e1s pronunciada por ambos polic\u00edas fue \u201cno recuerdo\u201d. Los abogados de la querella insistieron en preguntarles si aquel 14 de diciembre cruzaron sem\u00e1foros en rojo y\/o infringieron otras se\u00f1ales de tr\u00e1nsito, como la velocidad de circulaci\u00f3n y otras. La respuesta del imputado fue que no, que no infringi\u00f3 ninguna se\u00f1al, ni pas\u00f3 sem\u00e1foros en rojo antes ni en el choque y asesinato de Nehuen Rodr\u00edguez. Ante la pregunta concreta del abogado de la querella sobre si por la calle Ram\u00f3n Carillo (doble mano) hab\u00eda tenido que pasarse de carril para adelantar a otro veh\u00edculo, German Castagnasso respondi\u00f3: \u201cNo. No hab\u00eda tr\u00e1nsito, no ten\u00eda veh\u00edculos de frente\u201d. Esta afirmaci\u00f3n fue m\u00e1s tarde refutada con un video que present\u00f3 la querella, donde se puede ver claro como el m\u00f3vil policial se cruza de carril para pasar un colectivo que circulaba delante. Ante este contundente video la respuesta fue de nuevo \u201cno recordaba ese momento\u201d.<br \/>\nJos\u00e9 Daniel Soria Barba, subinspector y acompa\u00f1ante de Castagnasso la noche del 14 de diciembre, declar\u00f3 en calidad de testigo. Afirm\u00f3 que \u00e9l mismo activ\u00f3 las balizas y las sirenas antes de acudir al llamado de un bot\u00f3n de p\u00e1nico. Dijo no recordar la velocidad a la que se desplazaban y justific\u00f3 no recordar si pasaron o no la luz de Brandsen y Carrillo en rojo porque \u201ciba anotando en una planilla y no levant\u00e9 la vista en la intersecci\u00f3n de Ram\u00f3n Carrillo y Brandsen\u201d. Las declaraciones Soria y Castagnasso oscilaron entre el olvido y la afirmaci\u00f3n de que realizaron todo correctamente antes del choque.<\/p>\n<p>Diferentes testigos que se sucedieron luego contaron realmente c\u00f3mo fueron las cosas esa noche y refutaron completamente la versi\u00f3n policial: no oyeron sirena alguna sino directamente el impacto y s\u00f3lo luego la sirena, la moto de Nehuen cruz\u00f3 en verde con sus luces y su casco colocado, la camioneta de la metropolitana iba completamente a oscuras. \u201cPr\u00e1cticamente vi todo. Estaba en el umbral de la puerta de mi casa. En ese momento pasa una moto, me llama la atenci\u00f3n la velocidad que iba, como a 30 metros ten\u00eda la subida de la barranca, traicionera esa barranca, como mi oficio es mec\u00e1nico me qued\u00e9 mir\u00e1ndolo y pens\u00e9 a esta velocidad no sube esta motito. Aceler\u00f3 un poquito subi\u00f3 perfectamente hasta que lleg\u00f3 a la bocacalle apareci\u00f3 el lobo y se acab\u00f3. Eso fue lo que vi yo\u201d y continu\u00f3 \u201csi el de la moto tiene luz verde, el que lo choca es el otro. Veo perfectamente cuando pasa la moto en verde\u201d. La camioneta de la metropolitana \u201cera una vela apagada. Estaba sin luces y sin sirenas en el momento de coalici\u00f3n. Es f\u00e1cil cuando se bajan del coche apretar el botoncito para atr\u00e1s y encender. No ten\u00edan las luces de posici\u00f3n, ni la licuadora arriba que da vuelta. Circulaba a oscuras completamente\u201d.<br \/>\nJusticia social<\/p>\n<p>Al terminar la audiencia Roxana pas\u00f3 por la radio y cerr\u00f3 la jornada. \u00abLa justicia nunca es a favor de nosotros, de los pobres. Siempre es a favor de los polic\u00edas. Los polic\u00edas que antes de entrar a la sala hicieron un cord\u00f3n para que nadie les saque fotos. La polic\u00eda que te hace apagar el celular, que no te deja sacar fotos para que se viralice. La polic\u00eda que siempre ataca a nuestros pibes\u201d, sostuvo la madre de Nehuen.<br \/>\nEn esta misma l\u00ednea, profundiz\u00f3: \u201cM\u00e1s all\u00e1 del dolor nosotros estamos contentos de haber llegado a esta instancia. Es el derecho m\u00e1s preciado para cualquier padre tenerlo sentado a \u00e9l ah\u00ed, que la pase mal, por lo menos un poco de todo lo que nos hizo y nos hace pasar a nosotros\u201d.<\/p>\n<p>Esperanzada y convencida de que la lucha est\u00e1 en la calle, desde el amor y el agradecimiento, Roxana expres\u00f3: \u201cEstoy feliz por todos los compa\u00f1eros y compa\u00f1eras que est\u00e1n ac\u00e1 apoyando y dando la lucha. Porque como decimos siempre la lucha est\u00e1 en las calles, la lucha sigue, la lucha de los pibes que matan sigue cada d\u00eda m\u00e1s. Creo que lo m\u00e1s importante m\u00e1s all\u00e1 de la sentencia judicial, que nunca tira para nuestro lado, es la justicia social, conseguir memoria para todos nuestros hijos que nos han arrebatado y para aquellos que siguen ac\u00e1 como Lucas Cabello (baleado por la Metropolitana en el 2014), al que vamos a acompa\u00f1ar en su lucha. Hay que darles pelea. No pierdo las esperanzas, tengo la pr\u00f3xima audiencia con todos los peritos y ah\u00ed si van a comprobar varias cosas que hoy neg\u00f3 el polic\u00eda\u201d.<\/p>\n<p>Acompa\u00f1ada de Raquel Witis, Lucas Cabello y Ang\u00e9lica Urquiza, Roxana termin\u00f3 esta jornada hablando de la justicia social: \u201cM\u00e1s all\u00e1 de la condena del tribunal, la condena es la justicia social. Gracias por el acompa\u00f1amiento de ustedes. Sigamos luchando y animando a las personas que tienen estos tipos de casos de gatillo f\u00e1cil o cualquier derecho que le quieran arrebatar a que den la pelea y a seguir. Quiz\u00e1s en estos tiempos no tengamos la justicia pero el d\u00eda de ma\u00f1ana va a aparecer. As\u00ed como las Madres estuvieron 40 a\u00f1os peleando por sus hijos, y ahora le est\u00e1n arrebatando todo lo que lograron y siguen pele\u00e1ndola, vamos a seguir nosotras, todas las madres unidas y peleando por estas causas\u201d.<\/p>\n<p>*<strong>Radio abierta, cobertura y nota realizada en conjunto por FM La Caterva, FM Riachuelo, Radio Gr\u00e1fica, La Retaguardia, Agencia Paco Urondo, Sur Capitalino<\/strong><\/p>\n","protected":false},"excerpt":{"rendered":"<p>[Colectivo de Medios Populares*\u00a028\/02\/2018] Este martes comenz\u00f3 el juicio oral por la muerte del joven porte\u00f1o del barrio de la Boca a manos de la entonces polic\u00eda metropolitana, ocurrida en diciembre del 2014. El inicio de las audiencias fue tres veces postergado por las trabas del Poder Judicial. El pr\u00f3ximo jueves ser\u00e1 la segunda audiencia. [&hellip;]<\/p>\n","protected":false},"author":5,"featured_media":6447,"comment_status":"open","ping_status":"open","sticky":false,"template":"","format":"standard","meta":{"_monsterinsights_skip_tracking":false,"_monsterinsights_sitenote_active":false,"_monsterinsights_sitenote_note":"","_monsterinsights_sitenote_category":0,"jnews-multi-image_gallery":[],"jnews_single_post":[],"jnews_primary_category":[],"_joinchat":[],"footnotes":""},"categories":[78,79,76],"tags":[],"class_list":["post-6446","post","type-post","status-publish","format-standard","has-post-thumbnail","hentry","category-economia-popular","category-nadie-se-salva-solo","category-salud-comunitaria"],"_links":{"self":[{"href":"http:\/\/fmriachuelo.it10.com.ar\/index.php\/wp-json\/wp\/v2\/posts\/6446","targetHints":{"allow":["GET"]}}],"collection":[{"href":"http:\/\/fmriachuelo.it10.com.ar\/index.php\/wp-json\/wp\/v2\/posts"}],"about":[{"href":"http:\/\/fmriachuelo.it10.com.ar\/index.php\/wp-json\/wp\/v2\/types\/post"}],"author":[{"embeddable":true,"href":"http:\/\/fmriachuelo.it10.com.ar\/index.php\/wp-json\/wp\/v2\/users\/5"}],"replies":[{"embeddable":true,"href":"http:\/\/fmriachuelo.it10.com.ar\/index.php\/wp-json\/wp\/v2\/comments?post=6446"}],"version-history":[{"count":0,"href":"http:\/\/fmriachuelo.it10.com.ar\/index.php\/wp-json\/wp\/v2\/posts\/6446\/revisions"}],"wp:featuredmedia":[{"embeddable":true,"href":"http:\/\/fmriachuelo.it10.com.ar\/index.php\/wp-json\/wp\/v2\/media\/6447"}],"wp:attachment":[{"href":"http:\/\/fmriachuelo.it10.com.ar\/index.php\/wp-json\/wp\/v2\/media?parent=6446"}],"wp:term":[{"taxonomy":"category","embeddable":true,"href":"http:\/\/fmriachuelo.it10.com.ar\/index.php\/wp-json\/wp\/v2\/categories?post=6446"},{"taxonomy":"post_tag","embeddable":true,"href":"http:\/\/fmriachuelo.it10.com.ar\/index.php\/wp-json\/wp\/v2\/tags?post=6446"}],"curies":[{"name":"wp","href":"https:\/\/api.w.org\/{rel}","templated":true}]}}