{"id":644,"date":"2015-03-25T02:11:00","date_gmt":"2015-03-25T02:11:00","guid":{"rendered":"http:\/\/fmriachuelo.observatorioess.org.ar\/index.php\/2015\/03\/25\/argentina-la-osera-de-cisneros\/"},"modified":"2025-03-27T12:14:55","modified_gmt":"2025-03-27T15:14:55","slug":"argentina-la-osera-de-cisneros","status":"publish","type":"post","link":"http:\/\/fmriachuelo.it10.com.ar\/index.php\/2015\/03\/25\/argentina-la-osera-de-cisneros\/","title":{"rendered":"ARGENTINA: LA OSERA DE CISNEROS"},"content":{"rendered":"<p><span style=\"color: red;font-family: Verdana, sans-serif;font-size: large\"><strong>UN OASIS EN LA JUNGLA PORTE\u00d1A<\/strong><\/span><\/p>\n<div style=\"clear: both;text-align: center\"><a href=\"http:\/\/1.bp.blogspot.com\/--cLSrhPjsKM\/VRIYjgjuUJI\/AAAAAAAADPs\/L1FggeGNwzU\/s1600\/la%2Bosera.jpg\" style=\"clear: left;float: left;margin-bottom: 1em;margin-right: 1em\"><img loading=\"lazy\" decoding=\"async\" border=\"0\" src=\"http:\/\/1.bp.blogspot.com\/--cLSrhPjsKM\/VRIYjgjuUJI\/AAAAAAAADPs\/L1FggeGNwzU\/s1600\/la%2Bosera.jpg\" height=\"145\" width=\"320\" \/><\/a><\/div>\n<p><span style=\"font-family: Verdana, sans-serif\">[Juan Grabois, 23\/03\/2015] <\/span><br \/><span style=\"font-family: Verdana, sans-serif\">No lo conoc\u00ed. Dicen que era un tipazo, un militante de los que no hay. Hoy cumplir\u00eda 55 a\u00f1os. Lo mataron un 26 de julio, un a\u00f1o despu\u00e9s del asesinato de Maxi y Dar\u00edo, como para que el mensaje quede claro. Se habla poco del Oso Cisneros, se lo recuerda poco, es un h\u00e9roe olvidado. Aparece poco en las canciones y homenajes. Tal vez porque era demasiado peronista para la izquierda y demasiado de izquierda para el peronismo. En cualquier caso hoy, en su barrio, La Boca, festeja su cumplea\u00f1os a lo grande. Es que la semilla del Oso germin\u00f3 y se hizo flor de cemento y cer\u00e1micos, se hizo osera para su manada. Treinta y tres familias humildes de la Cooperativa Los Pibes van a dormir bajo un techo digno, propio, en el mismo rinc\u00f3n olvido de la ciudad donde el Oso supo enfrentar en un comedor los a\u00f1os m\u00e1s terribles, cuando hablar de techo, tierra y trabajo en la Argentina no era reclamar un derecho elemental sino enunciar un sue\u00f1o irrealizable.<br \/><a name='more'><\/a><br \/>Mi generaci\u00f3n no conoci\u00f3 \u201cesa Argentina grande con que San Mart\u00edn so\u00f1\u00f3\u201d. Forj\u00f3 su identidad militante en un pa\u00eds hambreado, entre piquetes, goma ardiendo y ollas populares. Ver estas realizaciones, ver las obras terminadas, ver a los compa\u00f1eros en su nuevo hogar, nos llena de esperanza. Las experiencias similares son muchas. Para hablar de algunas que conozco, vinculadas a la CTEP, puedo mencionar las 200 viviendas del Movimiento 8 de Octubre, las infatigables cuadrillas de infraestructura social del Evita o el Dar\u00edo Santill\u00e1n, barrios enteros levantados por organizaciones comunitarias como los Sin Techo de la Cordillera y la Costa, decenas de loteos administrados por nuestras cooperativas de vivienda, miles de casas, edificios y mejoramientos habitacionales realizados por nuestras cooperativas de trabajo. En las zonas rurales, el MNCI trabaj\u00f3 incansablemente por el hogar campesino, dot\u00e1ndolo de servicios b\u00e1sicos. La Corriente Villera Independiente realiz\u00f3 innumerables obras de cloacas, pluviales, pavimentaci\u00f3n, luminarias, el\u00e9ctricas y de agua potable en decenas de villas porte\u00f1as. Los trabajadores de la econom\u00eda popular lo dejan todo por su Patria: el barrio.<\/p>\n<p>El orgullo por el trabajo realizado tiene, sin embargo, un sabor amargo. Es que, si miramos alrededor, vemos millones de familias sin una vivienda digna. Observamos que ni el Estado ni las organizaciones somos los que, a fin de cuentas, aliviamos el problema de nuestros compa\u00f1eros. Fue, en cambio, el pueblo excluido que, a trav\u00e9s de las tomas, cre\u00f3 millones de nuevas viviendas \u2013precarias, pero viviendas al fin- recuperando lo que estaba ocioso. Y lo hizo como pudo, con sus contradicciones, a los codazos, en la lucha por la subsistencia que tiene un poco de epopeya y mucho de tragedia. As\u00ed es la econom\u00eda popular \u201cal natural\u201d.<\/p>\n<p>Esto no sucede solo en la Argentina. El capitalismo no puede dar respuesta a la crisis habitacional en ning\u00fan lugar del mundo. Las Naciones Unidas reconocen que la mayor parte de las nuevas viviendas urbanas no son obra del mercado ni los gobiernos: son resultado de la proliferaci\u00f3n global de asentamientos informales. Este sistema, como dice el escritor Mike Davis, ha creado un \u201cPlaneta de Villas\u201d que alberga hoy 2000 millones de seres humanos.<\/p>\n<p>Pero estamos en Argentina y tenemos que mirar de cerca que ha pasado en la Patria. Como en todas las cuestiones sociales, el accionar del Estado queda chico si se lo compara con las realizaciones del gobierno de Per\u00f3n. Es que el peronismo produjo una verdadera revoluci\u00f3n en t\u00e9rminos habitacionales. \u00a1M\u00e1s de 650.000 viviendas en solo 10 a\u00f1os, en un pa\u00eds de 15 millones de habitantes! \u00a1Otro medio mill\u00f3n de \u201clotes populares\u201d! Todo ello, combinado con una fuerte regulaci\u00f3n del mercado inmobiliario donde los alquileres estaban congelados y la funci\u00f3n social de la propiedad garantizada por la constituci\u00f3n de 1949.<\/p>\n<p>No hay que ser injustos. El compromiso presupuestario de los gobiernos kirchneristas es evidente. Se construyeron much\u00edsimas viviendas, alrededor de 500.000 en 12 a\u00f1os. Ninguna de las obras que realizamos desde las organizaciones podr\u00eda haberse hecho sin financiamiento p\u00fablico. Esto hay que destacarlo, reconocerlo y defenderlo, m\u00e1s all\u00e1 de las opciones pol\u00edticas de cada quien. Sin embargo, en mi opini\u00f3n, no se atac\u00f3 el problema de manera integral. No se combati\u00f3 a esa mafia inmobiliaria obscenamente especulativa que monopoliza el espacio urbano. No se expropiaron las tierras necesarias para entregar loteos a quienes no pueden esperar. No se logr\u00f3 emular los planes quinquenales ni empoderar realmente a las organizaciones para que, junto al Estado, enfrent\u00e1ramos esta tremenda injusticia social.<\/p>\n<p>Las deudas pendientes son muchas. Hay tres millones de familias que viven en villas. El d\u00e9ficit de viviendas nuevas es de al menos 820.000 y existen 2,7 millones hogares muy deteriorados. Miles de trabajadores sufren la expropiaci\u00f3n del 40% de su salario pagando leoninos alquileres que, para peor, no pueden deducirse de ganancias. Esto se agrava en ciudades que tienen una pol\u00edtica urbana deliberadamente excluyente como Buenos Aires. La osera de Cisneros es un oasis en la jungla porte\u00f1a. Muestra que las organizaciones populares tenemos mucho que aportar. Que se multiplique su ejemplo para que se haga realidad la consigna de Francisco: \u00a1ninguna familia sin vivienda!<\/span><br \/><span style=\"color: blue;font-family: Verdana\">Fuente: Alainet, Producci\u00f3n Riachuelo<\/span><\/p>\n<div style=\"clear: both;text-align: center\"><a href=\"http:\/\/2.bp.blogspot.com\/-zR66if6_Vw4\/VRIZToodmLI\/AAAAAAAADP0\/8_WYpesAr8I\/s1600\/COOP%2BRIACHIUELO%2BPRODUCCIONES.jpg\" style=\"clear: left;float: left;margin-bottom: 1em;margin-right: 1em\"><img loading=\"lazy\" decoding=\"async\" border=\"0\" src=\"http:\/\/2.bp.blogspot.com\/-zR66if6_Vw4\/VRIZToodmLI\/AAAAAAAADP0\/8_WYpesAr8I\/s1600\/COOP%2BRIACHIUELO%2BPRODUCCIONES.jpg\" height=\"58\" width=\"200\" \/><\/a><\/div>\n","protected":false},"excerpt":{"rendered":"<p>UN OASIS EN LA JUNGLA PORTE\u00d1A [Juan Grabois, 23\/03\/2015] No lo conoc\u00ed. Dicen que era un tipazo, un militante de los que no hay. Hoy cumplir\u00eda 55 a\u00f1os. Lo mataron un 26 de julio, un a\u00f1o despu\u00e9s del asesinato de Maxi y Dar\u00edo, como para que el mensaje quede claro. Se habla poco del Oso [&hellip;]<\/p>\n","protected":false},"author":4,"featured_media":0,"comment_status":"open","ping_status":"open","sticky":false,"template":"","format":"standard","meta":{"_monsterinsights_skip_tracking":false,"_monsterinsights_sitenote_active":false,"_monsterinsights_sitenote_note":"","_monsterinsights_sitenote_category":0,"jnews-multi-image_gallery":[],"jnews_single_post":{"format":"standard"},"jnews_primary_category":[],"_joinchat":[],"footnotes":""},"categories":[58],"tags":[119,64],"class_list":["post-644","post","type-post","status-publish","format-standard","hentry","category-noticiariachuelo","tag-derechos-humanos","tag-economia-popular"],"_links":{"self":[{"href":"http:\/\/fmriachuelo.it10.com.ar\/index.php\/wp-json\/wp\/v2\/posts\/644","targetHints":{"allow":["GET"]}}],"collection":[{"href":"http:\/\/fmriachuelo.it10.com.ar\/index.php\/wp-json\/wp\/v2\/posts"}],"about":[{"href":"http:\/\/fmriachuelo.it10.com.ar\/index.php\/wp-json\/wp\/v2\/types\/post"}],"author":[{"embeddable":true,"href":"http:\/\/fmriachuelo.it10.com.ar\/index.php\/wp-json\/wp\/v2\/users\/4"}],"replies":[{"embeddable":true,"href":"http:\/\/fmriachuelo.it10.com.ar\/index.php\/wp-json\/wp\/v2\/comments?post=644"}],"version-history":[{"count":1,"href":"http:\/\/fmriachuelo.it10.com.ar\/index.php\/wp-json\/wp\/v2\/posts\/644\/revisions"}],"predecessor-version":[{"id":22761,"href":"http:\/\/fmriachuelo.it10.com.ar\/index.php\/wp-json\/wp\/v2\/posts\/644\/revisions\/22761"}],"wp:attachment":[{"href":"http:\/\/fmriachuelo.it10.com.ar\/index.php\/wp-json\/wp\/v2\/media?parent=644"}],"wp:term":[{"taxonomy":"category","embeddable":true,"href":"http:\/\/fmriachuelo.it10.com.ar\/index.php\/wp-json\/wp\/v2\/categories?post=644"},{"taxonomy":"post_tag","embeddable":true,"href":"http:\/\/fmriachuelo.it10.com.ar\/index.php\/wp-json\/wp\/v2\/tags?post=644"}],"curies":[{"name":"wp","href":"https:\/\/api.w.org\/{rel}","templated":true}]}}