{"id":6428,"date":"2018-02-26T16:03:08","date_gmt":"2018-02-26T16:03:08","guid":{"rendered":"http:\/\/fmriachuelo.com.ar\/?p=6428"},"modified":"2018-02-26T16:03:08","modified_gmt":"2018-02-26T16:03:08","slug":"violencia-institucional-ni-un-pibe-menos","status":"publish","type":"post","link":"http:\/\/fmriachuelo.it10.com.ar\/index.php\/2018\/02\/26\/violencia-institucional-ni-un-pibe-menos\/","title":{"rendered":"27 DE FEBRERO JUICIO ORAL POR NEHUEN RODRIGUEZ.  NI UN PIBE MENOS"},"content":{"rendered":"<p><!--more-->[FM RIACHUELO 26\/02\/2018] El viernes pasado, los compa\u00f1eros de \u201cCazadores de Zonceras\u201d entrevistaron a Roxana Cainzos\u00a0 y Jorge Herrera, \u00a0cuyos hijos representan dos casos de violencia institucional, que muestran la realidad que viven lxs pibxs de los barrios m\u00e1s vulnerables.<\/p>\n<p>Escucha la entrevista completa:<\/p>\n<p>https:\/\/radiocut.fm\/audiocut\/roxana-cainzos-y-jorge-herrera-en-cazadores-de-zonceras\/#f=radio&#038;l=recent<\/p>\n<p><strong>Caso Nehu\u00e9n Rodr\u00edguez: El Pibe ten\u00eda 18 a\u00f1os, se iba a festejar \u00a0el ascenso de Hurac\u00e1n cuando\u00a0 fue embestido por un patrullero de la polic\u00eda Metropolitana, el cual circulaba a una velocidad de 100 km \/H, sin sirenas y cruzando el sem\u00e1foro en rojo.\u00a0 El asesinato ocurri\u00f3 el 15 de diciembre de 2014 cerca de la medianoche, mientras el joven manejaba su motocicleta. A partir de ese momento el caso fue manipulado\u00a0 por parte de la justicia. Este martes 27 de febrero luego de varias postergaciones, inicia el juicio oral y p\u00fablico a los responsables.<\/strong><\/p>\n<p><img loading=\"lazy\" decoding=\"async\" class=\"alignnone size-medium wp-image-6432\" src=\"http:\/\/fmriachuelo.com.ar\/wp-content\/uploads\/2018\/02\/WhatsApp-Image-2017-11-08-at-10.41.24-300x200.jpeg\" alt=\"\" width=\"300\" height=\"200\" srcset=\"http:\/\/fmriachuelo.it10.com.ar\/wp-content\/uploads\/2018\/02\/WhatsApp-Image-2017-11-08-at-10.41.24-300x200.jpeg 300w, http:\/\/fmriachuelo.it10.com.ar\/wp-content\/uploads\/2018\/02\/WhatsApp-Image-2017-11-08-at-10.41.24-1024x683.jpeg 1024w, http:\/\/fmriachuelo.it10.com.ar\/wp-content\/uploads\/2018\/02\/WhatsApp-Image-2017-11-08-at-10.41.24-768x512.jpeg 768w, http:\/\/fmriachuelo.it10.com.ar\/wp-content\/uploads\/2018\/02\/WhatsApp-Image-2017-11-08-at-10.41.24-750x500.jpeg 750w, http:\/\/fmriachuelo.it10.com.ar\/wp-content\/uploads\/2018\/02\/WhatsApp-Image-2017-11-08-at-10.41.24-1140x761.jpeg 1140w, http:\/\/fmriachuelo.it10.com.ar\/wp-content\/uploads\/2018\/02\/WhatsApp-Image-2017-11-08-at-10.41.24.jpeg 1280w\" sizes=\"auto, (max-width: 300px) 100vw, 300px\" \/><\/p>\n<p><strong>CZ_ \u00bfContanos como te preparas para el juicio y cu\u00e1l es tu expectativa?<\/strong><\/p>\n<p><strong>RC<\/strong>_ Vamos por una justica social, vamos a montar tres radios abiertas juntas, tambi\u00e9n nos acompa\u00f1aran familiares de v\u00edctimas de gatillo f\u00e1cil, organismos de DDHH, diferentes organizaciones sociales, haremos murales mostrando otros casos de violencia institucional.\u00a0 Todos juntos vamos a pedir por un pibe menos, porque\u00a0 nuestros barrios est\u00e1n cada vez m\u00e1s lastimados por estos casos, \u00a0y me parece bueno que aprendamos a luchar y organizarnos m\u00e1s all\u00e1 del resultado del juicio.<\/p>\n<p><strong>CZ_\u00a0\u00bfRecordanos a qui\u00e9n se enjuicia el martes?<\/strong><\/p>\n<p><strong>RC_\u00a0 <\/strong>Este martes en el\u00a0 Tribunal Oral en lo Criminal 4, se enjuicia al polic\u00eda Daniel Casta\u00f1aso que manejaba el m\u00f3vil que atropello a Nehu\u00e9n.<\/p>\n<p><strong>CZ_\u00a0 \u00bfConoces otros casos de violencia institucional?<\/strong><\/p>\n<p><strong>RC_ <\/strong>Si, hable con varias madres, por ejemplo, la de \u201ckiki\u201d\u00a0 Lezcano, \u00a0Santiago del Monti, Eugenia V\u00e1zquez, Linda V\u00e1zquez, Raquel Witis, interminable la lista. Todos estos casos tuvieron causa judicial y fueron demoradas por alg\u00fan motivo.<\/p>\n<p><strong>Caso \u201cPitu\u201d y \u201cPola\u201d: En el a\u00f1o 2013 se incendio el conventillo ubicado en Coronel Salvadores y Melo en\u00a0 el Barrio de la Boca, en donde fallecieron\u00a0 Hector (10) y Victor (11), ambos hijos de Jorge Herrera. El incendio fue provocado de manera intencional. \u00a0<\/strong><\/p>\n<p><img loading=\"lazy\" decoding=\"async\" class=\"alignnone size-medium wp-image-6431 alignleft\" src=\"http:\/\/fmriachuelo.com.ar\/wp-content\/uploads\/2018\/02\/DSCN2159-300x220.jpg\" alt=\"\" width=\"300\" height=\"220\" srcset=\"http:\/\/fmriachuelo.it10.com.ar\/wp-content\/uploads\/2018\/02\/DSCN2159-300x220.jpg 300w, http:\/\/fmriachuelo.it10.com.ar\/wp-content\/uploads\/2018\/02\/DSCN2159-1024x751.jpg 1024w, http:\/\/fmriachuelo.it10.com.ar\/wp-content\/uploads\/2018\/02\/DSCN2159-768x563.jpg 768w, http:\/\/fmriachuelo.it10.com.ar\/wp-content\/uploads\/2018\/02\/DSCN2159-1536x1127.jpg 1536w, http:\/\/fmriachuelo.it10.com.ar\/wp-content\/uploads\/2018\/02\/DSCN2159-2048x1502.jpg 2048w, http:\/\/fmriachuelo.it10.com.ar\/wp-content\/uploads\/2018\/02\/DSCN2159-750x550.jpg 750w, http:\/\/fmriachuelo.it10.com.ar\/wp-content\/uploads\/2018\/02\/DSCN2159-1140x836.jpg 1140w\" sizes=\"auto, (max-width: 300px) 100vw, 300px\" \/><\/p>\n<p>&nbsp;<\/p>\n<p>&nbsp;<\/p>\n<p>&nbsp;<\/p>\n<p>&nbsp;<\/p>\n<p>&nbsp;<\/p>\n<p>&nbsp;<\/p>\n<p><strong>CZ_ \u00bfJorge porque acompa\u00f1as a la madre de Nehu\u00e9n? <\/strong><\/p>\n<p><strong>JH_ <\/strong>Porque considero que este 27 tenemos que estar todxs juntos, esta causa es de todxs. El estado, mira para otro lado, no les interesa los pibxs, la juventud cierran espacios que tienen que servir para los pibxs,\u00a0 como es el caso del campito. Por eso no importa la bandera pol\u00edtica, ac\u00e1 importa que nos mataron a un pibe.<\/p>\n<p><strong>CZ _ \u00bfRecordanos cuando fue el juicio?<\/strong><\/p>\n<p><strong>JH<\/strong>_ Cuando comenz\u00f3 el juicio, mi mujer no pod\u00eda declarar porque es\u00a0 hipoacusica y el poder judicial no tenia personal id\u00f3neo por lo que fue un motivo para retrasar el juicio. De 36 testigos declararon 20, fueron d\u00edas muy frustrantes, buscaban que baje los brazos.\u00a0 Me preguntaban porque viv\u00eda en esas condiciones habitacionales,\u00a0 me quer\u00edan hacer responsables de lo que hab\u00eda pasado.\u00a0 Donde quer\u00edan que viva, si venimos de una pol\u00edtica habitacional ineficientes, y son esas pol\u00edticas las que nos llevan a esas cat\u00e1strofes.<\/p>\n","protected":false},"excerpt":{"rendered":"[FM RIACHUELO 26\/02\/2018] El viernes pasado, los compa\u00f1eros de \u201cCazadores de Zonceras\u201d entrevistaron a Roxana Cainzos\u00a0 y Jorge Herrera, \u00a0cuyos hijos representan dos casos de violencia institucional, que muestran la realidad que viven lxs pibxs de los barrios m\u00e1s vulnerables. Escucha la entrevista completa: https:\/\/radiocut.fm\/audiocut\/roxana-cainzos-y-jorge-herrera-en-cazadores-de-zonceras\/#f=radio&amp;l=recent Caso Nehu\u00e9n Rodr\u00edguez: El Pibe ten\u00eda 18 a\u00f1os, se iba [...]","protected":false},"author":5,"featured_media":6430,"comment_status":"open","ping_status":"open","sticky":false,"template":"","format":"standard","meta":{"_monsterinsights_skip_tracking":false,"_monsterinsights_sitenote_active":false,"_monsterinsights_sitenote_note":"","_monsterinsights_sitenote_category":0,"jnews-multi-image_gallery":[],"jnews_single_post":[],"jnews_primary_category":[],"_joinchat":[],"footnotes":""},"categories":[79,76],"tags":[],"class_list":["post-6428","post","type-post","status-publish","format-standard","has-post-thumbnail","hentry","category-nadie-se-salva-solo","category-salud-comunitaria"],"_links":{"self":[{"href":"http:\/\/fmriachuelo.it10.com.ar\/index.php\/wp-json\/wp\/v2\/posts\/6428","targetHints":{"allow":["GET"]}}],"collection":[{"href":"http:\/\/fmriachuelo.it10.com.ar\/index.php\/wp-json\/wp\/v2\/posts"}],"about":[{"href":"http:\/\/fmriachuelo.it10.com.ar\/index.php\/wp-json\/wp\/v2\/types\/post"}],"author":[{"embeddable":true,"href":"http:\/\/fmriachuelo.it10.com.ar\/index.php\/wp-json\/wp\/v2\/users\/5"}],"replies":[{"embeddable":true,"href":"http:\/\/fmriachuelo.it10.com.ar\/index.php\/wp-json\/wp\/v2\/comments?post=6428"}],"version-history":[{"count":0,"href":"http:\/\/fmriachuelo.it10.com.ar\/index.php\/wp-json\/wp\/v2\/posts\/6428\/revisions"}],"wp:featuredmedia":[{"embeddable":true,"href":"http:\/\/fmriachuelo.it10.com.ar\/index.php\/wp-json\/wp\/v2\/media\/6430"}],"wp:attachment":[{"href":"http:\/\/fmriachuelo.it10.com.ar\/index.php\/wp-json\/wp\/v2\/media?parent=6428"}],"wp:term":[{"taxonomy":"category","embeddable":true,"href":"http:\/\/fmriachuelo.it10.com.ar\/index.php\/wp-json\/wp\/v2\/categories?post=6428"},{"taxonomy":"post_tag","embeddable":true,"href":"http:\/\/fmriachuelo.it10.com.ar\/index.php\/wp-json\/wp\/v2\/tags?post=6428"}],"curies":[{"name":"wp","href":"https:\/\/api.w.org\/{rel}","templated":true}]}}