{"id":6421,"date":"2018-02-24T04:16:17","date_gmt":"2018-02-24T04:16:17","guid":{"rendered":"http:\/\/fmriachuelo.com.ar\/?p=6421"},"modified":"2018-02-24T04:16:17","modified_gmt":"2018-02-24T04:16:17","slug":"el-gobierno-busca-cerrar-5-escuelas-de-vialidad-nacional","status":"publish","type":"post","link":"http:\/\/fmriachuelo.it10.com.ar\/index.php\/2018\/02\/24\/el-gobierno-busca-cerrar-5-escuelas-de-vialidad-nacional\/","title":{"rendered":"EL GOBIERNO BUSCA CERRAR 5 ESCUELAS DE VIALIDAD NACIONAL"},"content":{"rendered":"<p>[FM RIACHUELO 24\/02\/2018] 300 docentes y no docentes que se desempe\u00f1an en las cinco escuelas especializadas de Vialidad pueden quedar sin trabajo, y miles de alumnos sin su derecho a la educaci\u00f3n. El jueves los trabajadores realizaron una clase p\u00fablica para visibilizar el conflicto.<\/p>\n<p>La gesti\u00f3n de CAMBIEMOS sigue golpeado a los trabajadores de Vialidad Nacional: intent\u00f3 privatizar la instituci\u00f3n el a\u00f1o pasado con el decreto 794\/2017 que cre\u00f3 la empresa Corredores viales S.A, y luego fue por el terreno de la sede de Mataderos, con una maniobra que dej\u00f3 al descubierto la idea de llevar adelante un megaproyecto inmobiliario con la construcci\u00f3n de torres de hasta 30 metros de altura en el lugar donde trabajan m\u00e1s 300 personas y funciona una escuela.<\/p>\n<p>S\u00f3lo dos meses pasaron del 2018 y los trabajadores enfrentan una nueva embestida: los directivos pretenden cerrar 5 escuelas t\u00e9cnicas especializadas dependientes de la instituci\u00f3n, distribuidas en 5 provincias: Buenos Aires, Tucum\u00e1n, Santa Cruz, Santa Fe y Chubut. De esta manera, la continuidad laboral de m\u00e1s de 300 docentes y no docentes queda en peligro, al igual que la finalizaci\u00f3n de estudios de m\u00e1s de mil alumnos.<\/p>\n<p>Mientras el administrador de Vialidad Nacional, ingeniero Javier Iguacel, env\u00eda cadenas de mails a los trabajadores asegurando la continuidad de la educaci\u00f3n t\u00e9cnica y secundaria, los docentes siguen sin cobrar los sueldos correspondientes al mes de Enero, y todav\u00eda ning\u00fan funcionario ha dado informaci\u00f3n oficial que explique los motivos de las irregularidades.<\/p>\n<p>Fm Riachuelo dialog\u00f3 con la Secretaria Adjunta del sindicato de Trabajadores Viales y Afines, Graciela Ale\u00f1a, quien asegur\u00f3 que \u201cse trata de una decisi\u00f3n netamente pol\u00edtica de que no funcionen m\u00e1s las escuelas en Vialidad\u201d y que \u201ccon la bandera y excusa de la corrupci\u00f3n justifican este tipo de cosas indignantes\u201d.<\/p>\n<p><iframe loading=\"lazy\" title=\"23-02-2018- QUIEREN CERRAR 5 ESCUELAS DE VIALIDAD NACIONAL by FMR\" width=\"500\" height=\"450\" scrolling=\"no\" frameborder=\"no\" src=\"https:\/\/w.soundcloud.com\/player\/?visual=true&#038;url=https%3A%2F%2Fapi.soundcloud.com%2Fplaylists%2F456136518&#038;show_artwork=true&#038;maxheight=750&#038;maxwidth=500\"><\/iframe><\/p>\n<p>El Ministerio de Modernizaci\u00f3n supuestamente elabor\u00f3 un informe en el que pide el cierre de las escuelas, al respecto la secretaria adjunta afirm\u00f3 que \u201cen el 2016, el jefe de gabinete Marcos Pe\u00f1a, envi\u00f3 una nota a todos los organismos pidiendo que informaran si iban a continuar las relaciones con la UTN (Universidad Tecnol\u00f3gica Nacional),y en ese entonces el administrador de vialidad, ingeniero Iguacel, habl\u00f3 maravillas de las escuelas y dijo que exist\u00eda la necesidad de continuar, yo me pregunto \u2018\u00bfPor qu\u00e9 ahora este cambio?\u2019, no s\u00e9 si es verdad lo de Modernizaci\u00f3n, porque escrito no hemos visto nada, es todo de palabra\u201d.<\/p>\n<p>Haciendo un breve repaso hist\u00f3rico Ale\u00f1a explic\u00f3 que \u201cla primera escuelita de vialidad fue creada en el \u201845, y empez\u00f3 a funcionar como escuela de oficio en 1946 (durante el peronismo), as\u00ed fue creciendo hasta que en el \u201977 la dictadura c\u00edvico-militar, con la misma actitud que ahora, suspendi\u00f3 las inscripciones y de la noche a la ma\u00f1ana la cerraron. Nos llev\u00f3 30 a\u00f1os poder recuperarla\u201d.<\/p>\n<p>Los trabajadores decidieron iniciar un paro indeterminado hasta que se resuelva el pago de sueldos a docentes y se informe sobre la continuidad o no de las escuelas. Por otra parte, el mi\u00e9rcoles que viene a las 11 hs. se realizar\u00e1 una asamblea abierta en Julio Roca 768, que contar\u00e1 con el apoyo de distintos sectores pol\u00edticos y sindicales, y resolver\u00e1 las medidas a seguir para preservar las fuentes laborales y la formaci\u00f3n de los estudiantes.<\/p>\n","protected":false},"excerpt":{"rendered":"<p>[FM RIACHUELO 24\/02\/2018] 300 docentes y no docentes que se desempe\u00f1an en las cinco escuelas especializadas de Vialidad pueden quedar sin trabajo, y miles de alumnos sin su derecho a la educaci\u00f3n. El jueves los trabajadores realizaron una clase p\u00fablica para visibilizar el conflicto. La gesti\u00f3n de CAMBIEMOS sigue golpeado a los trabajadores de Vialidad [&hellip;]<\/p>\n","protected":false},"author":5,"featured_media":6427,"comment_status":"open","ping_status":"open","sticky":false,"template":"","format":"standard","meta":{"_monsterinsights_skip_tracking":false,"_monsterinsights_sitenote_active":false,"_monsterinsights_sitenote_note":"","_monsterinsights_sitenote_category":0,"jnews-multi-image_gallery":[],"jnews_single_post":[],"jnews_primary_category":[],"_joinchat":[],"footnotes":""},"categories":[76],"tags":[],"class_list":["post-6421","post","type-post","status-publish","format-standard","has-post-thumbnail","hentry","category-salud-comunitaria"],"_links":{"self":[{"href":"http:\/\/fmriachuelo.it10.com.ar\/index.php\/wp-json\/wp\/v2\/posts\/6421","targetHints":{"allow":["GET"]}}],"collection":[{"href":"http:\/\/fmriachuelo.it10.com.ar\/index.php\/wp-json\/wp\/v2\/posts"}],"about":[{"href":"http:\/\/fmriachuelo.it10.com.ar\/index.php\/wp-json\/wp\/v2\/types\/post"}],"author":[{"embeddable":true,"href":"http:\/\/fmriachuelo.it10.com.ar\/index.php\/wp-json\/wp\/v2\/users\/5"}],"replies":[{"embeddable":true,"href":"http:\/\/fmriachuelo.it10.com.ar\/index.php\/wp-json\/wp\/v2\/comments?post=6421"}],"version-history":[{"count":0,"href":"http:\/\/fmriachuelo.it10.com.ar\/index.php\/wp-json\/wp\/v2\/posts\/6421\/revisions"}],"wp:featuredmedia":[{"embeddable":true,"href":"http:\/\/fmriachuelo.it10.com.ar\/index.php\/wp-json\/wp\/v2\/media\/6427"}],"wp:attachment":[{"href":"http:\/\/fmriachuelo.it10.com.ar\/index.php\/wp-json\/wp\/v2\/media?parent=6421"}],"wp:term":[{"taxonomy":"category","embeddable":true,"href":"http:\/\/fmriachuelo.it10.com.ar\/index.php\/wp-json\/wp\/v2\/categories?post=6421"},{"taxonomy":"post_tag","embeddable":true,"href":"http:\/\/fmriachuelo.it10.com.ar\/index.php\/wp-json\/wp\/v2\/tags?post=6421"}],"curies":[{"name":"wp","href":"https:\/\/api.w.org\/{rel}","templated":true}]}}