{"id":6410,"date":"2018-02-21T22:56:34","date_gmt":"2018-02-21T22:56:34","guid":{"rendered":"http:\/\/fmriachuelo.com.ar\/?p=6410"},"modified":"2018-02-21T22:56:34","modified_gmt":"2018-02-21T22:56:34","slug":"marcha21f-unidad-de-todxs-lxs-trabajadores","status":"publish","type":"post","link":"http:\/\/fmriachuelo.it10.com.ar\/index.php\/2018\/02\/21\/marcha21f-unidad-de-todxs-lxs-trabajadores\/","title":{"rendered":"#MARCHA21F: UNIDAD DE TODXS LXS TRABAJADORES"},"content":{"rendered":"<p>[FM RIACHUELO 21\/02\/2018]La masividad de la marcha realizada hoy en la 9 de Julio (se estiman alrededor de 400 mil personas), demostr\u00f3 la consolidaci\u00f3n de la unidad entre los diversos sectores sindicales y de los movimientos populares, indispensable para resistir las pol\u00edticas de ajuste del gobierno de Macri.<\/p>\n<p>Los dirigentes que hablaron en el escenario representaron al amplio arco de sectores que se movilizaron; desde los sindicatos de la Confederaci\u00f3n General del Trabajo, CTA Aut\u00f3noma, \u00a0CTA de los Trabajadores y La Corriente Federal de los Trabajadores, hasta las organizaciones sociales que conforman el triunvirato de San Cayetano: la CTEP, la Corriente Clasista y Combativa, y Barrios de Pie, acompa\u00f1ados por el Frente Popular Dar\u00edo Santill\u00e1n y el Frente de Organizaciones en Lucha.<\/p>\n<p>Todos los discursos giraron en torno a la construcci\u00f3n de unidad del movimiento obrero organizado para evitar los topes a paritarias, la Reforma Laboral, los despidos, la p\u00e9rdida de de poder adquisitivo de los trabajadores, y todas las medidas dirigidas a golpear a los sectores vulnerables para favorecer a los grupos m\u00e1s concentrados del poder econ\u00f3mico y financiero.<\/p>\n<p>El Secretario General de CTEP Nacional, Esteban \u201cGringo\u201d Castro, inici\u00f3 su discurso llamando a participar en el paro y movilizaci\u00f3n de mujeres el pr\u00f3ximo 8 de Marzo: \u201cA las compa\u00f1eras que hoy en el pa\u00eds le est\u00e1n dando de comer a millones de pibes, los varones las vamos a reemplazar en esa actividad, para que no falte ni una sola en esa movilizaci\u00f3n hist\u00f3rica\u201d. Tambi\u00e9n record\u00f3 el largo proceso de lucha que vienen llevando adelante las organizaciones sociales desde que asumi\u00f3 el gobierno de CAMBIEMOS: \u201cOrganizamos un 7 de Agosto con todos los movimientos populares, y le dijimos a este gobierno que quer\u00edamos la Ley de Emergencia social, y el salario social complementario para todos los trabajadores que echa este sistema de la producci\u00f3n y el sistema formal\u201d y agreg\u00f3: \u201cGracias a la unidad con todos los compa\u00f1eros que hoy est\u00e1n ac\u00e1 sacamos la Ley y le dimos un golpe al gobierno que signific\u00f3 30 mil millones de pesos para los compa\u00f1eros mas pobres\u201d.<\/p>\n<p>El dirigente de la CTEP denunci\u00f3 que los trabajadores de la econom\u00eda popular \u201cno tienen \u00a0una changa para trabajar, tienen que vivir con $4750\u201d y exhort\u00f3 a los CEOs a vivir con esa cantidad de dinero al mes. Por \u00faltimo habl\u00f3 del apoyo del Papa Francisco a los pobres y el castigo y persecuci\u00f3n que sufre por parte de los medios de comunicaci\u00f3n al servicio del poder: \u201c\u00c9l fue el que dijo que los movimientos populares somos poetas sociales, porque fuimos capaces de construir nuestra propia fuente de trabajo \u00a1Viva el Papa Francisco!\u201d.<\/p>\n<p>Por su parte, Sergio Palazzo, Secretario de la Asociaci\u00f3n Bancaria, respondi\u00f3 a los medios de comunicaci\u00f3n y funcionarios de gobierno que durante toda la semana hablaron de la supuesta violencia en la marcha, para demonizar a los trabajadores que salen a las calles: \u201cviolencia es haberle robado a los jubilados en el congreso con la Reforma Previsional, \u00a0es querer imponer un r\u00e9gimen o una nueva ley laboral para sacarnos derechos, violencia es cuando eliminan impuestos a los ricos para carg\u00e1rselos a los trabajadores, cuando un gobierno quiere ponerle techo a las paritarias, es atacar a las organizaciones sindicales y a sus dirigentes para lograr un silencio que no van a conseguir nunca de la clase trabajadora, que est\u00e1 de pie y lucha. No les tenemos miedo\u201d, y agreg\u00f3 \u201cviolencia es mentir cuando prometieron pobreza cero, y hoy hay un mill\u00f3n m\u00e1s de pobres, cuando nuestros hermanos, compa\u00f1eros laburantes como nosotros, de la econom\u00eda popular, reclaman trabajo digno y si protestan y marchan le quitan los planes, eso es violencia\u201d.<\/p>\n<p>Por otro lado, Hugo Yaski, de la CTA de los Trabajadores, se refiri\u00f3 a la persecuci\u00f3n judicial que impulsa el gobierno para intentar amedrentar y disciplinar a los dirigentes opositores: \u201csabemos que cada vez que salimos a la calle el gobierno llama a alg\u00fan juez amigo, llama a alg\u00fan sindicato e inventa una causa\u201d y sugiri\u00f3 a la Justicia que \u201csi quieren buscar ladrones, les pasamos una direcci\u00f3n: Balcarce 50\u201d.<\/p>\n<p>Escucha los discursos y testimonios en el siguiente enlace:<\/p>\n<p><iframe loading=\"lazy\" title=\"#MARCHA21F: UNIDAD  DE LOS TRABAJADORES EN CONTRA DEL AJUSTE by FMR\" width=\"500\" height=\"450\" scrolling=\"no\" frameborder=\"no\" src=\"https:\/\/w.soundcloud.com\/player\/?visual=true&#038;url=https%3A%2F%2Fapi.soundcloud.com%2Fplaylists%2F454398282&#038;show_artwork=true&#038;maxheight=750&#038;maxwidth=500\"><\/iframe><\/p>\n<p>Tambi\u00e9n fueron oradores en el acto Pablo Michelli (CTA Aut\u00f3noma), Hugo Moyano (Camioneros) y Juan Carlos Schmid (CGT). Los discursos estuvieron siempre acompa\u00f1ados de los cantos contra el gobierno de los cientos de miles de trabajadores que coparon la Av. 9 de Julio. Al finalizar el acto las columnas se desconcentraron en total tranquilidad, para dar cierre a un d\u00eda que seg\u00fan uno de los dirigentes \u201cquedar\u00e1 en la historia como el d\u00eda de la unidad de los trabajadores\u201d.<\/p>\n<p><strong><span style=\"color: #ff0000\"><a href=\"https:\/\/www.youtube.com\/watch?v=SGZfEvFW8gM\" target=\"_blank\" rel=\"noopener\">VIDEO DE LA MARCHA 21F<\/a><\/span><\/strong><\/p>\n<p><span style=\"color: #ff0000\"><strong><a href=\"https:\/\/www.facebook.com\/pg\/fmriachuelo\/photos\/?tab=album&amp;album_id=1662995170422358\" target=\"_blank\" rel=\"noopener\">\u00c1LBUM DE FOTOS<\/a><\/strong><\/span><\/p>\n","protected":false},"excerpt":{"rendered":"<p>[FM RIACHUELO 21\/02\/2018]La masividad de la marcha realizada hoy en la 9 de Julio (se estiman alrededor de 400 mil personas), demostr\u00f3 la consolidaci\u00f3n de la unidad entre los diversos sectores sindicales y de los movimientos populares, indispensable para resistir las pol\u00edticas de ajuste del gobierno de Macri. Los dirigentes que hablaron en el escenario [&hellip;]<\/p>\n","protected":false},"author":5,"featured_media":6411,"comment_status":"open","ping_status":"open","sticky":false,"template":"","format":"standard","meta":{"_monsterinsights_skip_tracking":false,"_monsterinsights_sitenote_active":false,"_monsterinsights_sitenote_note":"","_monsterinsights_sitenote_category":0,"jnews-multi-image_gallery":[],"jnews_single_post":[],"jnews_primary_category":[],"_joinchat":[],"footnotes":""},"categories":[78,76],"tags":[],"class_list":["post-6410","post","type-post","status-publish","format-standard","has-post-thumbnail","hentry","category-economia-popular","category-salud-comunitaria"],"_links":{"self":[{"href":"http:\/\/fmriachuelo.it10.com.ar\/index.php\/wp-json\/wp\/v2\/posts\/6410","targetHints":{"allow":["GET"]}}],"collection":[{"href":"http:\/\/fmriachuelo.it10.com.ar\/index.php\/wp-json\/wp\/v2\/posts"}],"about":[{"href":"http:\/\/fmriachuelo.it10.com.ar\/index.php\/wp-json\/wp\/v2\/types\/post"}],"author":[{"embeddable":true,"href":"http:\/\/fmriachuelo.it10.com.ar\/index.php\/wp-json\/wp\/v2\/users\/5"}],"replies":[{"embeddable":true,"href":"http:\/\/fmriachuelo.it10.com.ar\/index.php\/wp-json\/wp\/v2\/comments?post=6410"}],"version-history":[{"count":0,"href":"http:\/\/fmriachuelo.it10.com.ar\/index.php\/wp-json\/wp\/v2\/posts\/6410\/revisions"}],"wp:featuredmedia":[{"embeddable":true,"href":"http:\/\/fmriachuelo.it10.com.ar\/index.php\/wp-json\/wp\/v2\/media\/6411"}],"wp:attachment":[{"href":"http:\/\/fmriachuelo.it10.com.ar\/index.php\/wp-json\/wp\/v2\/media?parent=6410"}],"wp:term":[{"taxonomy":"category","embeddable":true,"href":"http:\/\/fmriachuelo.it10.com.ar\/index.php\/wp-json\/wp\/v2\/categories?post=6410"},{"taxonomy":"post_tag","embeddable":true,"href":"http:\/\/fmriachuelo.it10.com.ar\/index.php\/wp-json\/wp\/v2\/tags?post=6410"}],"curies":[{"name":"wp","href":"https:\/\/api.w.org\/{rel}","templated":true}]}}