{"id":640,"date":"2015-03-26T02:19:00","date_gmt":"2015-03-26T02:19:00","guid":{"rendered":"http:\/\/fmriachuelo.observatorioess.org.ar\/index.php\/2015\/03\/26\/repudio-al-ataque-a-las-madres-de-plaza-de-mayo\/"},"modified":"2025-03-27T12:51:18","modified_gmt":"2025-03-27T15:51:18","slug":"repudio-al-ataque-a-las-madres-de-plaza-de-mayo","status":"publish","type":"post","link":"http:\/\/fmriachuelo.it10.com.ar\/index.php\/2015\/03\/26\/repudio-al-ataque-a-las-madres-de-plaza-de-mayo\/","title":{"rendered":"REPUDIO AL ATAQUE A LAS MADRES DE PLAZA DE MAYO"},"content":{"rendered":"<p><span style=\"font-family: Verdana, sans-serif\"><strong>Reproducimos y nos solidarizamos<\/strong><\/span><\/p>\n<div style=\"clear: both;text-align: center\"><a href=\"http:\/\/3.bp.blogspot.com\/-jx2wwhVRqtI\/VRNrtx1-zsI\/AAAAAAAADRs\/7COJxhPwUtc\/s1600\/asoc.%2Bmadres.jpg\" style=\"clear: left;float: left;margin-bottom: 1em;margin-right: 1em\"><img decoding=\"async\" border=\"0\" src=\"http:\/\/3.bp.blogspot.com\/-jx2wwhVRqtI\/VRNrtx1-zsI\/AAAAAAAADRs\/7COJxhPwUtc\/s1600\/asoc.%2Bmadres.jpg\" \/><\/a><\/div>\n<p><span style=\"font-family: Verdana, sans-serif\">La Asociaci\u00f3n Madres de Plaza de Mayo lamenta y repudia con todas sus fuerzas que el PTS, el Partido Obrero, Correpi, la Federaci\u00f3n Universitaria de la Plata, Hijos La Plata, Patria Grande, Mar\u00eda Laura Bretal, Susana Grau y los organismos de derechos humanos y organizaciones sociales, pol\u00edticas y estudiantiles nucleados en la Multisectorial La Plata, Berisso y Ensenada hayan ca\u00eddo tan bajo al incendiar un mu\u00f1eco de papel con la figura de la presidenta de la Asociaci\u00f3n, Hebe de Bonafini, en la marcha realizada el lunes 23 de marzo en La Plata.<\/p>\n<p>Nos repugna que tengan hacia las Madres el mismo odio que nos tiene la derecha y que sean capaces de hacer lo que hicieron aquellos que alguna vez tuvieron el coraje de llamarse compa\u00f1eros de nuestros hijos, los 30.000 revolucionarios.<br \/> Este hecho fascista evoca a acciones dignas de las peores dictaduras, pero nada ni nadie podr\u00e1 opacar el d\u00eda feliz que pasamos ayer, en donde todo un pueblo nos aplaudi\u00f3, nos am\u00f3 y nos abraz\u00f3.<br \/> Convocamos a todos, a repudiar este hecho infame contra las Madres, ma\u00f1ana, jueves 26 de marzo, a las 15:30 horas, en la Plaza de Mayo, donde marchamos cada jueves desde hace 38 a\u00f1os.<br \/><strong>Asociaci\u00f3n Madres de Plaza de Mayo<\/strong><\/span><br \/><strong><span style=\"font-family: Verdana\"><\/span><\/strong><br \/><span style=\"color: blue;font-family: Verdana\">Fuente: Equipo de Prensa y Comunicaci\u00f3n de Madres de Plaza de Mayo, Producci\u00f3n Riachuelo<\/span><\/p>\n<div style=\"clear: both;text-align: center\"><a href=\"http:\/\/2.bp.blogspot.com\/-RvNAE5rkqDk\/VRNshNeu96I\/AAAAAAAADR0\/9QtZV6NkEMI\/s1600\/COOP%2BRIACHIUELO%2BPRODUCCIONES.jpg\" style=\"clear: left;float: left;margin-bottom: 1em;margin-right: 1em\"><img loading=\"lazy\" decoding=\"async\" border=\"0\" src=\"http:\/\/2.bp.blogspot.com\/-RvNAE5rkqDk\/VRNshNeu96I\/AAAAAAAADR0\/9QtZV6NkEMI\/s1600\/COOP%2BRIACHIUELO%2BPRODUCCIONES.jpg\" height=\"58\" width=\"200\" \/><\/a><\/div>\n<p><\/p>\n","protected":false},"excerpt":{"rendered":"<p>Reproducimos y nos solidarizamos La Asociaci\u00f3n Madres de Plaza de Mayo lamenta y repudia con todas sus fuerzas que el PTS, el Partido Obrero, Correpi, la Federaci\u00f3n Universitaria de la Plata, Hijos La Plata, Patria Grande, Mar\u00eda Laura Bretal, Susana Grau y los organismos de derechos humanos y organizaciones sociales, pol\u00edticas y estudiantiles nucleados en [&hellip;]<\/p>\n","protected":false},"author":4,"featured_media":0,"comment_status":"open","ping_status":"open","sticky":false,"template":"","format":"standard","meta":{"_monsterinsights_skip_tracking":false,"_monsterinsights_sitenote_active":false,"_monsterinsights_sitenote_note":"","_monsterinsights_sitenote_category":0,"jnews-multi-image_gallery":[],"jnews_single_post":{"format":"standard"},"jnews_primary_category":[],"_joinchat":[],"footnotes":""},"categories":[58],"tags":[],"class_list":["post-640","post","type-post","status-publish","format-standard","hentry","category-noticiariachuelo"],"_links":{"self":[{"href":"http:\/\/fmriachuelo.it10.com.ar\/index.php\/wp-json\/wp\/v2\/posts\/640","targetHints":{"allow":["GET"]}}],"collection":[{"href":"http:\/\/fmriachuelo.it10.com.ar\/index.php\/wp-json\/wp\/v2\/posts"}],"about":[{"href":"http:\/\/fmriachuelo.it10.com.ar\/index.php\/wp-json\/wp\/v2\/types\/post"}],"author":[{"embeddable":true,"href":"http:\/\/fmriachuelo.it10.com.ar\/index.php\/wp-json\/wp\/v2\/users\/4"}],"replies":[{"embeddable":true,"href":"http:\/\/fmriachuelo.it10.com.ar\/index.php\/wp-json\/wp\/v2\/comments?post=640"}],"version-history":[{"count":1,"href":"http:\/\/fmriachuelo.it10.com.ar\/index.php\/wp-json\/wp\/v2\/posts\/640\/revisions"}],"predecessor-version":[{"id":22794,"href":"http:\/\/fmriachuelo.it10.com.ar\/index.php\/wp-json\/wp\/v2\/posts\/640\/revisions\/22794"}],"wp:attachment":[{"href":"http:\/\/fmriachuelo.it10.com.ar\/index.php\/wp-json\/wp\/v2\/media?parent=640"}],"wp:term":[{"taxonomy":"category","embeddable":true,"href":"http:\/\/fmriachuelo.it10.com.ar\/index.php\/wp-json\/wp\/v2\/categories?post=640"},{"taxonomy":"post_tag","embeddable":true,"href":"http:\/\/fmriachuelo.it10.com.ar\/index.php\/wp-json\/wp\/v2\/tags?post=640"}],"curies":[{"name":"wp","href":"https:\/\/api.w.org\/{rel}","templated":true}]}}