{"id":6399,"date":"2018-02-20T13:46:42","date_gmt":"2018-02-20T13:46:42","guid":{"rendered":"http:\/\/fmriachuelo.com.ar\/?p=6399"},"modified":"2018-02-20T13:46:42","modified_gmt":"2018-02-20T13:46:42","slug":"peligro-de-vida-en-el-barrio-padre-mugica","status":"publish","type":"post","link":"http:\/\/fmriachuelo.it10.com.ar\/index.php\/2018\/02\/20\/peligro-de-vida-en-el-barrio-padre-mugica\/","title":{"rendered":"PELIGRO DE VIDA EN EL BARRIO PADRE MUGICA"},"content":{"rendered":"<p>[FM Riachuelo 20\/02\/2018] El Complejo Urbano Barrio Padre Mugica ubicado en General \u00a0Paz y Casta\u00f1ares al 4800, surge de la firma de convenios entre la Fundaci\u00f3n Madres de plaza de Mayo, el Gobierno Nacional y el Gobierno de la Ciudad de Buenos Aires, en el a\u00f1o 2008, para la construcci\u00f3n de 780 viviendas.<\/p>\n<p>En el a\u00f1o 2012, las obras se frenaron en virtud de que la Fundaci\u00f3n Madres de Plaza de Mayo es denunciada por corrupci\u00f3n por las acciones principalmente de su apoderado, Sergio Schoklender. Por esta raz\u00f3n, la finalizaci\u00f3n de las obras qued\u00f3 a cargo de la empresa constructora SENTRA S.A. bajo responsabilidad del Instituto de la Vivienda de la Ciudad (IVC)<\/p>\n<p>A\u00fan sin finalizar completamente las obras ni conformar los consorcios, el GCBA y el IVC han ido relocalizando a familias de la Villa El Cart\u00f3n (Ex Au7), del camino de ribera de la Villa 21-24 y del Asentamiento Agust\u00edn Magaldi y del Barrio Inta (Ex Villa 19).<\/p>\n<p>La Auditoria General de la Naci\u00f3n (AGN), el 5 de diciembre del a\u00f1o 2013 elev\u00f3 un informe sobre las obras realizadas por la Fundaci\u00f3n, que abarca el per\u00edodo de ejercicio 2005-2011. All\u00ed sostiene que el Conjunto Urbano fue construido sin haberse completado los tr\u00e1mites municipales pertinentes, con lo cual las viviendas adjudicadas no contaban con tr\u00e1mite alguno ni con inspecci\u00f3n final de obra, tampoco estaban registradas en la oficina de catastro municipal, ni pod\u00edan ser escrituradas. Por otro lado, no resulta posible verificar la calidad de los materiales empleados en la construcci\u00f3n porque no se especificaron los costos desagregados de los rubros.<\/p>\n<p>Durante la emisi\u00f3n del programa Rompe el Cerco Informativo conversamos con Marta, vecina del lugar, \u00a0qui\u00e9n cuenta detalles de lo que sucede a todos los vecinos en el Barrio Padre Mugica de Lugano. \u00a0Al respecto dice:\u201dFaltan por entregar 2 torres a las familias todav\u00eda. Y en realidad no se para que las van a entregar, porque las viviendas se van a caer igual\u201d. Adem\u00e1s agrego que \u201cla torre 1 la van a demoler, porque no se puede terminar. Cu\u00e1nta plata fue tirada ah\u00ed?\u201d<\/p>\n<p>En conjunto los referentes del Movimiento Popular la Dignidad en el Barrio Padre Mugica y los t\u00e9cnicos del Observatorio del Derecho a la Ciudad han realizado un informe t\u00e9cnico sobre las condiciones actuales en las que se encuentra el Barrio Padre Mugica.\u00a0Los problemas edilicios y constructivos del Complejo Urbano Barrio Padre Mugica vulneran no solo el derecho a una vivienda digna sino el derecho a la vida y la integridad f\u00edsica de sus habitantes.<\/p>\n<p>El GCBA y el IVC han desfinanciado en forma casi absoluta la atenci\u00f3n de los Complejos Habitacionales ya construidos y habitados que tienen graves falencias edilicias y precarias condiciones de habitabilidad.<\/p>\n<p>En diciembre de 2017, el actual presidente del IVC, Juan Ignacio Maquieyra, se comprometi\u00f3 con las familias a que si al 1 de Enero de 2018, Naci\u00f3n no otorgaba el financiamiento ser\u00eda el IVC el que pondr\u00eda el dinero. Casi luego de dos meses sigue sin cumplir dicho compromiso.<\/p>\n<p>Las familias eval\u00faan presentar una DENUNCIA PENAL contra los Directivos del IVC y su presidente por los delitos de abandono de persona, e incumplimiento de los deberes de funcionario p\u00fablico.<\/p>\n<p>A continuaci\u00f3n escucha la entrevista:\u00a0https:\/\/soundcloud.com\/prensa-fm-riachuelo\/19-02-2018-monica-vecina-del-barrio-padre-mugica-de-lugano<\/p>\n","protected":false},"excerpt":{"rendered":"<p>[FM Riachuelo 20\/02\/2018] El Complejo Urbano Barrio Padre Mugica ubicado en General \u00a0Paz y Casta\u00f1ares al 4800, surge de la firma de convenios entre la Fundaci\u00f3n Madres de plaza de Mayo, el Gobierno Nacional y el Gobierno de la Ciudad de Buenos Aires, en el a\u00f1o 2008, para la construcci\u00f3n de 780 viviendas. En el [&hellip;]<\/p>\n","protected":false},"author":5,"featured_media":6400,"comment_status":"open","ping_status":"open","sticky":false,"template":"","format":"standard","meta":{"_monsterinsights_skip_tracking":false,"_monsterinsights_sitenote_active":false,"_monsterinsights_sitenote_note":"","_monsterinsights_sitenote_category":0,"jnews-multi-image_gallery":[],"jnews_single_post":[],"jnews_primary_category":[],"_joinchat":[],"footnotes":""},"categories":[78,76,74],"tags":[],"class_list":["post-6399","post","type-post","status-publish","format-standard","has-post-thumbnail","hentry","category-economia-popular","category-salud-comunitaria","category-san-cayetano"],"_links":{"self":[{"href":"http:\/\/fmriachuelo.it10.com.ar\/index.php\/wp-json\/wp\/v2\/posts\/6399","targetHints":{"allow":["GET"]}}],"collection":[{"href":"http:\/\/fmriachuelo.it10.com.ar\/index.php\/wp-json\/wp\/v2\/posts"}],"about":[{"href":"http:\/\/fmriachuelo.it10.com.ar\/index.php\/wp-json\/wp\/v2\/types\/post"}],"author":[{"embeddable":true,"href":"http:\/\/fmriachuelo.it10.com.ar\/index.php\/wp-json\/wp\/v2\/users\/5"}],"replies":[{"embeddable":true,"href":"http:\/\/fmriachuelo.it10.com.ar\/index.php\/wp-json\/wp\/v2\/comments?post=6399"}],"version-history":[{"count":0,"href":"http:\/\/fmriachuelo.it10.com.ar\/index.php\/wp-json\/wp\/v2\/posts\/6399\/revisions"}],"wp:featuredmedia":[{"embeddable":true,"href":"http:\/\/fmriachuelo.it10.com.ar\/index.php\/wp-json\/wp\/v2\/media\/6400"}],"wp:attachment":[{"href":"http:\/\/fmriachuelo.it10.com.ar\/index.php\/wp-json\/wp\/v2\/media?parent=6399"}],"wp:term":[{"taxonomy":"category","embeddable":true,"href":"http:\/\/fmriachuelo.it10.com.ar\/index.php\/wp-json\/wp\/v2\/categories?post=6399"},{"taxonomy":"post_tag","embeddable":true,"href":"http:\/\/fmriachuelo.it10.com.ar\/index.php\/wp-json\/wp\/v2\/tags?post=6399"}],"curies":[{"name":"wp","href":"https:\/\/api.w.org\/{rel}","templated":true}]}}