{"id":6387,"date":"2018-02-16T04:08:58","date_gmt":"2018-02-16T04:08:58","guid":{"rendered":"http:\/\/fmriachuelo.com.ar\/?p=6387"},"modified":"2018-02-16T04:08:58","modified_gmt":"2018-02-16T04:08:58","slug":"multitudinaria-movilizacion-de-organizaciones-sociales-a-jefatura-de-gobierno","status":"publish","type":"post","link":"http:\/\/fmriachuelo.it10.com.ar\/index.php\/2018\/02\/16\/multitudinaria-movilizacion-de-organizaciones-sociales-a-jefatura-de-gobierno\/","title":{"rendered":"MULTITUDINARIA MOVILIZACI\u00d3N DE ORGANIZACIONES SOCIALES A JEFATURA DE GOBIERNO"},"content":{"rendered":"<div dir=\"auto\">[FM RIACHUELO 16\/02\/2018] Ayer desde las primeras horas del d\u00eda y en una jornada de masivas movilizaciones a lo largo y ancho del pa\u00eds, los trabajadores de la econom\u00eda popular nuevamente tomaron la iniciativa en la lucha contra las pol\u00edticas de exclusi\u00f3n y hambre que viene ejecutando el gobierno de Mauricio Macri.<\/div>\n<div dir=\"auto\"><\/div>\n<div dir=\"auto\">En la Ciudad de Buenos Aires, bajo la consigna \u00abNo al ajuste, Si al trabajo\u00bb, la CTEP, la Corriente Clasista y Combativa,\u00a0 Barrios de pie y el Frente Popular Dario Santill\u00e1n, junto a un amplio arco de sectores del movimiento obrero organizado, marcharon desde Av. Caseros y Entre R\u00edos hacia la Jefatura de Gobierno. Gracias a la masividad de la movilizaci\u00f3n, los dirigentes sociales fueron recibidos y se logr\u00f3 constituir una mesa de trabajo que deber\u00e1 atender las demandas que las organizaciones vienen reclamando: ejecuci\u00f3n de las leyes de emergencia social y alimentaria, y paritaria social.<\/div>\n<div dir=\"auto\">Frente al edificio de jefatura, se mont\u00f3 un escenario en donde hablaron los distintos referentes sociales y sindicales. Rafael Klejzer, secretario general de CTEP Capital dio cierre al acto con un discurso en el que remarc\u00f3 que la unidad y organizaci\u00f3n entre los trabajadores son los factores determinantes para ganar la batalla contra el ajuste:\u00bbHoy nos tuvieron que recibir. \u00bfHace cu\u00e1nto que venimos y no nos reciben porque somos marcheros? Hoy lo hicieron gracias a la jornada nacional de lucha\u00bb. Tambi\u00e9n habl\u00f3 del reconocimiento que ha logrado la econom\u00eda popular: \u00abFuimos a plantearle al resto de la clase trabajadora expresada en la CGT y las dos CTA la necesidad de que nos entiendan y reciban como parte de esa clase trabajadora, y fue un orgullo ver los ojos de los compa\u00f1eros cuando el a\u00f1o pasado en los actos nos llamaron por nuestro nombre\u00bb.<\/div>\n<div dir=\"auto\"><\/div>\n<div dir=\"auto\">El dirigente festej\u00f3 el contundente acompa\u00f1amiento del movimiento obrero y llam\u00f3 a participar masivamente en las jornadas del 21 de febrero y 8 de marzo:\u00bbNo hay gobierno que pueda parar la fuerza de los trabajadores organizados, por eso ampliamos la cancha y hoy est\u00e1n ac\u00e1 dando testimonio los compa\u00f1eros de los sindicatos. La perspectiva es la unidad, cuando los docentes salgan a pedir por la paritaria vamos a estar, cuando los estatales salgan a pelear por la paritaria, vamos a estar, as\u00ed como el 21 y el 8 de marzo\u00bb. Al final del acto remarc\u00f3 el esfuerzo de las cooperativas y de los trabajadores de la econom\u00eda popular en el contexto de crisis actual:\u00bblas personas en situaci\u00f3n de calle que se organizaron en Proyecto 7 para reclamar vivienda digna, los cartoneros, las compa\u00f1eras que se doblan la cintura cociendo la ropa que usamos, los compa\u00f1eros que limpian los barrios, todos ellos inspiran y son el ejemplo.\u00bb Y finaliz\u00f3:\u00bbLe hemos ense\u00f1ado al mundo que el patr\u00f3n sin trabajadores no produce nada, pero nosotros sin patrones mantenemos las cooperativas y gestionamos nuestro laburo, somos la \u00fanica clase que no necesita explotar, esclavizar ni colonizar a nadie, por eso somos nosotros quienes debemos decidir cuanto tenemos que ganar\u00bb.<\/div>\n<div dir=\"auto\"><\/div>\n<div dir=\"auto\">Las organizaciones presentes fueron:Los Pibes, Frente Social Peronista, Cartoneros La Boca, Seamos Libres, La Poderosa, MTR 12 de Abril, MTL, Movimiento Popular La Dignidad, Movimiento de Trabajadores Exclu\u00ecdos, Izquierda Latinoamericana 1-11-14, Frente Popular Dar\u00edo Santill\u00e1n, MTD An\u00edbal Ver\u00f3n, Frente de Organizaciones en Lucha, Proyecto 7 (organizaci\u00f3n de personas en situaci\u00f3n de calle), Movimiento Lucha y Rebeli\u00f3n, Frente Emancipador, Izquierda Popular, Cooperativa el \u00c1lamo, Frente Popular Venceremos.<\/div>\n<div dir=\"auto\"><\/div>\n<div dir=\"auto\">Escucha todos los testimonios:<\/div>\n<p><iframe loading=\"lazy\" title=\"15\/02\/2018 - GRAN JORNADA DE LOS SECTORES POPULARES EN EL MARCO DE LA RESISTENCIA by FMR\" width=\"500\" height=\"450\" scrolling=\"no\" frameborder=\"no\" src=\"https:\/\/w.soundcloud.com\/player\/?visual=true&#038;url=https%3A%2F%2Fapi.soundcloud.com%2Fplaylists%2F449715090&#038;show_artwork=true&#038;maxheight=750&#038;maxwidth=500\"><\/iframe><\/p>\n","protected":false},"excerpt":{"rendered":"<p>[FM RIACHUELO 16\/02\/2018] Ayer desde las primeras horas del d\u00eda y en una jornada de masivas movilizaciones a lo largo y ancho del pa\u00eds, los trabajadores de la econom\u00eda popular nuevamente tomaron la iniciativa en la lucha contra las pol\u00edticas de exclusi\u00f3n y hambre que viene ejecutando el gobierno de Mauricio Macri. En la Ciudad [&hellip;]<\/p>\n","protected":false},"author":5,"featured_media":6394,"comment_status":"open","ping_status":"open","sticky":false,"template":"","format":"standard","meta":{"_monsterinsights_skip_tracking":false,"_monsterinsights_sitenote_active":false,"_monsterinsights_sitenote_note":"","_monsterinsights_sitenote_category":0,"jnews-multi-image_gallery":[],"jnews_single_post":[],"jnews_primary_category":[],"_joinchat":[],"footnotes":""},"categories":[78,76],"tags":[],"class_list":["post-6387","post","type-post","status-publish","format-standard","has-post-thumbnail","hentry","category-economia-popular","category-salud-comunitaria"],"_links":{"self":[{"href":"http:\/\/fmriachuelo.it10.com.ar\/index.php\/wp-json\/wp\/v2\/posts\/6387","targetHints":{"allow":["GET"]}}],"collection":[{"href":"http:\/\/fmriachuelo.it10.com.ar\/index.php\/wp-json\/wp\/v2\/posts"}],"about":[{"href":"http:\/\/fmriachuelo.it10.com.ar\/index.php\/wp-json\/wp\/v2\/types\/post"}],"author":[{"embeddable":true,"href":"http:\/\/fmriachuelo.it10.com.ar\/index.php\/wp-json\/wp\/v2\/users\/5"}],"replies":[{"embeddable":true,"href":"http:\/\/fmriachuelo.it10.com.ar\/index.php\/wp-json\/wp\/v2\/comments?post=6387"}],"version-history":[{"count":0,"href":"http:\/\/fmriachuelo.it10.com.ar\/index.php\/wp-json\/wp\/v2\/posts\/6387\/revisions"}],"wp:featuredmedia":[{"embeddable":true,"href":"http:\/\/fmriachuelo.it10.com.ar\/index.php\/wp-json\/wp\/v2\/media\/6394"}],"wp:attachment":[{"href":"http:\/\/fmriachuelo.it10.com.ar\/index.php\/wp-json\/wp\/v2\/media?parent=6387"}],"wp:term":[{"taxonomy":"category","embeddable":true,"href":"http:\/\/fmriachuelo.it10.com.ar\/index.php\/wp-json\/wp\/v2\/categories?post=6387"},{"taxonomy":"post_tag","embeddable":true,"href":"http:\/\/fmriachuelo.it10.com.ar\/index.php\/wp-json\/wp\/v2\/tags?post=6387"}],"curies":[{"name":"wp","href":"https:\/\/api.w.org\/{rel}","templated":true}]}}