{"id":6380,"date":"2018-02-15T14:22:39","date_gmt":"2018-02-15T14:22:39","guid":{"rendered":"http:\/\/fmriachuelo.com.ar\/?p=6380"},"modified":"2018-02-15T14:22:39","modified_gmt":"2018-02-15T14:22:39","slug":"jornada-de-lucha-de-todos-los-trabajadoresotro-eslabon-mas-en-el-camino-a-la-unidad-de-los-sectores-populares","status":"publish","type":"post","link":"http:\/\/fmriachuelo.it10.com.ar\/index.php\/2018\/02\/15\/jornada-de-lucha-de-todos-los-trabajadoresotro-eslabon-mas-en-el-camino-a-la-unidad-de-los-sectores-populares\/","title":{"rendered":"JORNADA DE LUCHA DE TODOS LOS TRABAJADORES:\u201dOTRO ESLAB\u00d3N M\u00c1S EN EL CAMINO A LA UNIDAD DE LOS SECTORES POPULARES\u201d"},"content":{"rendered":"<p>[FM Riachuelo 15\/02\/18] En la ma\u00f1ana del d\u00eda de hoy, entrevistamos en un chispazo informativo a Lito Borello, Secretario de DDHH de CTEP para tener un primer acercamiento a lo que ser\u00e1 una nueva jornada de lucha de los movimientos sociales y populares.<\/p>\n<p><iframe loading=\"lazy\" title=\"JORNADA DE LUCHA DE TODOS LOS TRABAJADORES: &quot;CAMINO A LA UNIDAD DE TODOS LOS TRABAJADORES&quot; by FMR\" width=\"500\" height=\"450\" scrolling=\"no\" frameborder=\"no\" src=\"https:\/\/w.soundcloud.com\/player\/?visual=true&#038;url=https%3A%2F%2Fapi.soundcloud.com%2Fplaylists%2F449189367&#038;show_artwork=true&#038;maxheight=750&#038;maxwidth=500\"><\/iframe><\/p>\n<p>Ya en las primeras horas de la ma\u00f1ana comenzaron a vislumbrarse los primeros cortes por parte de la CTA Aut\u00f3noma en las principales avenidas de la ciudad porte\u00f1a, preparando as\u00ed el terreno para lo que ser\u00e1 un d\u00eda marcado por movilizaciones en distintos puntos del pa\u00eds .Las mismas ser\u00e1n llevadas adelante por los trabajadores de la econom\u00eda popular nucleados en CTEP, Barrios de Pie, la Corriente Clasista y Combativa y el Frente Popular Dar\u00edo Santill\u00e1n,entre otros. Esta nueva jornada de lucha buscar\u00e1 movilizarse hasta Plaza de Mayo para exigir un freno al ajuste y al desguace efectuado por el Estado Nacional.<\/p>\n<p>Lito Borello, Secretario de DDHH de la Confederaci\u00f3n de Trabajadores de la Econom\u00eda Popular, nos coment\u00f3 sus primeras impresiones del d\u00eda de hoy, diciendo: \u201cEs una jornada que empieza marcando la iniciativa de los sectores populares en el marco de las resistencias que se est\u00e1n desplegando en contra de las pol\u00edticas del mal gobierno nacional\u201d. Agreg\u00f3 que \u201cadem\u00e1s ha tenido la simpat\u00eda y adhesi\u00f3n de los distintos sectores del movimiento obrero organizado\u201d<\/p>\n<p>De camino a la movilizaci\u00f3n que tendr\u00e1 lugar en la ciudad de La Plata, tambi\u00e9n expres\u00f3 sus expectativas con respecto a esta nueva jornada de lucha: \u201cEsperamos sea otro eslab\u00f3n mas en el camino de unidad de los sectores populares, en tanto se vaya construyendo una correlaci\u00f3n de fuerza que nos permita a nuestro pueblo y sus trabajadores, no solamente tener actitudes de resistencia, sino ir construyendo una fuerza capaz de proponer un nuevo modelo de pa\u00eds al que nos propone el capitalismo mundial con este formato de peste amarilla del gobierno de Mauricio Macri\u201d<\/p>\n","protected":false},"excerpt":{"rendered":"<p>[FM Riachuelo 15\/02\/18] En la ma\u00f1ana del d\u00eda de hoy, entrevistamos en un chispazo informativo a Lito Borello, Secretario de DDHH de CTEP para tener un primer acercamiento a lo que ser\u00e1 una nueva jornada de lucha de los movimientos sociales y populares. Ya en las primeras horas de la ma\u00f1ana comenzaron a vislumbrarse los [&hellip;]<\/p>\n","protected":false},"author":5,"featured_media":6381,"comment_status":"open","ping_status":"open","sticky":false,"template":"","format":"standard","meta":{"_monsterinsights_skip_tracking":false,"_monsterinsights_sitenote_active":false,"_monsterinsights_sitenote_note":"","_monsterinsights_sitenote_category":0,"jnews-multi-image_gallery":[],"jnews_single_post":[],"jnews_primary_category":[],"_joinchat":[],"footnotes":""},"categories":[78,76,75],"tags":[],"class_list":["post-6380","post","type-post","status-publish","format-standard","has-post-thumbnail","hentry","category-economia-popular","category-salud-comunitaria","category-trabajo"],"_links":{"self":[{"href":"http:\/\/fmriachuelo.it10.com.ar\/index.php\/wp-json\/wp\/v2\/posts\/6380","targetHints":{"allow":["GET"]}}],"collection":[{"href":"http:\/\/fmriachuelo.it10.com.ar\/index.php\/wp-json\/wp\/v2\/posts"}],"about":[{"href":"http:\/\/fmriachuelo.it10.com.ar\/index.php\/wp-json\/wp\/v2\/types\/post"}],"author":[{"embeddable":true,"href":"http:\/\/fmriachuelo.it10.com.ar\/index.php\/wp-json\/wp\/v2\/users\/5"}],"replies":[{"embeddable":true,"href":"http:\/\/fmriachuelo.it10.com.ar\/index.php\/wp-json\/wp\/v2\/comments?post=6380"}],"version-history":[{"count":0,"href":"http:\/\/fmriachuelo.it10.com.ar\/index.php\/wp-json\/wp\/v2\/posts\/6380\/revisions"}],"wp:featuredmedia":[{"embeddable":true,"href":"http:\/\/fmriachuelo.it10.com.ar\/index.php\/wp-json\/wp\/v2\/media\/6381"}],"wp:attachment":[{"href":"http:\/\/fmriachuelo.it10.com.ar\/index.php\/wp-json\/wp\/v2\/media?parent=6380"}],"wp:term":[{"taxonomy":"category","embeddable":true,"href":"http:\/\/fmriachuelo.it10.com.ar\/index.php\/wp-json\/wp\/v2\/categories?post=6380"},{"taxonomy":"post_tag","embeddable":true,"href":"http:\/\/fmriachuelo.it10.com.ar\/index.php\/wp-json\/wp\/v2\/tags?post=6380"}],"curies":[{"name":"wp","href":"https:\/\/api.w.org\/{rel}","templated":true}]}}