{"id":6374,"date":"2018-02-14T14:52:08","date_gmt":"2018-02-14T14:52:08","guid":{"rendered":"http:\/\/fmriachuelo.com.ar\/?p=6374"},"modified":"2018-02-14T14:52:08","modified_gmt":"2018-02-14T14:52:08","slug":"conferencia-de-prensa-en-la-boca-juicio-por-asesinato-de-nehuen-rodriguez","status":"publish","type":"post","link":"http:\/\/fmriachuelo.it10.com.ar\/index.php\/2018\/02\/14\/conferencia-de-prensa-en-la-boca-juicio-por-asesinato-de-nehuen-rodriguez\/","title":{"rendered":"CONFERENCIA DE PRENSA EN LA BOCA:JUICIO POR EL ASESINATO DE NEHUEN RODRIGUEZ"},"content":{"rendered":"<p>[FM Riachuelo 14\/02\/2018]El d\u00eda viernes en la Casa Tasso, ubicada en el barrio de La Boca se brind\u00f3 una conferencia de prensa llevada adelante por Roxana Cainzos e Ivonne Kukoc, ambas madres de victimas de gatillo f\u00e1cil, quienes expresaron su tristeza y bronca, as\u00ed como tambi\u00e9n se inform\u00f3 de la nueva fecha para el juicio.<\/p>\n<p><iframe loading=\"lazy\" title=\"Conferencia de Prensa en la casa Tasso , LA BOCA ,junto a Ivonne Kukoc, madre de Juan Pablo, by FMR\" width=\"500\" height=\"450\" scrolling=\"no\" frameborder=\"no\" src=\"https:\/\/w.soundcloud.com\/player\/?visual=true&#038;url=https%3A%2F%2Fapi.soundcloud.com%2Fplaylists%2F444773136&#038;show_artwork=true&#038;maxheight=750&#038;maxwidth=500\"><\/iframe><\/p>\n<p>Roxana Cainzos, mam\u00e1 de Nehu\u00e9n Rodr\u00edguez, v\u00edctima de gatillo f\u00e1cil, se solidariz\u00f3 con la familia Kukoc \u00a0y pidi\u00f3 justicia por Juan Pablo, as\u00ed como por su hijo. Cainzos actualmente se encuentra a la espera del juicio oral y p\u00fablico, que se realizara el d\u00eda 27 de febrero a las 9 hs en el Palacio de Tribunales, \u00a0con el acompa\u00f1amiento de organizaciones sociales y una radio abierta. El juicio se llevara a cabo luego de haber sido postergado por tercera vez.<\/p>\n<p>En la conferencia, Ivonne Kukoc, madre de Juan Pablo, asesinado a manos del agente de la polic\u00eda local de Avellaneda, Luis Chocobar el diciembre pasado, expres\u00f3 el dolor por la muerte de su hijo y el enojo contra el polic\u00eda: \u201cNo solo mat\u00f3 a mi hijo sino que destruyo una familia humilde y trabajadora\u201d. Por otro lado, el abogado de la familia dijo que \u201chemos dado marcha atr\u00e1s terriblemente en este tiempo en cuanto a materia de Derechos Humanos\u201d.<\/p>\n<p>Hacia el final de la conferencia de prensa, Ivonne inform\u00f3 que estuvieron recibiendo amenazas de muerte hacia ella y su familia, pero que sin embargo no pararan de luchar hasta obtener justicia.<\/p>\n<p>Por \u00faltimo, Roxana Cainzos, mencion\u00f3 el informe realizado por la Covilpi el a\u00f1o pasado, acerca de los casos de gatillo f\u00e1cil y pidi\u00f3 que se le d\u00e9 importancia a estas causas, porque \u201cayer fue mi hijo, hoy es el hijo de Ivonne y ma\u00f1ana puede ser otro\u201d.<\/p>\n<p><strong>NO A LA VIOLENCIA INSTITUCIONAL<br \/>\nNO AL GATILLO FACIL<\/strong><\/p>\n","protected":false},"excerpt":{"rendered":"<p>[FM Riachuelo 14\/02\/2018]El d\u00eda viernes en la Casa Tasso, ubicada en el barrio de La Boca se brind\u00f3 una conferencia de prensa llevada adelante por Roxana Cainzos e Ivonne Kukoc, ambas madres de victimas de gatillo f\u00e1cil, quienes expresaron su tristeza y bronca, as\u00ed como tambi\u00e9n se inform\u00f3 de la nueva fecha para el juicio. [&hellip;]<\/p>\n","protected":false},"author":5,"featured_media":6375,"comment_status":"open","ping_status":"open","sticky":false,"template":"","format":"standard","meta":{"_monsterinsights_skip_tracking":false,"_monsterinsights_sitenote_active":false,"_monsterinsights_sitenote_note":"","_monsterinsights_sitenote_category":0,"jnews-multi-image_gallery":[],"jnews_single_post":[],"jnews_primary_category":[],"_joinchat":[],"footnotes":""},"categories":[78,76],"tags":[],"class_list":["post-6374","post","type-post","status-publish","format-standard","has-post-thumbnail","hentry","category-economia-popular","category-salud-comunitaria"],"_links":{"self":[{"href":"http:\/\/fmriachuelo.it10.com.ar\/index.php\/wp-json\/wp\/v2\/posts\/6374","targetHints":{"allow":["GET"]}}],"collection":[{"href":"http:\/\/fmriachuelo.it10.com.ar\/index.php\/wp-json\/wp\/v2\/posts"}],"about":[{"href":"http:\/\/fmriachuelo.it10.com.ar\/index.php\/wp-json\/wp\/v2\/types\/post"}],"author":[{"embeddable":true,"href":"http:\/\/fmriachuelo.it10.com.ar\/index.php\/wp-json\/wp\/v2\/users\/5"}],"replies":[{"embeddable":true,"href":"http:\/\/fmriachuelo.it10.com.ar\/index.php\/wp-json\/wp\/v2\/comments?post=6374"}],"version-history":[{"count":0,"href":"http:\/\/fmriachuelo.it10.com.ar\/index.php\/wp-json\/wp\/v2\/posts\/6374\/revisions"}],"wp:featuredmedia":[{"embeddable":true,"href":"http:\/\/fmriachuelo.it10.com.ar\/index.php\/wp-json\/wp\/v2\/media\/6375"}],"wp:attachment":[{"href":"http:\/\/fmriachuelo.it10.com.ar\/index.php\/wp-json\/wp\/v2\/media?parent=6374"}],"wp:term":[{"taxonomy":"category","embeddable":true,"href":"http:\/\/fmriachuelo.it10.com.ar\/index.php\/wp-json\/wp\/v2\/categories?post=6374"},{"taxonomy":"post_tag","embeddable":true,"href":"http:\/\/fmriachuelo.it10.com.ar\/index.php\/wp-json\/wp\/v2\/tags?post=6374"}],"curies":[{"name":"wp","href":"https:\/\/api.w.org\/{rel}","templated":true}]}}