{"id":637,"date":"2015-03-27T02:23:00","date_gmt":"2015-03-27T02:23:00","guid":{"rendered":"http:\/\/fmriachuelo.observatorioess.org.ar\/index.php\/2015\/03\/27\/repudio-frente-a-la-presencia-de-representantes-de-la-derecha-venezolana-invitada-por-el-jefe-de-gobierno-de-la-ciudad\/"},"modified":"2025-03-27T12:54:58","modified_gmt":"2025-03-27T15:54:58","slug":"repudio-frente-a-la-presencia-de-representantes-de-la-derecha-venezolana-invitada-por-el-jefe-de-gobierno-de-la-ciudad","status":"publish","type":"post","link":"http:\/\/fmriachuelo.it10.com.ar\/index.php\/2015\/03\/27\/repudio-frente-a-la-presencia-de-representantes-de-la-derecha-venezolana-invitada-por-el-jefe-de-gobierno-de-la-ciudad\/","title":{"rendered":"REPUDIO FRENTE A LA PRESENCIA DE REPRESENTANTES DE LA DERECHA VENEZOLANA INVITADA POR EL JEFE DE GOBIERNO DE LA CIUDAD"},"content":{"rendered":"<p><span style=\"font-size: large\"><strong><span style=\"color: red;font-family: Verdana, sans-serif\"><u>CONSPIRACIONES&nbsp;GOLPISTAS<\/u><\/span><\/strong><\/span><\/p>\n<div style=\"clear: both;text-align: center\"><a href=\"http:\/\/2.bp.blogspot.com\/-IOHqn2OxCQc\/VRS9uEbJX2I\/AAAAAAAADTo\/Zn6WoCJZdTo\/s1600\/CONTRADERECHAGOLPISTA.png\" style=\"clear: left;float: left;margin-bottom: 1em;margin-right: 1em\"><img loading=\"lazy\" decoding=\"async\" border=\"0\" src=\"http:\/\/2.bp.blogspot.com\/-IOHqn2OxCQc\/VRS9uEbJX2I\/AAAAAAAADTo\/Zn6WoCJZdTo\/s1600\/CONTRADERECHAGOLPISTA.png\" height=\"320\" width=\"226\" \/><\/a><\/div>\n<div style=\"text-align: center\"><span style=\"font-size: large\"><strong><span style=\"color: red;font-family: Verdana, sans-serif\">\u00a1\u00a1No al Golpe en la Rep\u00fablica Bolivariana de Venezuela !!<\/span><\/strong><\/span><span style=\"color: red;font-family: Verdana, sans-serif;font-size: large\"><strong>\u00a1\u00a1No a la complicidad de la derecha argentina!!<\/strong><\/span><\/div>\n<div style=\"margin: 0cm 0cm 10pt;text-align: justify\"><span>Ante la llegada al pa\u00eds de la esposa del ex alcalde golpista venezolano Antonio Ledezma, y de <\/span><span>Lilian Tintori esposa de Leopoldo L\u00f3pez, ambas <span>protegidas por el macrismo, <\/span>los abajo firmantes, organizaciones sociales y pol\u00edticas, pol\u00edticos e intelectuales repudiamos la invitaci\u00f3n realizada por el Jefe de&nbsp;Gobierno de la Ciudad Buenos Aires, Mauricio Macri a estas activistas opositoras al gobierno leg\u00edtimamente elegido del Presidente Nicol\u00e1s Maduro.<\/span><\/div>\n<p><span>Las activistas <span>&nbsp;<\/span>Mitzy Capriles esposa del ex alcalde caraque\u00f1o Antonio Ledezma, <span>&nbsp;<\/span>preso por&nbsp;conspiraci\u00f3n golpista e intento de magnicidio y Lilian Tintori esposa de Leopoldo L\u00f3pez, en prisi\u00f3n por ser uno de los cabecillas e ide\u00f3logo de las guarimbas en contra del Gobierno democr\u00e1ticamente elegido de la Republica Bolivariana de Venezuela, y que dejaran un saldo de 43 v\u00edctimas fatales,<span>&nbsp; <\/span>pisar\u00e1n suelo argentino en el marco de una campa\u00f1a golpista internacional.<\/span><\/p>\n<div style=\"text-align: justify\"><span>La esposa de Ledezma llega a la Argentina despu\u00e9s de reunirse en Espa\u00f1a con el presidente derechista Mariano Rajoy y el ex presidente Felipe Gonz\u00e1lez que se sumaron, como no pod\u00eda ser de otra manera, a la escalada desestabilizadora contra Venezuela, que desde Washington monitorea Barack Obama.<\/span><\/div>\n<p><\/p>\n<div style=\"text-align: justify\"><span>Tambi\u00e9n repudiamos&nbsp;la invitaci\u00f3n de otros renombrados representantes de la m\u00e1s recalcitrante derecha Latinoamericana como el expresidente&nbsp;mexicano Felipe Calder\u00f3n, el alcalde de Quito, Mauricio Rodas Espinel y el alcalde de R\u00edo de Janeiro Eduardo Paes.&nbsp;<\/span><\/div>\n<p><\/p>\n<div style=\"text-align: justify\"><span>A su vez&nbsp;esperamos que la actividad a que se los ha convocado, el \u201cPrimer Foro Latinoamericano de Alcaldes del C 40&#8243;, se aboque a la&nbsp;agenda de discusi\u00f3n relacionada a los riesgos que implica el cambio cl\u00edm\u00e1tico, y no se convierta en un acto m\u00e1s en contra de Venezuela&nbsp;Bolivariana, en el actual contexto de intimidaci\u00f3n que ha generado el decreto promulgado recientemente por Obama.<\/span><\/div>\n<p><\/p>\n<div style=\"text-align: justify\"><span style=\"font-size: large\"><b><span>-Fuera Mitzy Capriles de Ledezma y Lilian Tintori y la derecha Latinoamericana de Argentina.<\/span><\/b><span><\/span><\/span><\/div>\n<p><span style=\"font-size: large\"> <\/span><\/p>\n<div style=\"text-align: justify\"><b><span><span style=\"font-size: large\">&#8211; Viva Venezuela Bolivariana y Chavista.<\/span><\/span><\/b><\/div>\n<p><\/p>\n<div style=\"margin-left: 36pt;text-align: justify;text-indent: -18pt\"><!--[if !supportLists]--><span style=\"font-size: x-small\"><span style=\"font-family: Symbol\"><span>\u00b7<span>&nbsp;&nbsp;&nbsp;&nbsp;&nbsp;&nbsp;&nbsp;&nbsp; <\/span><\/span><\/span><!--[endif]--><b><span>ATTAC Argentina, <\/span><\/b><\/span><\/div>\n<div style=\"margin-left: 36pt;text-align: justify;text-indent: -18pt\"><!--[if !supportLists]--><span style=\"font-size: x-small\"><span style=\"font-family: Symbol\"><span>\u00b7<span>&nbsp;&nbsp;&nbsp;&nbsp;&nbsp;&nbsp;&nbsp;&nbsp; <\/span><\/span><\/span><!--[endif]--><b><span>C\u00edrculo Bolivariano Argentino<\/span><\/b><\/span><\/div>\n<div style=\"margin-left: 36pt;text-align: justify;text-indent: -18pt\"><!--[if !supportLists]--><span style=\"font-size: x-small\"><span style=\"font-family: Symbol\"><span>\u00b7<span>&nbsp;&nbsp;&nbsp;&nbsp;&nbsp;&nbsp;&nbsp;&nbsp; <\/span><\/span><\/span><!--[endif]--><b><span>Colectivo 4F<\/span><\/b><\/span><\/div>\n<div style=\"margin-left: 36pt;text-align: justify;text-indent: -18pt\"><!--[if !supportLists]--><span style=\"font-size: x-small\"><span style=\"font-family: Symbol\"><span>\u00b7<span>&nbsp;&nbsp;&nbsp;&nbsp;&nbsp;&nbsp;&nbsp;&nbsp; <\/span><\/span><\/span><!--[endif]--><b><span>Corriente Popular Juana Azurduy<\/span><\/b><\/span><\/div>\n<div style=\"margin-left: 36pt;text-align: justify;text-indent: -18pt\"><!--[if !supportLists]--><span style=\"font-size: x-small\"><span style=\"font-family: Symbol\"><span>\u00b7<span>&nbsp;&nbsp;&nbsp;&nbsp;&nbsp;&nbsp;&nbsp;&nbsp; <\/span><\/span><\/span><!--[endif]--><b><span>EvitaSiempre<\/span><\/b><\/span><\/div>\n<div style=\"margin-left: 36pt;text-align: justify;text-indent: -18pt\"><!--[if !supportLists]--><span style=\"font-size: x-small\"><span style=\"font-family: Symbol\"><span>\u00b7<span>&nbsp;&nbsp;&nbsp;&nbsp;&nbsp;&nbsp;&nbsp;&nbsp; <\/span><\/span><\/span><!--[endif]--><b><span>Facultad de Periodismo de Universidad Nacional de La Plata<\/span><\/b><\/span><\/div>\n<div style=\"margin-left: 36pt;text-align: justify;text-indent: -18pt\"><!--[if !supportLists]--><span style=\"font-size: x-small\"><span style=\"font-family: Symbol\"><span>\u00b7<span>&nbsp;&nbsp;&nbsp;&nbsp;&nbsp;&nbsp;&nbsp;&nbsp; <\/span><\/span><\/span><!--[endif]--><b><span>FISyP<\/span><\/b><\/span><\/div>\n<div style=\"margin-left: 36pt;text-align: justify;text-indent: -18pt\"><!--[if !supportLists]--><span style=\"font-size: x-small\"><span style=\"font-family: Symbol\"><span>\u00b7<span>&nbsp;&nbsp;&nbsp;&nbsp;&nbsp;&nbsp;&nbsp;&nbsp; <\/span><\/span><\/span><!--[endif]--><b><span>FOK Frente Organizaciones Kirchneristas<\/span><\/b><\/span><\/div>\n<div style=\"margin-left: 36pt;text-align: justify;text-indent: -18pt\"><!--[if !supportLists]--><span style=\"font-size: x-small\"><span style=\"font-family: Symbol\"><span>\u00b7<span>&nbsp;&nbsp;&nbsp;&nbsp;&nbsp;&nbsp;&nbsp;&nbsp; <\/span><\/span><\/span><!--[endif]--><b><span>Frente Latinoamericano<\/span><\/b><\/span><\/div>\n<div style=\"margin-left: 36pt;text-align: justify;text-indent: -18pt\"><!--[if !supportLists]--><span style=\"font-size: x-small\"><span style=\"font-family: Symbol\"><span>\u00b7<span>&nbsp;&nbsp;&nbsp;&nbsp;&nbsp;&nbsp;&nbsp;&nbsp; <\/span><\/span><\/span><!--[endif]--><b><span>Frente Popular Dar\u00edo Santill\u00e1n <\/span><\/b><\/span><\/div>\n<div style=\"margin-left: 36pt;text-align: justify;text-indent: -18pt\"><!--[if !supportLists]--><span style=\"font-size: x-small\"><span style=\"font-family: Symbol\"><span>\u00b7<span>&nbsp;&nbsp;&nbsp;&nbsp;&nbsp;&nbsp;&nbsp;&nbsp; <\/span><\/span><\/span><!--[endif]--><b><span>Fundayacucho<\/span><\/b><\/span><\/div>\n<div style=\"margin-left: 36pt;text-align: justify;text-indent: -18pt\"><!--[if !supportLists]--><span style=\"font-size: x-small\"><span style=\"font-family: Symbol\"><span>\u00b7<span>&nbsp;&nbsp;&nbsp;&nbsp;&nbsp;&nbsp;&nbsp;&nbsp; <\/span><\/span><\/span><!--[endif]--><b><span>JP Descamisados Escobar<\/span><\/b><\/span><\/div>\n<div style=\"margin-left: 36pt;text-align: justify;text-indent: -18pt\"><!--[if !supportLists]--><span style=\"font-size: x-small\"><span style=\"font-family: Symbol\"><span>\u00b7<span>&nbsp;&nbsp;&nbsp;&nbsp;&nbsp;&nbsp;&nbsp;&nbsp; <\/span><\/span><\/span><!--[endif]--><b><span>Juventud Armenia<\/span><\/b><\/span><\/div>\n<div style=\"margin-left: 36pt;text-align: justify;text-indent: -18pt\"><!--[if !supportLists]--><span style=\"font-size: x-small\"><span style=\"font-family: Symbol\"><span>\u00b7<span>&nbsp;&nbsp;&nbsp;&nbsp;&nbsp;&nbsp;&nbsp;&nbsp; <\/span><\/span><\/span><!--[endif]--><b><span>La Sim\u00f3n Bol\u00edvar<\/span><\/b><\/span><\/div>\n<div style=\"margin-left: 36pt;text-align: justify;text-indent: -18pt\"><!--[if !supportLists]--><span style=\"font-size: x-small\"><span style=\"font-family: Symbol\"><span>\u00b7<span>&nbsp;&nbsp;&nbsp;&nbsp;&nbsp;&nbsp;&nbsp;&nbsp; <\/span><\/span><\/span><!--[endif]--><b><span>MILES<\/span><\/b><\/span><\/div>\n<div style=\"margin-left: 36pt;text-align: justify;text-indent: -18pt\"><!--[if !supportLists]--><span style=\"font-size: x-small\"><span style=\"font-family: Symbol\"><span>\u00b7<span>&nbsp;&nbsp;&nbsp;&nbsp;&nbsp;&nbsp;&nbsp;&nbsp; <\/span><\/span><\/span><!--[endif]--><b><span>Misi\u00f3n Tehuelche<\/span><\/b><\/span><\/div>\n<div style=\"margin-left: 36pt;text-align: justify;text-indent: -18pt\"><!--[if !supportLists]--><span style=\"font-size: x-small\"><span style=\"font-family: Symbol\"><span>\u00b7<span>&nbsp;&nbsp;&nbsp;&nbsp;&nbsp;&nbsp;&nbsp;&nbsp; <\/s><\/span><\/span><!--[endif]--><b><span>Movimiento de Liberaci\u00f3n Nacional 26 de Julio<\/span><\/b><\/span><\/div>\n<div style=\"margin-left: 36pt;text-align: justify;text-indent: -18pt\"><!--[if !supportLists]--><span style=\"font-size: x-small\"><span style=\"font-family: Symbol\"><span>\u00b7<span>&nbsp;&nbsp;&nbsp;&nbsp;&nbsp;&nbsp;&nbsp;&nbsp; <\/span><\/span><\/span><!--[endif]--><b><span>Movimiento Estudiantil Liberaci\u00f3n<\/span><\/b><\/span><\/div>\n<div style=\"margin-left: 36pt;text-align: justify;text-indent: -18pt\"><!--[if !supportLists]--><span style=\"font-size: x-small\"><span style=\"font-family: Symbol\"><span>\u00b7<span>&nbsp;&nbsp;&nbsp;&nbsp;&nbsp;&nbsp;&nbsp;&nbsp; <\/span><\/span><\/span><!--[endif]--><b><span>Movimiento Patriotico Revolucionario Quebracho<\/span><\/b><\/span><\/div>\n<div style=\"margin-left: 36pt;text-align: justify;text-indent: -18pt\"><!--[if !supportLists]--><span style=\"font-size: x-small\"><span style=\"font-family: Symbol\"><span>\u00b7<span>&nbsp;&nbsp;&nbsp;&nbsp;&nbsp;&nbsp;&nbsp;&nbsp; <\/span><\/span><\/span><!--[endif]--><b><span>Movimiento Popular La Dignidad<\/span><\/b><\/span><\/div>\n<div style=\"margin-left: 36pt;text-align: justify;text-indent: -18pt\"><!--[if !supportLists]--><span style=\"font-size: x-small\"><span style=\"font-family: Symbol\"><span>\u00b7<span>&nbsp;&nbsp;&nbsp;&nbsp;&nbsp;&nbsp;&nbsp;&nbsp; <\/span><\/span><\/span><!--[endif]--><b><span>OLP Sim\u00f3n Bol\u00ecvar<\/span><\/b><\/span><\/div>\n<div style=\"margin-left: 36pt;text-align: justify;text-indent: -18pt\"><!--[if !supportLists]--><span style=\"font-size: x-small\"><span style=\"font-family: Symbol\"><span>\u00b7<span>&nbsp;&nbsp;&nbsp;&nbsp;&nbsp;&nbsp;&nbsp;&nbsp; <\/span><\/span><\/span><!--[endif]--><b><span>Organizaci\u00f3n Pol\u00edtica y Social LosPibes<\/span><\/b><\/span><\/div>\n<div style=\"margin-left: 36pt;text-align: justify;text-indent: -18pt\"><!--[if !supportLists]--><span style=\"font-size: x-small\"><span style=\"font-family: Symbol\"><span>\u00b7<span>&nbsp;&nbsp;&nbsp;&nbsp;&nbsp;&nbsp;&nbsp;&nbsp; <\/span><\/span><\/span><!--[endif]--><b><span>P.O.R. Posadista<\/span><\/b><\/span><\/div>\n<div style=\"margin-left: 36pt;text-align: justify;text-indent: -18pt\"><!--[if !supportLists]--><span style=\"font-size: x-small\"><span style=\"font-family: Symbol\"><span>\u00b7<span>&nbsp;&nbsp;&nbsp;&nbsp;&nbsp;&nbsp;&nbsp;&nbsp; <\/span><\/span><\/span><!--[endif]--><b><span>Participaci\u00f3n Urbana<\/span><\/b><\/span><\/div>\n<div style=\"margin-left: 36pt;text-align: justify;text-indent: -18pt\"><!--[if !supportLists]--><span style=\"font-size: x-small\"><span style=\"font-family: Symbol\"><span>\u00b7<span>&nbsp;&nbsp;&nbsp;&nbsp;&nbsp;&nbsp;&nbsp;&nbsp; <\/span><\/span><\/span><!--[endif]--><b><span>RAR<\/span><\/b><\/span><\/div>\n<div style=\"margin-left: 36pt;text-align: justify;text-indent: -18pt\"><!--[if !supportLists]--><span style=\"font-size: x-small\"><span style=\"font-family: Symbol\"><span>\u00b7<span>&nbsp;&nbsp;&nbsp;&nbsp;&nbsp;&nbsp;&nbsp;&nbsp; <\/span><\/span><\/span><!--[endif]--><b><span>Res\u00famen Latinoamericano<\/span><\/b><\/span><\/div>\n<div style=\"margin-left: 36pt;text-align: justify;text-indent: -18pt\"><!--[if !supportLists]--><span style=\"font-size: x-small\"><span style=\"font-family: Symbol\"><span>\u00b7<span>&nbsp;&nbsp;&nbsp;&nbsp;&nbsp;&nbsp;&nbsp;&nbsp; <\/span><\/span><\/span><!--[endif]--><b><span>Seamos Libres<\/span><\/b><\/span><\/div>\n<div style=\"margin-left: 36pt;text-align: justify;text-indent: -18pt\"><!--[if !supportLists]--><span style=\"font-size: x-small\"><span style=\"font-family: Symbol\"><span>\u00b7<span>&nbsp;&nbsp;&nbsp;&nbsp;&nbsp;&nbsp;&nbsp;&nbsp; <\/span><\/span><\/span><!--[endif]--><b><span>Tesis II<\/span><\/b><\/span><\/div>\n<div style=\"margin-left: 36pt;text-align: justify;text-indent: -18pt\"><!--[if !supportLists]--><span style=\"font-size: x-small\"><span style=\"font-family: Symbol\"><span>\u00b7<span>&nbsp;&nbsp;&nbsp;&nbsp;&nbsp;&nbsp;&nbsp;&nbsp; <\/span><\/span><\/span><!--[endif]--><b><span>Unidad Socialista para la Victoria<\/span><\/b><\/span><\/div>\n<div style=\"margin-left: 36pt;text-align: justify;text-indent: -18pt\"><!--[if !supportLists]--><span style=\"font-size: x-small\"><span style=\"font-family: Symbol\"><span>\u00b7<span>&nbsp;&nbsp;&nbsp;&nbsp;&nbsp;&nbsp;&nbsp;&nbsp; <\/span><\/span><\/span><!--[endif]--><b><span>Uni\u00f3n Cultural Armenia<\/span><\/b><\/span><\/div>\n<p><span style=\"font-size: x-small\"> <\/span><\/p>\n<div style=\"margin-left: 36pt;text-align: justify\"><b><span><span style=\"font-family: Times New Roman;font-size: x-small\">&nbsp;<\/span><\/span><\/b><\/div>\n<p><span style=\"font-size: x-small\"> <\/span><span style=\"color: blue;font-family: Verdana, sans-serif;font-size: small\">Fuente: La Simon Bol\u00edvar, Producci\u00f3n Riachuelo<\/span><\/p>\n<div style=\"clear: both;text-align: center\"><a href=\"http:\/\/2.bp.blogspot.com\/-9MtQEB-7xOA\/VRS1Uv3I8qI\/AAAAAAAADTY\/QI8fyuIQOoE\/s1600\/COOP%2BRIACHIUELO%2BPRODUCCIONES.jpg\" style=\"clear: left;float: left;margin-bottom: 1em;margin-right: 1em\"><img loading=\"lazy\" decoding=\"async\" border=\"0\" src=\"http:\/\/2.bp.blogspot.com\/-9MtQEB-7xOA\/VRS1Uv3I8qI\/AAAAAAAADTY\/QI8fyuIQOoE\/s1600\/COOP%2BRIACHIUELO%2BPRODUCCIONES.jpg\" height=\"58\" width=\"200\" \/><\/a><\/div>\n<p><\/p>\n<div style=\"text-align: justify\"><span><span style=\"font-family: Times New Roman\">&nbsp;<\/span><\/span><\/div>\n","protected":false},"excerpt":{"rendered":"<p>CONSPIRACIONES&nbsp;GOLPISTAS \u00a1\u00a1No al Golpe en la Rep\u00fablica Bolivariana de Venezuela !!\u00a1\u00a1No a la complicidad de la derecha argentina!! Ante la llegada al pa\u00eds de la esposa del ex alcalde golpista venezolano Antonio Ledezma, y de Lilian Tintori esposa de Leopoldo L\u00f3pez, ambas protegidas por el macrismo, los abajo firmantes, organizaciones sociales y pol\u00edticas, pol\u00edticos e [&hellip;]<\/p>\n","protected":false},"author":4,"featured_media":0,"comment_status":"open","ping_status":"open","sticky":false,"template":"","format":"standard","meta":{"_monsterinsights_skip_tracking":false,"_monsterinsights_sitenote_active":false,"_monsterinsights_sitenote_note":"","_monsterinsights_sitenote_category":0,"jnews-multi-image_gallery":[],"jnews_single_post":{"format":"standard"},"jnews_primary_category":[],"_joinchat":[],"footnotes":""},"categories":[58],"tags":[70,167],"class_list":["post-637","post","type-post","status-publish","format-standard","hentry","category-noticiariachuelo","tag-de-la-patria-grande","tag-politica-internacional"],"_links":{"self":[{"href":"http:\/\/fmriachuelo.it10.com.ar\/index.php\/wp-json\/wp\/v2\/posts\/637","targetHints":{"allow":["GET"]}}],"collection":[{"href":"http:\/\/fmriachuelo.it10.com.ar\/index.php\/wp-json\/wp\/v2\/posts"}],"about":[{"href":"http:\/\/fmriachuelo.it10.com.ar\/index.php\/wp-json\/wp\/v2\/types\/post"}],"author":[{"embeddable":true,"href":"http:\/\/fmriachuelo.it10.com.ar\/index.php\/wp-json\/wp\/v2\/users\/4"}],"replies":[{"embeddable":true,"href":"http:\/\/fmriachuelo.it10.com.ar\/index.php\/wp-json\/wp\/v2\/comments?post=637"}],"version-history":[{"count":1,"href":"http:\/\/fmriachuelo.it10.com.ar\/index.php\/wp-json\/wp\/v2\/posts\/637\/revisions"}],"predecessor-version":[{"id":22907,"href":"http:\/\/fmriachuelo.it10.com.ar\/index.php\/wp-json\/wp\/v2\/posts\/637\/revisions\/22907"}],"wp:attachment":[{"href":"http:\/\/fmriachuelo.it10.com.ar\/index.php\/wp-json\/wp\/v2\/media?parent=637"}],"wp:term":[{"taxonomy":"category","embeddable":true,"href":"http:\/\/fmriachuelo.it10.com.ar\/index.php\/wp-json\/wp\/v2\/categories?post=637"},{"taxonomy":"post_tag","embeddable":true,"href":"http:\/\/fmriachuelo.it10.com.ar\/index.php\/wp-json\/wp\/v2\/tags?post=637"}],"curies":[{"name":"wp","href":"https:\/\/api.w.org\/{rel}","templated":true}]}}