{"id":636,"date":"2015-03-27T12:30:00","date_gmt":"2015-03-27T12:30:00","guid":{"rendered":"http:\/\/fmriachuelo.observatorioess.org.ar\/index.php\/2015\/03\/27\/ctep-encuentro-federal-de-tierra-y-vivienda\/"},"modified":"2025-03-27T12:53:53","modified_gmt":"2025-03-27T15:53:53","slug":"ctep-encuentro-federal-de-tierra-y-vivienda","status":"publish","type":"post","link":"http:\/\/fmriachuelo.it10.com.ar\/index.php\/2015\/03\/27\/ctep-encuentro-federal-de-tierra-y-vivienda\/","title":{"rendered":"CTEP: ENCUENTRO FEDERAL DE TIERRA Y VIVIENDA"},"content":{"rendered":"<p><span style=\"color: black;font-family: Verdana, sans-serif\"><strong>CONFEDERACION DE TRABAJADORES DE LA ECONOMIA POPULAR, Ctep<\/strong><\/span><br \/><span style=\"color: red;font-family: Verdana, sans-serif;font-size: large\"><strong>SECRETARIA DE HABITAT Y VIVIENDA POPULAR<\/strong><\/span><br \/><span style=\"color: red;font-family: Verdana;font-size: large\"><span><\/span>&nbsp;<\/span><a href=\"http:\/\/3.bp.blogspot.com\/-X5AJVfPAoFc\/VRVLnTvSp4I\/AAAAAAAADUA\/wM9Yg88xeBA\/s1600\/encuentro%2Bde%2Bvivienda.png\" style=\"clear: left;float: left;margin-bottom: 1em;margin-right: 1em\"><img loading=\"lazy\" decoding=\"async\" border=\"0\" src=\"http:\/\/3.bp.blogspot.com\/-X5AJVfPAoFc\/VRVLnTvSp4I\/AAAAAAAADUA\/wM9Yg88xeBA\/s1600\/encuentro%2Bde%2Bvivienda.png\" height=\"216\" width=\"320\" \/><\/a><br \/><span style=\"font-family: Verdana, sans-serif\">28 y 29 de marzo de 2015 la Secretar\u00eda de Habitat y Vivienda Popular de la Ctep convoc\u00f3 a un encuentro federal en la Provincia de C\u00f2rdoba.<\/span><br \/><span style=\"font-family: Verdana, sans-serif\">&nbsp;<\/span><br \/><span style=\"font-family: Verdana, sans-serif\">Llegar\u00e1n representantes de organizaciones de los distintos lugares&nbsp;del pa\u00eds para abordar las problem\u00e1ticas territoriales que afectan al conjunto de los trabajadores de la econom\u00eda popular y&nbsp;se debatir\u00e1n alternativas y propuestas.<\/span><br \/><span style=\"font-family: Verdana\">Las instalaciones de la&nbsp;Universidad de C\u00f2rdoba ser\u00e1n sede del encuentro nacional.<\/span><br \/><span style=\"font-family: Verdana\"><\/span><br \/><span style=\"color: blue;font-family: Verdana\">Fuente: OSyP Los Pibes, Producci\u00f3n Riachuelo<\/span><\/p>\n<div style=\"clear: both;text-align: center\"><a href=\"http:\/\/1.bp.blogspot.com\/-QKlHFA5Ahh8\/VRVM-VPJ7PI\/AAAAAAAADUM\/Bjkj3mnVIPE\/s1600\/COOP%2BRIACHIUELO%2BPRODUCCIONES.jpg\" style=\"clear: left;float: left;margin-bottom: 1em;margin-right: 1em\"><img loading=\"lazy\" decoding=\"async\" border=\"0\" src=\"http:\/\/1.bp.blogspot.com\/-QKlHFA5Ahh8\/VRVM-VPJ7PI\/AAAAAAAADUM\/Bjkj3mnVIPE\/s1600\/COOP%2BRIACHIUELO%2BPRODUCCIONES.jpg\" height=\"58\" width=\"200\" \/><\/a><\/div>\n<p><\/p>\n","protected":false},"excerpt":{"rendered":"<p>CONFEDERACION DE TRABAJADORES DE LA ECONOMIA POPULAR, CtepSECRETARIA DE HABITAT Y VIVIENDA POPULAR&nbsp;28 y 29 de marzo de 2015 la Secretar\u00eda de Habitat y Vivienda Popular de la Ctep convoc\u00f3 a un encuentro federal en la Provincia de C\u00f2rdoba.&nbsp;Llegar\u00e1n representantes de organizaciones de los distintos lugares&nbsp;del pa\u00eds para abordar las problem\u00e1ticas territoriales que afectan al [&hellip;]<\/p>\n","protected":false},"author":4,"featured_media":0,"comment_status":"open","ping_status":"open","sticky":false,"template":"","format":"standard","meta":{"_monsterinsights_skip_tracking":false,"_monsterinsights_sitenote_active":false,"_monsterinsights_sitenote_note":"","_monsterinsights_sitenote_category":0,"jnews-multi-image_gallery":[],"jnews_single_post":{"format":"standard"},"jnews_primary_category":[],"_joinchat":[],"footnotes":""},"categories":[58],"tags":[103,86,156],"class_list":["post-636","post","type-post","status-publish","format-standard","hentry","category-noticiariachuelo","tag-movimientos-populares","tag-noti-ctep","tag-tierra-techo-y-trabajo"],"_links":{"self":[{"href":"http:\/\/fmriachuelo.it10.com.ar\/index.php\/wp-json\/wp\/v2\/posts\/636","targetHints":{"allow":["GET"]}}],"collection":[{"href":"http:\/\/fmriachuelo.it10.com.ar\/index.php\/wp-json\/wp\/v2\/posts"}],"about":[{"href":"http:\/\/fmriachuelo.it10.com.ar\/index.php\/wp-json\/wp\/v2\/types\/post"}],"author":[{"embeddable":true,"href":"http:\/\/fmriachuelo.it10.com.ar\/index.php\/wp-json\/wp\/v2\/users\/4"}],"replies":[{"embeddable":true,"href":"http:\/\/fmriachuelo.it10.com.ar\/index.php\/wp-json\/wp\/v2\/comments?post=636"}],"version-history":[{"count":1,"href":"http:\/\/fmriachuelo.it10.com.ar\/index.php\/wp-json\/wp\/v2\/posts\/636\/revisions"}],"predecessor-version":[{"id":22908,"href":"http:\/\/fmriachuelo.it10.com.ar\/index.php\/wp-json\/wp\/v2\/posts\/636\/revisions\/22908"}],"wp:attachment":[{"href":"http:\/\/fmriachuelo.it10.com.ar\/index.php\/wp-json\/wp\/v2\/media?parent=636"}],"wp:term":[{"taxonomy":"category","embeddable":true,"href":"http:\/\/fmriachuelo.it10.com.ar\/index.php\/wp-json\/wp\/v2\/categories?post=636"},{"taxonomy":"post_tag","embeddable":true,"href":"http:\/\/fmriachuelo.it10.com.ar\/index.php\/wp-json\/wp\/v2\/tags?post=636"}],"curies":[{"name":"wp","href":"https:\/\/api.w.org\/{rel}","templated":true}]}}