{"id":6356,"date":"2018-02-09T14:01:16","date_gmt":"2018-02-09T14:01:16","guid":{"rendered":"http:\/\/fmriachuelo.com.ar\/?p=6356"},"modified":"2018-02-09T14:01:16","modified_gmt":"2018-02-09T14:01:16","slug":"plan-de-lucha-y-unidad-de-todos-los-trabajadores","status":"publish","type":"post","link":"http:\/\/fmriachuelo.it10.com.ar\/index.php\/2018\/02\/09\/plan-de-lucha-y-unidad-de-todos-los-trabajadores\/","title":{"rendered":"PLAN DE LUCHA Y UNIDAD DE TODOS LOS TRABAJADORES"},"content":{"rendered":"<p>[Fm Riachuelo 09\/02\/2018] En el d\u00eda de ayer se realiz\u00f3 un multitudinario Plenario convocado por la Confederaci\u00f3n de Trabajadores de la Econom\u00eda Popular (CTEP) junto con la Corriente Clasista y Combativa (CCC), Barrios de Pie, el Frente Popular Dar\u00edo Santill\u00e1n (FPDS) y el Frente de Organizaciones en Lucha (FOL), que cont\u00f3 adem\u00e1s con la participaci\u00f3n de un amplio arco de Organizaciones sindicales representadas por Juan Carlos Schmid y Pablo Moyano de la Confederaci\u00f3n General de los Trabajadores (CGT), Sergio Palazzo de la Corriente Federal de los Trabajadores (CFT), Cachorro Godoy de Asociaci\u00f3n Trabajadores del Estado Nacional (ATE), Roberto Baradel \u00a0del \u00a0Sindicato Unificado de Trabajadores de la Educaci\u00f3n de Buenos Aires (SUTEBA) y de la Central Trabajadores Argentina\u00a0 (CTA) y Pablo Micheli de la Central de \u00a0Trabajadores \u00a0de Argentina\u00a0 Aut\u00f3noma (CTA).<\/p>\n<p><iframe loading=\"lazy\" title=\"08-02-2018 PLENARIO CTEP PLAN DE LUCHA EN UNIDAD by FMR\" width=\"500\" height=\"450\" scrolling=\"no\" frameborder=\"no\" src=\"https:\/\/w.soundcloud.com\/player\/?visual=true&#038;url=https%3A%2F%2Fapi.soundcloud.com%2Fplaylists%2F444314871&#038;show_artwork=true&#038;maxheight=750&#038;maxwidth=500\"><\/iframe><\/p>\n<p>All\u00ed se defini\u00f3 la realizaci\u00f3n de una marcha para el 15 de febrero y acompa\u00f1ar la movilizaci\u00f3n anunciada para el 21 de febrero, y adem\u00e1s \u00a0el apoyo y acompa\u00f1amiento a la Marcha y Paro Nacional de Mujeres del 8 de marzo, todo esto en el marco de un Plan de Lucha en Unidad.<\/p>\n<p>Esteban \u201cGringo\u201d Castro Secretario General de CTEP, \u00a0dijo en la apertura: \u201cBienvenidos a la Casa de los Trabajadores de la Econom\u00eda Popular, todos sabemos que atravesamos momentos muy dif\u00edciles, por eso quiero traer las palabras de tantos compa\u00f1erxs que hemos trabajado artesanalmente en unidad estos dos a\u00f1os, y no hubiera sido posible esto sin estar junto a la CGT en unidad\u201d . \u00a0Agreg\u00f3: \u201cDimos una gran pelea, \u00a0donde el 7 de agosto fue una \u00a0pelea en unidad por el salario social, y record\u00e1bamos en esa fecha todos los procesos de unidad entre los movimientos sociales y los sindicatos, y nos pusimos de acuerdo \u00a0porque todos somos trabajadores: organizados en gremios y en movimientos populares, hubo unidad en la concepci\u00f3n y luego la hubo en la calle\u201d.<\/p>\n<p><img loading=\"lazy\" decoding=\"async\" class=\"aligncenter wp-image-6366 size-full\" src=\"http:\/\/fmriachuelo.com.ar\/wp-content\/uploads\/2018\/02\/sindicatos.jpg\" alt=\"\" width=\"800\" height=\"534\" srcset=\"http:\/\/fmriachuelo.it10.com.ar\/wp-content\/uploads\/2018\/02\/sindicatos.jpg 800w, http:\/\/fmriachuelo.it10.com.ar\/wp-content\/uploads\/2018\/02\/sindicatos-300x200.jpg 300w, http:\/\/fmriachuelo.it10.com.ar\/wp-content\/uploads\/2018\/02\/sindicatos-768x513.jpg 768w, http:\/\/fmriachuelo.it10.com.ar\/wp-content\/uploads\/2018\/02\/sindicatos-750x501.jpg 750w\" sizes=\"auto, (max-width: 800px) 100vw, 800px\" \/><\/p>\n<p>Juan Grabois \u00a0Secretario de capacitaci\u00f3n de CTEP dijo: \u201cMuchas gracias a todos los dirigentes sindicales que vinieron a acompa\u00f1ar esta Asamblea. El hostigamiento de los medios hace que no podamos nombrar al Papa Francisco, que tiene una frase muy conocida<em>\u201d la unidad es superior al conflicto\u201d<\/em>, por eso afrontamos el conflicto en unidad\u201d. \u00a0\u00a0Y luego agreg\u00f3: \u00a0\u201cVamos todos juntos en contra de los enemigos del pueblo, todos juntos, los pueblos lo \u00fanico que tenemos es la unidad y la lucha para frenar la ofensiva neoliberal\u00a0 que estamos sufriendo\u201d<\/p>\n<p><img loading=\"lazy\" decoding=\"async\" class=\"size-medium wp-image-6362 alignleft\" src=\"http:\/\/fmriachuelo.com.ar\/wp-content\/uploads\/2018\/02\/baradel-300x200.jpg\" alt=\"\" width=\"300\" height=\"200\" srcset=\"http:\/\/fmriachuelo.it10.com.ar\/wp-content\/uploads\/2018\/02\/baradel-300x200.jpg 300w, http:\/\/fmriachuelo.it10.com.ar\/wp-content\/uploads\/2018\/02\/baradel-768x513.jpg 768w, http:\/\/fmriachuelo.it10.com.ar\/wp-content\/uploads\/2018\/02\/baradel-750x501.jpg 750w, http:\/\/fmriachuelo.it10.com.ar\/wp-content\/uploads\/2018\/02\/baradel.jpg 800w\" sizes=\"auto, (max-width: 300px) 100vw, 300px\" \/>Luego de la apertura de Esteban \u201cGringo\u201d Castro y de Juan Grabois de CTEP, los referentes sindicales hicieron uso de la palabra destacando la urgencia de convocar a la unidad de los trabajadores de la econom\u00eda popular junto a los trabajadores formales. En palabras de Roberto \u00a0Baradel \u00a0(SUTEBA): \u201c Es un orgullo participar de esta Asamblea con todas las Organizaciones \u00a0Sociales que vienen convirtiendo el olvido, la miseria y \u00a0la injusticia a la que los somete este gobierno, en una\u00a0 construcci\u00f3n de \u00a0unidad para dar la pelea por todos\u201d<\/p>\n<p>Se escuch\u00f3 la voz de Juan Carlos Schmid (CGT) quien dijo : \u201cEl deterioro social y econ\u00f3mico que atraviesa el pa\u00eds est\u00e1 muy claro, porque \u00a0hay un gobierno que tiene desprecio por los sectores populares, por eso es muy importante la unidad, y vamos por esto a acompa\u00f1ar desde la CGT esta lucha junto a los movimientos sociales\u201d.<\/p>\n<p><img loading=\"lazy\" decoding=\"async\" class=\"aligncenter wp-image-6365 size-full\" src=\"http:\/\/fmriachuelo.com.ar\/wp-content\/uploads\/2018\/02\/schmid.jpg\" alt=\"\" width=\"800\" height=\"534\" srcset=\"http:\/\/fmriachuelo.it10.com.ar\/wp-content\/uploads\/2018\/02\/schmid.jpg 800w, http:\/\/fmriachuelo.it10.com.ar\/wp-content\/uploads\/2018\/02\/schmid-300x200.jpg 300w, http:\/\/fmriachuelo.it10.com.ar\/wp-content\/uploads\/2018\/02\/schmid-768x513.jpg 768w, http:\/\/fmriachuelo.it10.com.ar\/wp-content\/uploads\/2018\/02\/schmid-750x501.jpg 750w\" sizes=\"auto, (max-width: 800px) 100vw, 800px\" \/><\/p>\n<p>Tom\u00f3 la palabra Sergio Palazzo (CFT) que agreg\u00f3:\u201c Nuestro apoyo solidario a la marcha no ser\u00e1 solo en dichos, vamos a acompa\u00f1ar la marcha como cuando marchamos contra la Reforma Previsional o la Marcha de San Cayetano, vamos a apoyar en unidad en contra de las medidas para \u00a0los m\u00e1s ricos que est\u00e1 implementando este Gobierno . Cuando miremos atr\u00e1s seguramente los compa\u00f1eros de la Econom\u00eda Popular \u00a0y nosotros tendremos la alegr\u00eda de haber puesto el hombro en la lucha contra el despojo de este gobierno neoliberal, y \u00a0por eso es necesaria la unidad popular\u00a0 entre todxs\u201d.<\/p>\n<p><img loading=\"lazy\" decoding=\"async\" class=\"size-medium wp-image-6363 alignright\" src=\"http:\/\/fmriachuelo.com.ar\/wp-content\/uploads\/2018\/02\/lito-gringo-300x200.jpg\" alt=\"\" width=\"300\" height=\"200\" srcset=\"http:\/\/fmriachuelo.it10.com.ar\/wp-content\/uploads\/2018\/02\/lito-gringo-300x200.jpg 300w, http:\/\/fmriachuelo.it10.com.ar\/wp-content\/uploads\/2018\/02\/lito-gringo-768x513.jpg 768w, http:\/\/fmriachuelo.it10.com.ar\/wp-content\/uploads\/2018\/02\/lito-gringo-750x501.jpg 750w, http:\/\/fmriachuelo.it10.com.ar\/wp-content\/uploads\/2018\/02\/lito-gringo.jpg 800w\" sizes=\"auto, (max-width: 300px) 100vw, 300px\" \/>En el plenario se mencion\u00f3 la lucha de las mujeres y se decidi\u00f3 acompa\u00f1ar la \u201cMarcha y Paro \u00a0Nacional de Mujeres del 8 de marzo\u201d , se pudo escuchar la palabra de Dina Sanchez (FPDS), quien dijo: \u00a0\u201cLa situaci\u00f3n econ\u00f3mica y social se agrava cada vez m\u00e1s, hay una gran ola de despidos, pero sabemos que hay un pueblo que resiste compa\u00f1erxs,\u00a0 aumenta todo pero lo que no aumenta es el salario de los trabajadorxs\u201d.\u00a0 \u00a0Luego \u00a0agreg\u00f3: \u00a0\u201c Las calles son nuestras compa\u00f1erxs, \u00a0lxs\u00a0 trabajadorxs de la econom\u00eda popular no vamos a quedarnos callados, vamos a salir en todo el pa\u00eds, hay que hacer o\u00edr nuestros reclamos y por eso acompa\u00f1amos \u00a0las marchas del 15 y 21 de febrero, y tambi\u00e9n el 8 de marzo con \u00a0un paro contundente de \u00a0todas las mujeres en unidad\u201d.<\/p>\n<p><strong>\u00abLa unidad es superior al conflicto\u00bb, por eso hay plan de lucha de todos los trabajadores en unidad.<\/strong><\/p>\n<p><img loading=\"lazy\" decoding=\"async\" class=\"aligncenter wp-image-6367 size-full\" src=\"http:\/\/fmriachuelo.com.ar\/wp-content\/uploads\/2018\/02\/votacion.jpg\" alt=\"\" width=\"800\" height=\"534\" srcset=\"http:\/\/fmriachuelo.it10.com.ar\/wp-content\/uploads\/2018\/02\/votacion.jpg 800w, http:\/\/fmriachuelo.it10.com.ar\/wp-content\/uploads\/2018\/02\/votacion-300x200.jpg 300w, http:\/\/fmriachuelo.it10.com.ar\/wp-content\/uploads\/2018\/02\/votacion-768x513.jpg 768w, http:\/\/fmriachuelo.it10.com.ar\/wp-content\/uploads\/2018\/02\/votacion-750x501.jpg 750w\" sizes=\"auto, (max-width: 800px) 100vw, 800px\" \/><\/p>\n","protected":false},"excerpt":{"rendered":"<p>[Fm Riachuelo 09\/02\/2018] En el d\u00eda de ayer se realiz\u00f3 un multitudinario Plenario convocado por la Confederaci\u00f3n de Trabajadores de la Econom\u00eda Popular (CTEP) junto con la Corriente Clasista y Combativa (CCC), Barrios de Pie, el Frente Popular Dar\u00edo Santill\u00e1n (FPDS) y el Frente de Organizaciones en Lucha (FOL), que cont\u00f3 adem\u00e1s con la participaci\u00f3n [&hellip;]<\/p>\n","protected":false},"author":5,"featured_media":6357,"comment_status":"open","ping_status":"open","sticky":false,"template":"","format":"standard","meta":{"_monsterinsights_skip_tracking":false,"_monsterinsights_sitenote_active":false,"_monsterinsights_sitenote_note":"","_monsterinsights_sitenote_category":0,"jnews-multi-image_gallery":[],"jnews_single_post":[],"jnews_primary_category":[],"_joinchat":[],"footnotes":""},"categories":[76,74,75],"tags":[],"class_list":["post-6356","post","type-post","status-publish","format-standard","has-post-thumbnail","hentry","category-salud-comunitaria","category-san-cayetano","category-trabajo"],"_links":{"self":[{"href":"http:\/\/fmriachuelo.it10.com.ar\/index.php\/wp-json\/wp\/v2\/posts\/6356","targetHints":{"allow":["GET"]}}],"collection":[{"href":"http:\/\/fmriachuelo.it10.com.ar\/index.php\/wp-json\/wp\/v2\/posts"}],"about":[{"href":"http:\/\/fmriachuelo.it10.com.ar\/index.php\/wp-json\/wp\/v2\/types\/post"}],"author":[{"embeddable":true,"href":"http:\/\/fmriachuelo.it10.com.ar\/index.php\/wp-json\/wp\/v2\/users\/5"}],"replies":[{"embeddable":true,"href":"http:\/\/fmriachuelo.it10.com.ar\/index.php\/wp-json\/wp\/v2\/comments?post=6356"}],"version-history":[{"count":0,"href":"http:\/\/fmriachuelo.it10.com.ar\/index.php\/wp-json\/wp\/v2\/posts\/6356\/revisions"}],"wp:featuredmedia":[{"embeddable":true,"href":"http:\/\/fmriachuelo.it10.com.ar\/index.php\/wp-json\/wp\/v2\/media\/6357"}],"wp:attachment":[{"href":"http:\/\/fmriachuelo.it10.com.ar\/index.php\/wp-json\/wp\/v2\/media?parent=6356"}],"wp:term":[{"taxonomy":"category","embeddable":true,"href":"http:\/\/fmriachuelo.it10.com.ar\/index.php\/wp-json\/wp\/v2\/categories?post=6356"},{"taxonomy":"post_tag","embeddable":true,"href":"http:\/\/fmriachuelo.it10.com.ar\/index.php\/wp-json\/wp\/v2\/tags?post=6356"}],"curies":[{"name":"wp","href":"https:\/\/api.w.org\/{rel}","templated":true}]}}