{"id":6351,"date":"2018-02-08T14:23:41","date_gmt":"2018-02-08T14:23:41","guid":{"rendered":"http:\/\/fmriachuelo.com.ar\/?p=6351"},"modified":"2018-02-08T14:23:41","modified_gmt":"2018-02-08T14:23:41","slug":"no-al-cierre-de-los-campitos-continua-la-lucha-del-barrio-de-la-boca","status":"publish","type":"post","link":"http:\/\/fmriachuelo.it10.com.ar\/index.php\/2018\/02\/08\/no-al-cierre-de-los-campitos-continua-la-lucha-del-barrio-de-la-boca\/","title":{"rendered":"NO AL CIERRE DE LOS CAMPITOS: CONTIN\u00daA LA LUCHA DEL BARRIO DE LA BOCA"},"content":{"rendered":"<p>[Fm Riachuelo\u00a0 07\/02\/2018]\u00a0En el d\u00eda de ayer, Rompe el Cerco Informativo estuvo presente para acompa\u00f1ar a los vecinos\u00a0 del barrio de la Boca, en contra \u00a0del cierre de \u00ablos campitos\u00bb. La juntada fue en Olavarr\u00eda y la v\u00eda, se volante\u00f2\u00a0 para visibilizar la problem\u00e1tica que est\u00e1n viviendo desde hace meses.<\/p>\n<p>Vecinos, junto a organizaciones del barrio, una vez m\u00e1s estuvieron juntos, para\u00a0 que se conozca el atropello de haberse apoderado y\u00a0 alambrado\u00a0 \u00ablos Campitos\u00bb de Casa Amarilla por parte del Club Boca Jrs. \u00a0Esta reuni\u00f3n comenz\u00f3 \u00a0a las 18 hs, con\u00a0 diferentes\u00a0 actividades para todxs, en defensa del espacio p\u00fablico y contra la privatizaci\u00f3n de los terrenos.<\/p>\n<p>Fm Riachuelo\u00a0 presente\u00a0 en el lugar\u00a0 convers\u00f2 con Roxana Cainzos, vecina de la boca y Mam\u00e1 de Nehu\u00e9n Rodr\u00edguez, qui\u00e9n fuera atropellado por un patrullero de la fuerza de seguridad el 15 de diciembre del 2014, en la esquina de Brandsen y Carillo en el barrio de Barracas.<\/p>\n<p>Roxana, dijo: \u201cEs el \u00fanico espacio verde que nos queda para la familia, nos quieren sacar todo\u201d. Tambi\u00e9n agrego \u201cTenemos que salir a pelear, porque est\u00e1n haciendo de nuestro barrio lo que ellos quieren\u201d, hizo referencia a la gesti\u00f3n de la Ciudad con el cierre de los campitos y el\u00a0 cierre de todos los espacios culturales y recreativos.<\/p>\n<p>Coment\u00f2 sobre el juicio de su hijo Nehu\u00e9n Rodr\u00edguez, que fue informada de un cambio de fecha nuevamente, \u201cTratan de desgastarnos, yo sigo caminando las calles, buscando apoyo de todxs los vecinos y organizaciones, para que ese d\u00eda seamos muchos los que gritemos por justicia por\u00a0 mi hijo \u201cagreg\u00f3,\u00a0 \u201cluchamos mucho por llegar a esta instancia, la de\u00a0 tener un juicio oral y por eso la voy a seguir peleando\u201d.<\/p>\n<p>Al cierre de la actividad quedo en claro, que:<\/p>\n<p><strong>Los vecinos del barrio de la Boca siguen luchando por sus espacios p\u00fablicos.<\/strong><\/p>\n<p><iframe loading=\"lazy\" title=\"07 - 02 - 2018- LOS CAMPITOS NO SE CIERRAN... JUSTICIA POR NEHUEN by FMR\" width=\"500\" height=\"400\" scrolling=\"no\" frameborder=\"no\" src=\"https:\/\/w.soundcloud.com\/player\/?visual=true&#038;url=https%3A%2F%2Fapi.soundcloud.com%2Ftracks%2F396076425&#038;show_artwork=true&#038;maxheight=750&#038;maxwidth=500\"><\/iframe><\/p>\n","protected":false},"excerpt":{"rendered":"<p>[Fm Riachuelo\u00a0 07\/02\/2018]\u00a0En el d\u00eda de ayer, Rompe el Cerco Informativo estuvo presente para acompa\u00f1ar a los vecinos\u00a0 del barrio de la Boca, en contra \u00a0del cierre de \u00ablos campitos\u00bb. La juntada fue en Olavarr\u00eda y la v\u00eda, se volante\u00f2\u00a0 para visibilizar la problem\u00e1tica que est\u00e1n viviendo desde hace meses. Vecinos, junto a organizaciones del [&hellip;]<\/p>\n","protected":false},"author":5,"featured_media":6352,"comment_status":"open","ping_status":"open","sticky":false,"template":"","format":"standard","meta":{"_monsterinsights_skip_tracking":false,"_monsterinsights_sitenote_active":false,"_monsterinsights_sitenote_note":"","_monsterinsights_sitenote_category":0,"jnews-multi-image_gallery":[],"jnews_single_post":[],"jnews_primary_category":[],"_joinchat":[],"footnotes":""},"categories":[78,76,74],"tags":[],"class_list":["post-6351","post","type-post","status-publish","format-standard","has-post-thumbnail","hentry","category-economia-popular","category-salud-comunitaria","category-san-cayetano"],"_links":{"self":[{"href":"http:\/\/fmriachuelo.it10.com.ar\/index.php\/wp-json\/wp\/v2\/posts\/6351","targetHints":{"allow":["GET"]}}],"collection":[{"href":"http:\/\/fmriachuelo.it10.com.ar\/index.php\/wp-json\/wp\/v2\/posts"}],"about":[{"href":"http:\/\/fmriachuelo.it10.com.ar\/index.php\/wp-json\/wp\/v2\/types\/post"}],"author":[{"embeddable":true,"href":"http:\/\/fmriachuelo.it10.com.ar\/index.php\/wp-json\/wp\/v2\/users\/5"}],"replies":[{"embeddable":true,"href":"http:\/\/fmriachuelo.it10.com.ar\/index.php\/wp-json\/wp\/v2\/comments?post=6351"}],"version-history":[{"count":0,"href":"http:\/\/fmriachuelo.it10.com.ar\/index.php\/wp-json\/wp\/v2\/posts\/6351\/revisions"}],"wp:featuredmedia":[{"embeddable":true,"href":"http:\/\/fmriachuelo.it10.com.ar\/index.php\/wp-json\/wp\/v2\/media\/6352"}],"wp:attachment":[{"href":"http:\/\/fmriachuelo.it10.com.ar\/index.php\/wp-json\/wp\/v2\/media?parent=6351"}],"wp:term":[{"taxonomy":"category","embeddable":true,"href":"http:\/\/fmriachuelo.it10.com.ar\/index.php\/wp-json\/wp\/v2\/categories?post=6351"},{"taxonomy":"post_tag","embeddable":true,"href":"http:\/\/fmriachuelo.it10.com.ar\/index.php\/wp-json\/wp\/v2\/tags?post=6351"}],"curies":[{"name":"wp","href":"https:\/\/api.w.org\/{rel}","templated":true}]}}