{"id":635,"date":"2015-03-27T22:27:00","date_gmt":"2015-03-27T22:27:00","guid":{"rendered":"http:\/\/fmriachuelo.observatorioess.org.ar\/index.php\/2015\/03\/27\/movilizacion-de-organizaciones-contra-el-foro-de-alcaldes-c40-organizado-por-mauricio-macri\/"},"modified":"2025-03-27T12:55:55","modified_gmt":"2025-03-27T15:55:55","slug":"movilizacion-de-organizaciones-contra-el-foro-de-alcaldes-c40-organizado-por-mauricio-macri","status":"publish","type":"post","link":"http:\/\/fmriachuelo.it10.com.ar\/index.php\/2015\/03\/27\/movilizacion-de-organizaciones-contra-el-foro-de-alcaldes-c40-organizado-por-mauricio-macri\/","title":{"rendered":"MOVILIZACION DE ORGANIZACIONES CONTRA EL FORO DE ALCALDES C40 ORGANIZADO POR MAURICIO MACRI"},"content":{"rendered":"<p><strong><span style=\"font-family: Verdana;\">Organizaciones populares argentinas se movilizan<\/span><\/strong><\/p>\n<div style=\"text-align: center;\"><strong><span style=\"color: red; font-family: Verdana; font-size: large;\">CONTRA EL GOLPISMO<\/span><\/strong><\/div>\n<p><span style=\"color: red; font-family: Verdana; font-size: large;\"><br \/>\n<span style=\"color: black; font-family: Verdana, sans-serif; font-size: small;\"><strong>Escuch\u00e1 los testimonios:<\/strong><\/span><br \/>\n<a href=\"https:\/\/docs.google.com\/file\/d\/0B1oSPl4oeTWiN2NlOHNiSDlzRGs\/edit?usp=drive_web\"><span style=\"color: red; font-family: Verdana, sans-serif; font-size: small;\"><strong>JUAN MANZONI &#8211; OLP SIMON BOLIVAR<\/strong><\/span><\/a><br \/>\n<a href=\"https:\/\/docs.google.com\/file\/d\/0B1oSPl4oeTWiQWNGV010TVlBRWs\/edit?usp=drive_web\"><span style=\"color: red; font-size: small;\"><strong>FEDERICO LOPARDO &#8211; MPR QUEBRACHO<\/strong><\/span><\/a><\/span><a href=\"https:\/\/docs.google.com\/file\/d\/0B1oSPl4oeTWiRUc4cnU1ZGJKTkE\/edit?usp=drive_web\"><span style=\"color: red; font-family: Verdana, sans-serif;\"><strong>LITO BORELO OSyP LOS PIBES &#8211; EL PERFIL IDEOLOGICO<\/strong><\/span><\/a><br \/>\n<a href=\"https:\/\/docs.google.com\/file\/d\/0B1oSPl4oeTWiTzFRZ0VFVkpvaG8\/edit?usp=drive_web\"><span style=\"color: red; font-family: Verdana, sans-serif;\"><strong>CRISTOBAL CERVERA &#8211; FPDS<\/strong><\/span><\/a><br \/>\n<a href=\"https:\/\/docs.google.com\/file\/d\/0B1oSPl4oeTWiZTQyT1F2RlJOcGc\/edit?usp=drive_web\"><span style=\"color: red; font-family: Verdana, sans-serif;\"><strong>LITO BORELO &#8211; LA LOGICA EMPRESARIAL<\/strong><\/span><\/a><\/p>\n<div style=\"clear: both; text-align: center;\"><a style=\"clear: left; float: left; margin-bottom: 1em; margin-right: 1em;\" href=\"http:\/\/1.bp.blogspot.com\/-KazrPJA5L6U\/VRXWJgGm4NI\/AAAAAAAADVs\/S69_W13u0vs\/s1600\/alcaldes.png\"><img loading=\"lazy\" decoding=\"async\" src=\"http:\/\/1.bp.blogspot.com\/-KazrPJA5L6U\/VRXWJgGm4NI\/AAAAAAAADVs\/S69_W13u0vs\/s1600\/alcaldes.png\" width=\"320\" height=\"233\" border=\"0\" \/><\/a><\/div>\n<p><span style=\"font-family: Verdana;\">El barrio de La Boca, m\u00e1s precisamente la esquina de Pedro de Mendoza y Villafa\u00f1e, amaneci\u00f3 movilizado con una multitudinaria presencia de organizaciones populares de la Argentina que se concentraron para <b>repudiar la presencia en el pa\u00eds de Lilian Tintori y Mitzi Capriles, respectivas mujeres de los conspiradores venezolanos Leopoldo L\u00f3pez y Antonio Ledezma<\/b>, encarcelados por ser responsables de organizar maniobras golpistas contra la Rep\u00fablica Bolivariana de Venezuela en distintos momentos del \u00faltimo a\u00f1o.<\/span><\/p>\n<p><span style=\"font-family: Verdana;\">La presencia de estas agitadoras internacionales en el barrio se explica por su participaci\u00f3n en el Foro de Alcaldes C 40 que se realiz\u00f3 hoy en la Usina del Arte impulsado por el <b>puntero local de la derecha imperialista y neoliberal, Mauricio Macri.<\/b><\/span><\/p>\n<div style=\"clear: both; text-align: center;\"><\/div>\n<p><span style=\"font-family: verdana, sans-serif;\">Como se\u00f1alaban los protagonistas del escrache, entre los que se contaban militantes del Frente Popular Dar\u00edo Santill\u00e1n, Quebracho, la Organizaci\u00f3n Los Pibes y la Sim\u00f3n Bol\u00edvar entre otros, la convocatoria cumpli\u00f3 con su objetivo de demostrar <b>la unidad de las organizaciones populares frente a las arremetidas del imperialismo <\/b>ensa\u00f1adas contra el pueblo venezolano. Tambi\u00e9n coincid\u00edan en entender a <b>las amenazas e intentonas golpistas que se ciernen sobre Venezuela como agresiones dirigidas a todo el pueblo latinoamericano<\/b>.<\/span><\/p>\n<div><span style=\"font-family: verdana, sans-serif;\"><br \/>\n<\/span><span style=\"font-family: verdana, sans-serif;\">Algunos de los participantes destacaron tambi\u00e9n por los micr\u00f3fonos de la <b>FM Riachuelo<\/b> la causalidad en el hecho que una actividad que reun\u00eda a funcionarios de gestiones municipales \u201cexitosas\u201d, con participaci\u00f3n de empresarios e inversores, se realizara en la <b>Usina del Arte, predio que funciona como nave insignia del avance del proyecto inmobiliario excluyente que el macrismo tiene dise\u00f1ado para el barrio de La Boca y el sur de la ciudad.<\/b><\/span><\/div>\n<div><span style=\"font-family: Verdana, sans-serif;\"><strong>\u00a0<\/strong><\/span><br \/>\n<span style=\"color: blue; font-family: Verdana, sans-serif;\">Fuente: Equipo de noticias y\u00a0Producci\u00f3n Riachuelo<\/span><\/p>\n<div style=\"clear: both; text-align: center;\"><a style=\"clear: left; float: left; margin-bottom: 1em; margin-right: 1em;\" href=\"http:\/\/4.bp.blogspot.com\/--O-7tIDDuFQ\/VRXZKvul_yI\/AAAAAAAADWA\/PW4GNpExqlY\/s1600\/COOP%2BRIACHIUELO%2BPRODUCCIONES.jpg\"><img loading=\"lazy\" decoding=\"async\" src=\"http:\/\/4.bp.blogspot.com\/--O-7tIDDuFQ\/VRXZKvul_yI\/AAAAAAAADWA\/PW4GNpExqlY\/s1600\/COOP%2BRIACHIUELO%2BPRODUCCIONES.jpg\" width=\"200\" height=\"58\" border=\"0\" \/><\/a><\/div>\n<\/div>\n","protected":false},"excerpt":{"rendered":"<p>Organizaciones populares argentinas se movilizan CONTRA EL GOLPISMO Escuch\u00e1 los testimonios: JUAN MANZONI &#8211; OLP SIMON BOLIVAR FEDERICO LOPARDO &#8211; MPR QUEBRACHOLITO BORELO OSyP LOS PIBES &#8211; EL PERFIL IDEOLOGICO CRISTOBAL CERVERA &#8211; FPDS LITO BORELO &#8211; LA LOGICA EMPRESARIAL El barrio de La Boca, m\u00e1s precisamente la esquina de Pedro de Mendoza y Villafa\u00f1e, [&hellip;]<\/p>\n","protected":false},"author":4,"featured_media":0,"comment_status":"open","ping_status":"open","sticky":false,"template":"","format":"standard","meta":{"_monsterinsights_skip_tracking":false,"_monsterinsights_sitenote_active":false,"_monsterinsights_sitenote_note":"","_monsterinsights_sitenote_category":0,"jnews-multi-image_gallery":[],"jnews_single_post":{"format":"standard"},"jnews_primary_category":[],"_joinchat":[],"footnotes":""},"categories":[58],"tags":[70,103,167],"class_list":["post-635","post","type-post","status-publish","format-standard","hentry","category-noticiariachuelo","tag-de-la-patria-grande","tag-movimientos-populares","tag-politica-internacional"],"_links":{"self":[{"href":"http:\/\/fmriachuelo.it10.com.ar\/index.php\/wp-json\/wp\/v2\/posts\/635","targetHints":{"allow":["GET"]}}],"collection":[{"href":"http:\/\/fmriachuelo.it10.com.ar\/index.php\/wp-json\/wp\/v2\/posts"}],"about":[{"href":"http:\/\/fmriachuelo.it10.com.ar\/index.php\/wp-json\/wp\/v2\/types\/post"}],"author":[{"embeddable":true,"href":"http:\/\/fmriachuelo.it10.com.ar\/index.php\/wp-json\/wp\/v2\/users\/4"}],"replies":[{"embeddable":true,"href":"http:\/\/fmriachuelo.it10.com.ar\/index.php\/wp-json\/wp\/v2\/comments?post=635"}],"version-history":[{"count":1,"href":"http:\/\/fmriachuelo.it10.com.ar\/index.php\/wp-json\/wp\/v2\/posts\/635\/revisions"}],"predecessor-version":[{"id":22910,"href":"http:\/\/fmriachuelo.it10.com.ar\/index.php\/wp-json\/wp\/v2\/posts\/635\/revisions\/22910"}],"wp:attachment":[{"href":"http:\/\/fmriachuelo.it10.com.ar\/index.php\/wp-json\/wp\/v2\/media?parent=635"}],"wp:term":[{"taxonomy":"category","embeddable":true,"href":"http:\/\/fmriachuelo.it10.com.ar\/index.php\/wp-json\/wp\/v2\/categories?post=635"},{"taxonomy":"post_tag","embeddable":true,"href":"http:\/\/fmriachuelo.it10.com.ar\/index.php\/wp-json\/wp\/v2\/tags?post=635"}],"curies":[{"name":"wp","href":"https:\/\/api.w.org\/{rel}","templated":true}]}}