{"id":6340,"date":"2018-02-06T14:26:23","date_gmt":"2018-02-06T14:26:23","guid":{"rendered":"http:\/\/fmriachuelo.com.ar\/?p=6340"},"modified":"2018-02-06T14:26:23","modified_gmt":"2018-02-06T14:26:23","slug":"vigilia-en-rio-turbiono-se-trata-de-negocios-se-trata-de-la-historia-de-lucha-del-pueblo","status":"publish","type":"post","link":"http:\/\/fmriachuelo.it10.com.ar\/index.php\/2018\/02\/06\/vigilia-en-rio-turbiono-se-trata-de-negocios-se-trata-de-la-historia-de-lucha-del-pueblo\/","title":{"rendered":"VIGILIA EN RIO TURBIO:\u201dNO SE TRATA DE NEGOCIOS, SE TRATA DE LA HISTORIA DE LUCHA DEL PUEBLO.\u201d"},"content":{"rendered":"<p>[Fm Riachuelo, 06\/02\/2018]\u00a0 Ayer los compa\u00f1eros de \u00a0Rompe el Cerco Informativo conversaron con \u00a0Adonis Rojas el Delegado de Ate en Rio Turbio, <em>a<\/em><em> casi <\/em>2 semanas de que se firmara la disposici\u00f3n que consideraba prescindibles a casi 500 trabajadores de la empresa, y mientras siguen las negociaciones,\u00a0 el pueblo de la Cuenca de pie sigue en lucha.<\/p>\n<p><em>\u00a0<\/em>La semana de 22 de enero comenz\u00f3 a llegar los telegramas de despido que pusieron en alerta y de pie a los habitantes de la Cuenca Carbon\u00edfera en la provincia de Santa Cruz<em>.<\/em> Los dirigentes sindicales se juntaron con representantes de las centrales de trabajadores (CTA y CGT), referentes de Unidad Ciudadana, la Izquierda y el Frente Renovador. Adem\u00e1s recibieron el respaldo de diferentes Organizaciones Sociales y los medios comunitarios quienes acompa\u00f1an esta lucha desde el principio.<\/p>\n<p>El martes 6 \u00a0de febrero, se retoma la mesa de di\u00e1logo (que se encuentra en cuarto intermedio) entre Naci\u00f3n y la mesa inter sindical.<\/p>\n<p>Con respecto al cierre de la mina el gerente de Servicios P\u00fablicos Sociedad del Estado, Juan Jos\u00e9 Naves, reclam\u00f3 al gobierno nacional de Cambiemos que finalicen el 15 por ciento de la obra de la planta desalinizadora de agua potable para Caleta Olivia. En conversaci\u00f3n con Radio San Jorge \u00a0dijo: \u201cInvito \u00a0a Andrade a explicar por qu\u00e9 en dos a\u00f1os la obra s\u00f3lo avanz\u00f3 un 5 por ciento, y por qu\u00e9, desde el 1 de diciembre, est\u00e1 paralizada; por qu\u00e9 no la terminan si falta el 15 por ciento. Y si quiere plantear que hay algo irregular por qu\u00e9 no lo hizo cuando asumieron\u201d. Esto lo dijo en respuesta a la dura r\u00e9plica que public\u00f3 en un medio local la concejal Liliana Andrade, en donde mencionaba investigaciones judiciales por supuestos sobreprecios en las obras h\u00eddricas para Caleta Olivia.<\/p>\n<p>Agreg\u00f3: \u00a0\u201c Hasta ahora SPSE se hizo cargo de la seguridad de la planta\u201d, y \u00a0el ENOHSA (Ente Nacional de Obras H\u00eddricas) es el que ejecuta la obra, la concejal deber\u00eda estar preocupada porque la planta se qued\u00f3 sin seguridad. Que se rompa algo de esa planta es un costo muy alto\u201d.<\/p>\n<p>En la entrevista Adonis Rojas coment\u00f3 sobre este tema: \u201dLa situaci\u00f3n actual de Rio Turbio, pasa por el viaje a Buenos Aires de \u00a0la intersindical, donde la empresa pide un cuarto intermedio hasta el martes \u00a0seis, \u00a0recordamos que s\u00f3lo faltaba el 15% para la terminaci\u00f3n de la mega usina, sabemos que hay intereses para venderla a una empresa extranjera\u201d<\/p>\n<p>Continu\u00f3 diciendo: \u201clos trabajadores tenemos una opci\u00f3n que presentamos, con un programa de productividad con la puesta en marcha de la Mega Usina, pero caprichosamente con la excusa de la auditor\u00eda, \u00a0este Gobierno la ha paralizado desde el 2015, y desprestigian nuestro trabajo, cuando tenemos las mejores m\u00e1quinas tra\u00eddas desde Europa y nos hacen ver como una mina devastada que no produce\u201d.<\/p>\n<p>Luego agreg\u00f3 con respecto a la reuni\u00f3n de este martes \u00a0\u201cNosotros ya no esperamos, si este martes no hay una respuesta positiva vamos a agudizar las medidas, este \u00a0mismo martes tomaremos la mina, despu\u00e9s de la ocupaci\u00f3n pac\u00edfica, la vigilia en la oscuridad con las 600 l\u00e1mparas de nuestro cascos encendidas, y una caravana, ya que \u00a0solo ocho compa\u00f1eros entraron a la mina por la emoci\u00f3n y luego los convencimos de salir, porque la intervenci\u00f3n se agarra de eso para no atendernos\u201d.<\/p>\n<p>Agreg\u00f3 : \u201dHace dos a\u00f1os que denunciamos el vaciamiento, pedimos la reactivaci\u00f3n porque somos la energ\u00eda que puede solucionar el problema energ\u00e9tico nacional, pero caprichosamente este gobierno no toma la decisi\u00f3n pol\u00edtica de terminar la construcci\u00f3n de la usina\u201d<\/p>\n<p><strong>\u201cLa raz\u00f3n de ser de nuestro pueblo es la mina, \u00a0y ese pueblo est\u00e1 movilizado.\u201d<\/strong><\/p>\n<p>Escuch\u00e1 la entrevista<br \/>\n<iframe loading=\"lazy\" title=\"05 - 02 - 2018- ENTREVISTA A ADONIS ROJAS, ATE, RIO TURBIO by FMR\" width=\"500\" height=\"400\" scrolling=\"no\" frameborder=\"no\" src=\"https:\/\/w.soundcloud.com\/player\/?visual=true&#038;url=https%3A%2F%2Fapi.soundcloud.com%2Ftracks%2F395065845&#038;show_artwork=true&#038;maxheight=750&#038;maxwidth=500\"><\/iframe><br \/>\n<em>\u00a0<\/em><\/p>\n","protected":false},"excerpt":{"rendered":"<p>[Fm Riachuelo, 06\/02\/2018]\u00a0 Ayer los compa\u00f1eros de \u00a0Rompe el Cerco Informativo conversaron con \u00a0Adonis Rojas el Delegado de Ate en Rio Turbio, a casi 2 semanas de que se firmara la disposici\u00f3n que consideraba prescindibles a casi 500 trabajadores de la empresa, y mientras siguen las negociaciones,\u00a0 el pueblo de la Cuenca de pie sigue [&hellip;]<\/p>\n","protected":false},"author":5,"featured_media":6341,"comment_status":"open","ping_status":"open","sticky":false,"template":"","format":"standard","meta":{"_monsterinsights_skip_tracking":false,"_monsterinsights_sitenote_active":false,"_monsterinsights_sitenote_note":"","_monsterinsights_sitenote_category":0,"jnews-multi-image_gallery":[],"jnews_single_post":[],"jnews_primary_category":[],"_joinchat":[],"footnotes":""},"categories":[76,74,75],"tags":[],"class_list":["post-6340","post","type-post","status-publish","format-standard","has-post-thumbnail","hentry","category-salud-comunitaria","category-san-cayetano","category-trabajo"],"_links":{"self":[{"href":"http:\/\/fmriachuelo.it10.com.ar\/index.php\/wp-json\/wp\/v2\/posts\/6340","targetHints":{"allow":["GET"]}}],"collection":[{"href":"http:\/\/fmriachuelo.it10.com.ar\/index.php\/wp-json\/wp\/v2\/posts"}],"about":[{"href":"http:\/\/fmriachuelo.it10.com.ar\/index.php\/wp-json\/wp\/v2\/types\/post"}],"author":[{"embeddable":true,"href":"http:\/\/fmriachuelo.it10.com.ar\/index.php\/wp-json\/wp\/v2\/users\/5"}],"replies":[{"embeddable":true,"href":"http:\/\/fmriachuelo.it10.com.ar\/index.php\/wp-json\/wp\/v2\/comments?post=6340"}],"version-history":[{"count":0,"href":"http:\/\/fmriachuelo.it10.com.ar\/index.php\/wp-json\/wp\/v2\/posts\/6340\/revisions"}],"wp:featuredmedia":[{"embeddable":true,"href":"http:\/\/fmriachuelo.it10.com.ar\/index.php\/wp-json\/wp\/v2\/media\/6341"}],"wp:attachment":[{"href":"http:\/\/fmriachuelo.it10.com.ar\/index.php\/wp-json\/wp\/v2\/media?parent=6340"}],"wp:term":[{"taxonomy":"category","embeddable":true,"href":"http:\/\/fmriachuelo.it10.com.ar\/index.php\/wp-json\/wp\/v2\/categories?post=6340"},{"taxonomy":"post_tag","embeddable":true,"href":"http:\/\/fmriachuelo.it10.com.ar\/index.php\/wp-json\/wp\/v2\/tags?post=6340"}],"curies":[{"name":"wp","href":"https:\/\/api.w.org\/{rel}","templated":true}]}}