{"id":634,"date":"2015-03-29T02:19:00","date_gmt":"2015-03-29T02:19:00","guid":{"rendered":"http:\/\/fmriachuelo.observatorioess.org.ar\/index.php\/2015\/03\/29\/2o-encuentro-de-tierra-y-vivienda-en-cordoba-ctep\/"},"modified":"2025-03-27T12:57:31","modified_gmt":"2025-03-27T15:57:31","slug":"2o-encuentro-de-tierra-y-vivienda-en-cordoba-ctep","status":"publish","type":"post","link":"http:\/\/fmriachuelo.it10.com.ar\/index.php\/2015\/03\/29\/2o-encuentro-de-tierra-y-vivienda-en-cordoba-ctep\/","title":{"rendered":"2\u00ba ENCUENTRO DE TIERRA Y VIVIENDA EN CORDOBA, CTEP"},"content":{"rendered":"<div style=\"clear: both;text-align: center\"><span style=\"color: black;font-size: medium\"><strong>Con una multitudinaria participaci\u00f3n ya se desarrolla el Encuentro de Tierra y Vivienda en C\u00f3rdoba<\/strong><\/span><\/div>\n<h1><span style=\"color: red;font-size: large\">ORGANIZA&nbsp; LA SECRETARIA DE VIVIENDA Y HABITAT DE CTEP<\/span> <\/h1>\n<h1><span style=\"font-size: small\">La<\/span> <span style=\"font-size: small\">Confederaci\u00f3n de Trabajadores de la Econom\u00eda Popular y las problem\u00e1ticas para acceder al derecho a la tierra y vivienda.<\/p>\n<div style=\"clear: both;text-align: center\"><a href=\"http:\/\/1.bp.blogspot.com\/-voE49e_WkY8\/VRdgVZ7KRII\/AAAAAAAADYE\/-dXcIiJs2os\/s1600\/cordoba.jpg\" style=\"clear: left;float: left;margin-bottom: 1em;margin-right: 1em\"><img decoding=\"async\" border=\"0\" src=\"http:\/\/1.bp.blogspot.com\/-voE49e_WkY8\/VRdgVZ7KRII\/AAAAAAAADYE\/-dXcIiJs2os\/s1600\/cordoba.jpg\" \/><\/a><\/div>\n<p><\/span><\/h1>\n<div style=\"clear: both;text-align: center\"><a href=\"http:\/\/4.bp.blogspot.com\/--lmA6NFamBw\/VRdgiltfv-I\/AAAAAAAADYY\/J8o5-L8B6n4\/s1600\/cordoba2.jpg\" style=\"clear: right;float: right;margin-bottom: 1em;margin-left: 1em\"><img loading=\"lazy\" decoding=\"async\" border=\"0\" src=\"http:\/\/4.bp.blogspot.com\/--lmA6NFamBw\/VRdgiltfv-I\/AAAAAAAADYY\/J8o5-L8B6n4\/s1600\/cordoba2.jpg\" height=\"240\" width=\"320\" \/><\/a><\/div>\n<p><span style=\"font-family: Verdana, sans-serif\">Pasadas las 10 AM, en el auditorio Hugo Chavez, del Pabell\u00f3n \u201cRep\u00fablica Bolivariana de Venezuela\u201d, de la Facultad de Filosof\u00eda y Humanidades de la Universidad de C\u00f3rdoba, comenz\u00f3 el Encuentro Nacional de Producci\u00f3n de la Secretaria de Vivienda y H\u00e1bitat Popular de la Confederaci\u00f3n de Trabajadores de la Econom\u00eda Popular.<\/p>\n<p>La primera bienvenida fue ofrecida por la Mesa de CTEP C\u00f3rdoba, y luego los integrantes que coordinan las actividades de la Secretaria subieron al escenario para darle la bienvenida a los m\u00e1s de 400 delegados provenientes de 14 provincias.<br \/>La apertura del acto tuvo dos invitados destacados: Humberto Ant\u00fanez de la FUCVAM, y Luis Caceres, de la UOLRA.  El primero representa a una organizaci\u00f3n que tiene una larga trayectoria en la autogesti\u00f3n para la construcci\u00f3n de viviendas en la hermana Rep\u00fablica del Uruguay y, el segundo, cuenta con una vasta militancia, ahora abocado a la conducci\u00f3n de los trabajadores ladrilleros, quienes est\u00e1n estrechamente vinculados con la Econom\u00eda Popular.<\/span><a name='more'><\/a><span style=\"font-family: Verdana, sans-serif\"><br \/>Ante una sala rebalsada de militantes, decorada con banderas de las organizaciones en sus cuatro laterales, Lito Borello, titular de la Secretaria que organiza el encuentro, expres\u00f3 que \u201cestamos en un tiempo hist\u00f3rico, donde las sociedades se dirimen entre los lugares donde hay guerras, hambres, injusticias; y por otro lado, los pueblos donde se lucha para crear un mundo m\u00e1s justo y equitativo\u201d, para luego referirse al contexto que hoy experimentan los gobiernos de la Patria Grande, ante las agresiones internas y externas: \u201cEl cambio es continental. Tenemos que ser un s\u00f3lo pu\u00f1o en Am\u00e9rica Latina\u201d. <\/p>\n<p>\u201cLa CTEP lleva adelante la reivindicaci\u00f3n clara de que seguimos siendo trabajadores. Hoy la CTEP construye un gremio, y queremos la personer\u00eda gremial para la CTEP\u201d, enfatiz\u00f3 Borello,  para luego agregar que \u201cno hay forma de luchar por una vivienda digna, sino luchamos por una vida digna\u201d. <\/p>\n<p>Respecto de la l\u00f3gica con la que se construy\u00f3 el encuentro, argument\u00f3 que \u201cen las comisiones no va a haber panelistas porque entendemos que tienen que ser talleres de trabajo, donde todos los compa\u00f1eros opinen desde su experiencia, hasta desde el lugar de la duda, que es muy importante\u201d.<\/p>\n<p>El evento fue declarado de inter\u00e9s institucional por la Escuela de Trabajo Social, Facultad de Derecho y Ciencias Sociales, y tiene el apoyo del equipo de Tierra del Observatorio de DD.HH de la Universidad Nacional de C\u00f3rdoba. Desde la organizaci\u00f3n agradecieron a la Licenciada Karina Tonatis, Subsecretar\u00eda de Extensi\u00f3n de la Facultad de Filosof\u00eda y Humanidades, a la Directora de la Escuela de Trabajo Social, Silvina Cuella, a la Secretaria de Extensi\u00f3n, Susana Andrada, quienes posibilitaron junto con, Carlos Gallo, la realizaci\u00f3n de este encuentro.<\/p>\n<p>Luis Caceres de la UOLRA, salud\u00f3 el grado de unidad que logr\u00f3 la CTEP y la consolidaci\u00f3n del Sindicato, ya que dijo que \u201cla unidad manera de construir derechos es con unidad y organizaci\u00f3n\u201d. El referente de los trabajadores ladrilleros, tambi\u00e9n afirm\u00f3 que \u201cel movimiento organizado se tiene que hacer cargo de los trabajadores de la Econom\u00eda Popular, y nosotros con debate y discusi\u00f3n lo vamos a plantear\u201d, para luego, en ese l\u00ednea de pensamiento, afirmar que \u201cestamos ac\u00e1 para construir la unidad de los trabajadores\u201d.<\/p>\n<p>A su turno, Humberto Ant\u00fanez de la FUCVAM (Federaci\u00f3n Uruguaya de Cooperativa de Vivienda por Ayuda Mutua), expres\u00f3 que \u201cla vivienda se concreta a trav\u00e9s de 4 niveles: la autogesti\u00f3n, la ayuda mututa, la propiedad colectiva y la participaci\u00f3n democr\u00e1tica\u201d.  y que \u201cla vivienda se construye para satisfacer una necesidad, no para lucrar. Construir nuestras casas es un principio, y no un final\u201d.<\/p>\n<p>Las organizaciones presentes en el Encuentro son: Patria Grande (C\u00f3rdoba, Luj\u00e1n, Capital Federal, Escobar, San Isidro, Mar del Plata, Santiago del Estero), CTO Traslasierra, Manzana 231, Frente Popular Dar\u00edo Santill\u00e1n, Cooperativa Esperanza del Sur, Movimiento de Agricultores Urbanos, PSOL de Capilla del Monte, Sindicato de Ladrilleros (UOLRA), Mana, Vecinos de Terrapl\u00e9n-Liceo III, Encuentro de Organizaciones, Movimiento de Campesino C\u00f3rdoba, Movimiento Evita (C\u00f3rdoba, Mendoza, Posadas, Quilmes, Capital Federal, Lomas de Zamora, Paran\u00e1, Florencio Varela, La Plata, Ezeiza, Malvinas Argentinas), CTD Trelew, Vecino de Canals, Los Pibes, Compa\u00f1eros del Frente, Cooperativa Para Todos Todo, Cooperativa La Roca JC, CTA Avellaneda, Juventud Guevarista, Movimiento de Trabajadores Exclu\u00eddos, MNCI (Echeverr\u00eda, Mendoza, MOCASE), La Kaminante, La Jauretche, FUCVAM, Asociaci\u00f3n Vecinal \u201cBarrios Unidos\u201d, Cooperativa La Pionera Patag\u00f3nica, Peronismo Militante, Unidad B\u00e1sica Nestor Kirchner- La Carlota, Falcone, Cooperativa El Bordo, Comisi\u00f3n Provincial de Tierras, y diversas delegaciones que contin\u00faan llegando al predio de la UNC, en C\u00f3rdoba.<\/p>\n<p>Al finalizar las comisiones, se realizar\u00e1 una primera s\u00edntesis con todos los temas abordados, y las actividades continuar\u00e1n en el d\u00eda de Ma\u00f1ana.<\/span><\/p>\n<div><span style=\"color: blue;font-family: Verdana, sans-serif\">Fuente:&nbsp;Ctep ARgentina, Producci\u00f3n Riachuelo<\/span><br \/>&nbsp;<\/div>\n","protected":false},"excerpt":{"rendered":"<p>Con una multitudinaria participaci\u00f3n ya se desarrolla el Encuentro de Tierra y Vivienda en C\u00f3rdoba ORGANIZA&nbsp; LA SECRETARIA DE VIVIENDA Y HABITAT DE CTEP La Confederaci\u00f3n de Trabajadores de la Econom\u00eda Popular y las problem\u00e1ticas para acceder al derecho a la tierra y vivienda. Pasadas las 10 AM, en el auditorio Hugo Chavez, del Pabell\u00f3n [&hellip;]<\/p>\n","protected":false},"author":4,"featured_media":0,"comment_status":"open","ping_status":"open","sticky":false,"template":"","format":"standard","meta":{"_monsterinsights_skip_tracking":false,"_monsterinsights_sitenote_active":false,"_monsterinsights_sitenote_note":"","_monsterinsights_sitenote_category":0,"jnews-multi-image_gallery":[],"jnews_single_post":{"format":"standard"},"jnews_primary_category":[],"_joinchat":[],"footnotes":""},"categories":[58],"tags":[71,147,103,86,156],"class_list":["post-634","post","type-post","status-publish","format-standard","hentry","category-noticiariachuelo","tag-de-la-tierra","tag-habitat","tag-movimientos-populares","tag-noti-ctep","tag-tierra-techo-y-trabajo"],"_links":{"self":[{"href":"http:\/\/fmriachuelo.it10.com.ar\/index.php\/wp-json\/wp\/v2\/posts\/634","targetHints":{"allow":["GET"]}}],"collection":[{"href":"http:\/\/fmriachuelo.it10.com.ar\/index.php\/wp-json\/wp\/v2\/posts"}],"about":[{"href":"http:\/\/fmriachuelo.it10.com.ar\/index.php\/wp-json\/wp\/v2\/types\/post"}],"author":[{"embeddable":true,"href":"http:\/\/fmriachuelo.it10.com.ar\/index.php\/wp-json\/wp\/v2\/users\/4"}],"replies":[{"embeddable":true,"href":"http:\/\/fmriachuelo.it10.com.ar\/index.php\/wp-json\/wp\/v2\/comments?post=634"}],"version-history":[{"count":1,"href":"http:\/\/fmriachuelo.it10.com.ar\/index.php\/wp-json\/wp\/v2\/posts\/634\/revisions"}],"predecessor-version":[{"id":22911,"href":"http:\/\/fmriachuelo.it10.com.ar\/index.php\/wp-json\/wp\/v2\/posts\/634\/revisions\/22911"}],"wp:attachment":[{"href":"http:\/\/fmriachuelo.it10.com.ar\/index.php\/wp-json\/wp\/v2\/media?parent=634"}],"wp:term":[{"taxonomy":"category","embeddable":true,"href":"http:\/\/fmriachuelo.it10.com.ar\/index.php\/wp-json\/wp\/v2\/categories?post=634"},{"taxonomy":"post_tag","embeddable":true,"href":"http:\/\/fmriachuelo.it10.com.ar\/index.php\/wp-json\/wp\/v2\/tags?post=634"}],"curies":[{"name":"wp","href":"https:\/\/api.w.org\/{rel}","templated":true}]}}