{"id":6337,"date":"2018-02-02T21:56:05","date_gmt":"2018-02-02T21:56:05","guid":{"rendered":"http:\/\/fmriachuelo.com.ar\/?p=6337"},"modified":"2018-02-02T21:56:05","modified_gmt":"2018-02-02T21:56:05","slug":"bocagate-complicidad-judicial-en-el-desalojo-por-casa-amarilla","status":"publish","type":"post","link":"http:\/\/fmriachuelo.it10.com.ar\/index.php\/2018\/02\/02\/bocagate-complicidad-judicial-en-el-desalojo-por-casa-amarilla\/","title":{"rendered":"BOCAGATE \u00bfCOMPLICIDAD JUDICIAL EN EL DESALOJO POR CASA AMARILLA?"},"content":{"rendered":"<p lang=\"es-ES\">[Radio Grafica, 01\/02\/2018] El pasado 30 de enero, trabajadores de la cooperativa de limpieza de autos \u201cCiudadanos de Mundo\u201d, que funcionaba en los terrenos de Casa Amarilla desde el a\u00f1o 2006, fueron desalojados por orden judicial firmado por Celsa Ramirez, fiscal de la Primera Instancia del Fuero Penal, Contravencional y de Faltas de la Ciudad, luego de dos instancias de mediaci\u00f3n entre las partes.<\/p>\n<p lang=\"es-ES\">Al momento del desalojo se hicieron presentes una treintena de funcionarios policiales y una gr\u00faa de la empresa\u00a0Paolini, que seg\u00fan fuentes del propio club, pertenecer\u00eda a un dirigente de Boca Juniors.<\/p>\n<p lang=\"es-ES\">El agravante del hecho es que el desalojo parece haberse gestado en el marco de la primer negociaci\u00f3n por la reubicaci\u00f3n de la cooperativa, entre la fiscal interviniente y representantes de la Asociaci\u00f3n Civil Boca Juniors, el pasado 25 de enero. M\u00e1s precisamente, entre la fiscal Ramirez y el abogado Claudio Lutzky.<\/p>\n<p lang=\"es-ES\">Radio Gr\u00e1fica accedi\u00f3 a una serie de audios donde se puede escuchar como la funcionaria judicial asesora a Lutzky en armar una estrategia afin a los intereses del club Boca como asimismo afirmar que el objetivo de la fiscal\u00eda es el desalojo del predio en disputa.<\/p>\n<p lang=\"es-ES\">El audio es del 25 de enero, en el marco de la primera de las negociaciones para \u201creubicar\u201d a la cooperativa<\/p>\n<p lang=\"es-ES\">A continuaci\u00f3n transcribimos los audios.<\/p>\n<p lang=\"es-ES\">Audio 1<\/p>\n<p lang=\"es-ES\">Defensora Mariana Salduna: Puedo hablar un segundo afuera con el se\u00f1or. [se retira de la oficina de la fiscal. Quedan en el recinto la fiscal Ramirez y el abogado Lutzky].<\/p>\n<p lang=\"es-ES\">Fiscal Celsa Ramirez (F): primero con el Sr. Suponemos que por un lado el deja el predio y por otro lado Boca Social se pone en contacto para canalizar la actividad que viene desarrollando.<\/p>\n<p lang=\"es-ES\">Abogado Boca(A): Es lo que hablamos ayer, no? Es, si vos no me das lo que necesito yo no me voy, eso me est\u00e1n diciendo.<\/p>\n<p lang=\"es-ES\">F: no, no. pasa que nos ten\u00e9s que decir vos<\/p>\n<p lang=\"es-ES\">A: Yo no soy la madre Teresa de Calcuta, as\u00ed no hay acuerdo.<\/p>\n<p lang=\"es-ES\">F: Pongamos una nueva fecha y lo tra\u00e9s a Boca Social<\/p>\n<p lang=\"es-ES\">A: No, \u2026<\/p>\n<p lang=\"es-ES\">F: Claudio no te pongas as\u00ed. No hay posibilidad de que los traigas?<\/p>\n<p lang=\"es-ES\">A. No hay posibilidad de que lo traiga<\/p>\n<p lang=\"es-ES\">F: Si hacemos as\u00ed, negociando llegamos\u2026 si vos te pon\u00e9s as\u00ed en perro (\u2026) porque les van a decir no te vayas.<\/p>\n<p lang=\"es-ES\">A. Y no los podes sacar?<\/p>\n<p lang=\"es-ES\">F: Si, si<\/p>\n<p lang=\"es-ES\">A: (\u2026) No, no. No negociamos con terroristas. De ahi se van, si se van los ayudamos, sino que se jodan.<\/p>\n<p lang=\"es-ES\">F. La mejor postura\u2026 bueno ponete en esa postura.. yo tengo que (habla bajo para que no se escuche) (\u2026)<\/p>\n<p lang=\"es-ES\">A: Pero vos podes hacerlo o no? Si vos me dec\u00eds mir\u00e1 no se puede, bueno es otra cosa<\/p>\n<p lang=\"es-ES\">F: Si, yo voy con espacio p\u00fablico, con CGP \u2026<\/p>\n<p lang=\"es-ES\">A; S\u00ed, no hay acuerdo no lo vas hacer o te meto en un quilombo?, eso es lo que quiero saber.<\/p>\n<p lang=\"es-ES\">F: Si, podr\u00eda pedir allanamiento y desalojo<\/p>\n<p lang=\"es-ES\">A: Y en que plazo se puede hacer eso?<\/p>\n<p lang=\"es-ES\">F: Cuando se acabe la feria.<\/p>\n<p lang=\"es-ES\">A: Ah\u00ed hay otro tema, Cuando va a ser eso?<\/p>\n<p lang=\"es-ES\">F: La semana que viene. que te cuesta hacer una reuni\u00f3n y traer a la otra persona<\/p>\n<p lang=\"es-ES\">A: Pero la voy a hacer, pero yo necesito una\u2026 lo que pasa es que si yo la hago la semana que viene se va a ir en un mes.<\/p>\n<p lang=\"es-ES\">F: No, no.<\/p>\n<p lang=\"es-ES\">A: No?<\/p>\n<p lang=\"es-ES\">F: No, la semana que viene arreglamos para que\u2026<\/p>\n<p lang=\"es-ES\">A: Como te dije, yo no quiero un acta que diga \u201co Boca Social me da esto, yo me voy\u201d<\/p>\n<p lang=\"es-ES\">F: No, No. La idea\u2026<\/p>\n<p lang=\"es-ES\">A: Es lo que est\u00e1n diciendo..<\/p>\n<p lang=\"es-ES\">F: No, lo que voy a proponer \u201cellos se comprometen a retirarse y Boca Social se<\/p>\n<p lang=\"es-ES\">ofrece a canalizar la actividad que ven\u00edan desarrollando\u201d<\/p>\n<p lang=\"es-ES\">A: \u201cA canalizar\u201d que quiere decir?<\/p>\n<p lang=\"es-ES\">F: \u2026a canalizar la actividad que ven\u00edan desarrollando\u201d?<\/p>\n<p lang=\"es-ES\">A: \u00bfQu\u00e9 quiere decir canalizar?<\/p>\n<p lang=\"es-ES\">F: Orientarlos, \u201cmir\u00e1 esto no se puede hacer, pero se puede hacer tal cosa\u201d. Y a lo mejor estos pibes lo que est\u00e1n haciendo a trav\u00e9s de \u00e9l (refiri\u00e9ndose a la cooperativa) lo pueden hacer a trav\u00e9s de Boca Social.<\/p>\n<p lang=\"es-ES\">A: Si lo coordinamos as\u00ed mira, que nos digan \u201cnos vamos tal d\u00eda\u201d y yo digo, ante esa actitud que plantean les ofrecemos conectarlos con Boca Social en los pr\u00f3ximos d\u00edas y listo \u00bfno? Ya si se comprometen ahora\u2026<\/p>\n<p lang=\"es-ES\">F: Claudio no te pongas en esa postura por que te van a saltar a la yugular y no van a cerrar nada.<\/p>\n<p lang=\"es-ES\">A: Bueno pero los desalojamos.<\/p>\n<p lang=\"es-ES\">F: No.<\/p>\n<p lang=\"es-ES\">A: \u00bfNo?<\/p>\n<p lang=\"es-ES\">F: No, no es as\u00ed.<\/p>\n<p lang=\"es-ES\">A: \u00bfPor qu\u00e9?<\/p>\n<p lang=\"es-ES\">F: Por que la idea es que esto es mucho m\u00e1s r\u00e1pido.<\/p>\n<p lang=\"es-ES\">A: No es m\u00e1s r\u00e1pido.<\/p>\n<p lang=\"es-ES\">F: Escuch\u00e1. Si yo pido el allanamiento y al juez se le ocurre darle intervenci\u00f3n a la defensa y la defensa apela y van a c\u00e1mara y la c\u00e1mara da curso \u00bfsabes qu\u00e9? no los sacas ni al lado de (sic).<\/p>\n<p lang=\"es-ES\">A: \u00bfNo hay juez todav\u00eda? \u00bfsabemos qui\u00e9n puede ser?<\/p>\n<p lang=\"es-ES\">F: Ahora te digo. Encima hay jueces y jueces. hasta los nuestros te denuncian (sic).<\/p>\n<p lang=\"es-ES\">\u2014\u2014\u2014\u2014\u2014\u2014<\/p>\n<p lang=\"es-ES\">Audio 2<\/p>\n<p lang=\"es-ES\">La calidad del segundo audio es bastante deficiente, no obstante se puede distinguir el siguiente di\u00e1logo entre la fiscal y el abogado.<\/p>\n<p lang=\"es-ES\">A: Si lo que Boca Social no les da (sic), no les gusta \u00bfno se van?<\/p>\n<p lang=\"es-ES\">F: Seguimos con la causa. No, saben que se tienen que ir.<\/p>\n<p lang=\"es-ES\">A: No parece, pongamos una fecha ahora. Me parece que no lo vamos hacer en fecha. Por que estoy negociando (audio inaudible)<\/p>\n<p lang=\"es-ES\">F: Pero esto es una negociaci\u00f3n. Si no se acuerda sigue por la via legal.<\/p>\n<p lang=\"es-ES\">A: yo acepto traelos a Boca Social pero poneme una fecha. Poneme una fecha, \u00bfcu\u00e1l es el problema?<\/p>\n<p lang=\"es-ES\">F: Mmmm\u2026<\/p>\n<p lang=\"es-ES\">A: Porque no me dar\u00eda una fecha? eso es lo que no puedo entender.<\/p>\n<p lang=\"es-ES\">F: la llamo a Mariana y vemos.<\/p>\n<p lang=\"es-ES\">\u2014\u2014\u2014\u2014\u2014\u2014<\/p>\n<p lang=\"es-ES\">Audio 3.<\/p>\n<p lang=\"es-ES\">A: Vos me cambiaste las cosas. Vos me dijiste estos se van y lo \u00fanico que quieren es una reuni\u00f3n.<\/p>\n<p lang=\"es-ES\">F: no, canalizar la personer\u00eda.<\/p>\n<p lang=\"es-ES\">A: bueno, para canalizarla, perfecto.<\/p>\n<p lang=\"es-ES\">F: pero con la gente, si no en el aire no.<\/p>\n<p lang=\"es-ES\">A: yo me comprometo a una reuni\u00f3n. \u00bfQu\u00e9 m\u00e1s necesitan? Vas a ver que el lunes van a pedir un mont\u00f3n de cosas y si no\u2026<\/p>\n<p lang=\"es-ES\">F: \u00bfQu\u00e9 quer\u00e9s apostar?<\/p>\n<p lang=\"es-ES\">A: Una cosas tiene que quedar en claro<\/p>\n<p lang=\"es-ES\">F: No, no Claudio.<\/p>\n<p lang=\"es-ES\">A: Una cosas tiene que quedar en claro. pero a lo mejor, para que no pierdas tiempo<\/p>\n<p lang=\"es-ES\">F: No, no<\/p>\n<p lang=\"es-ES\">A: Pero escuchame, escuchame bien, porque no te quiero hacer perder el tiempo a vos<\/p>\n<p lang=\"es-ES\">F: No Claudio, pero vos te pon\u00e9s en una postura que no es la que vas a negociar con ellos<\/p>\n<p lang=\"es-ES\">A: Y bueno, entonces los desalojo. Yo no quiero negociar con ellos yo quiero que se vayan, yo no soy socialista, eso de \u201clos pibes\u2026\u201d<\/p>\n<p lang=\"es-ES\">F: Bueno, entonces no vengas a hacer un acuerdo<\/p>\n<p lang=\"es-ES\">A: Vine porque me lo pediste vos, yo por mi no hubiera venido, yo lo quiero desalojar a esta gente<\/p>\n<p lang=\"es-ES\">F: Esta bien y es el objetivo de la Fiscal\u00eda tambi\u00e9n. pero vos no podes decir\u2026<\/p>\n<p lang=\"es-ES\">A: Te voy a decir, escuchame una cosa yo no voy a firmar nada. Yo el lunes no voy a firmar un acta donde diga como Boca o como la fundaci\u00f3n me va a dar esto yo me voy, entonces yo no lo firmo.<\/p>\n<p lang=\"es-ES\">F: Ya le dijimos que no. Ellos se van a juntar y van a ver que se puede hacer. Y si no se puede hacer [\u2026]<\/p>\n<p lang=\"es-ES\">(Fin del audio).<\/p>\n<p lang=\"es-ES\">OZ\/GF\/RG<\/p>\n","protected":false},"excerpt":{"rendered":"<p>[Radio Grafica, 01\/02\/2018] El pasado 30 de enero, trabajadores de la cooperativa de limpieza de autos \u201cCiudadanos de Mundo\u201d, que funcionaba en los terrenos de Casa Amarilla desde el a\u00f1o 2006, fueron desalojados por orden judicial firmado por Celsa Ramirez, fiscal de la Primera Instancia del Fuero Penal, Contravencional y de Faltas de la Ciudad, [&hellip;]<\/p>\n","protected":false},"author":5,"featured_media":6338,"comment_status":"open","ping_status":"open","sticky":false,"template":"","format":"standard","meta":{"_monsterinsights_skip_tracking":false,"_monsterinsights_sitenote_active":false,"_monsterinsights_sitenote_note":"","_monsterinsights_sitenote_category":0,"jnews-multi-image_gallery":[],"jnews_single_post":[],"jnews_primary_category":[],"_joinchat":[],"footnotes":""},"categories":[78,76,75],"tags":[],"class_list":["post-6337","post","type-post","status-publish","format-standard","has-post-thumbnail","hentry","category-economia-popular","category-salud-comunitaria","category-trabajo"],"_links":{"self":[{"href":"http:\/\/fmriachuelo.it10.com.ar\/index.php\/wp-json\/wp\/v2\/posts\/6337","targetHints":{"allow":["GET"]}}],"collection":[{"href":"http:\/\/fmriachuelo.it10.com.ar\/index.php\/wp-json\/wp\/v2\/posts"}],"about":[{"href":"http:\/\/fmriachuelo.it10.com.ar\/index.php\/wp-json\/wp\/v2\/types\/post"}],"author":[{"embeddable":true,"href":"http:\/\/fmriachuelo.it10.com.ar\/index.php\/wp-json\/wp\/v2\/users\/5"}],"replies":[{"embeddable":true,"href":"http:\/\/fmriachuelo.it10.com.ar\/index.php\/wp-json\/wp\/v2\/comments?post=6337"}],"version-history":[{"count":0,"href":"http:\/\/fmriachuelo.it10.com.ar\/index.php\/wp-json\/wp\/v2\/posts\/6337\/revisions"}],"wp:featuredmedia":[{"embeddable":true,"href":"http:\/\/fmriachuelo.it10.com.ar\/index.php\/wp-json\/wp\/v2\/media\/6338"}],"wp:attachment":[{"href":"http:\/\/fmriachuelo.it10.com.ar\/index.php\/wp-json\/wp\/v2\/media?parent=6337"}],"wp:term":[{"taxonomy":"category","embeddable":true,"href":"http:\/\/fmriachuelo.it10.com.ar\/index.php\/wp-json\/wp\/v2\/categories?post=6337"},{"taxonomy":"post_tag","embeddable":true,"href":"http:\/\/fmriachuelo.it10.com.ar\/index.php\/wp-json\/wp\/v2\/tags?post=6337"}],"curies":[{"name":"wp","href":"https:\/\/api.w.org\/{rel}","templated":true}]}}