{"id":6333,"date":"2018-02-01T15:18:26","date_gmt":"2018-02-01T15:18:26","guid":{"rendered":"http:\/\/fmriachuelo.com.ar\/?p=6333"},"modified":"2018-02-01T15:18:26","modified_gmt":"2018-02-01T15:18:26","slug":"se-movilizaron-al-congreso-trabajadores-migrantes","status":"publish","type":"post","link":"http:\/\/fmriachuelo.it10.com.ar\/index.php\/2018\/02\/01\/se-movilizaron-al-congreso-trabajadores-migrantes\/","title":{"rendered":"SE  MOVILIZARON AL CONGRESO TRABAJADORES MIGRANTES"},"content":{"rendered":"<p>[Fm Riachuelo, 01\/02\/2018] En el d\u00eda de ayer, Rompe el Cerco Informativo, habl\u00f3 con los \u00a0trabajadores migrantes que residen en Argentina. Realizaron un \u201cParo Migrante\u201d, para\u00a0 reclamar en contra del Decreto de Necesidad y Urgencia del gobierno que implica la detenci\u00f3n y deportaci\u00f3n, de organizaciones de inmigrantes bolivianos, paraguayos, chilenos, mexicanos, colombianos y peruanos que trabajan en Argentina.<\/p>\n<p>Se movilizaron a la plaza de los dos Congresos, \u00a0en protesta contra el DNU\u00a0 70\/2017, que expresa\u00a0 y vulnera todos los derechos de los trabajadores migrantes.<\/p>\n<p>Los organizadores propusieron que quienes no pod\u00edan dejar de trabajar instalasen el debate en su \u00e1mbito, en tanto que a las 16 horas\u00a0 convocaron a concentrarse frente al Congreso de la Naci\u00f3n, para marchar hacia Plaza de Mayo.<\/p>\n<p>M\u00e1s all\u00e1 del debate a largo plazo, las organizaciones tienen un reclamo urgente: la derogaci\u00f3n del decreto\u00a0 que modific\u00f3 la Ley 25.871 de Migraciones.<\/p>\n<p>RCI, entrevist\u00f3 a\u00a0 Lila que pertenece al Bloque de Trabajadores Migrantes (BTM), que se\u00f1al\u00f3: \u201cEstas pol\u00edticas migratorias, no respetan los derechos de las\/los migrantes\u201d,\u00a0 y agreg\u00f3 \u201cQue los medios hegem\u00f3nicos, hacen lo mismo que el gobierno y\u00a0 avalan la estigmatizaci\u00f3n\u201d.<\/p>\n<p>El colectivo de migrantes seguir\u00e1 visibilizando su problem\u00e1tica, con asambleas, campa\u00f1as y pr\u00f3ximas movilizaciones,\u00a0 de no tener respuestas del gobierno ante su reclamo.<\/p>\n<p><strong>La migraci\u00f3n no es un problema que ata\u00f1e a pocos, sino que es un problema global<\/strong>.<\/p>\n<p>Escucha los testimonios<br \/>\n<iframe loading=\"lazy\" title=\"31-01-2018 - CONCENTRACI\u00d3N DE MIGRANTES EN EL CONGRESO by FMR\" width=\"500\" height=\"450\" scrolling=\"no\" frameborder=\"no\" src=\"https:\/\/w.soundcloud.com\/player\/?visual=true&#038;url=https%3A%2F%2Fapi.soundcloud.com%2Fplaylists%2F437352762&#038;show_artwork=true&#038;maxheight=750&#038;maxwidth=500\"><\/iframe><\/p>\n","protected":false},"excerpt":{"rendered":"<p>[Fm Riachuelo, 01\/02\/2018] En el d\u00eda de ayer, Rompe el Cerco Informativo, habl\u00f3 con los \u00a0trabajadores migrantes que residen en Argentina. Realizaron un \u201cParo Migrante\u201d, para\u00a0 reclamar en contra del Decreto de Necesidad y Urgencia del gobierno que implica la detenci\u00f3n y deportaci\u00f3n, de organizaciones de inmigrantes bolivianos, paraguayos, chilenos, mexicanos, colombianos y peruanos que [&hellip;]<\/p>\n","protected":false},"author":5,"featured_media":6334,"comment_status":"open","ping_status":"open","sticky":false,"template":"","format":"standard","meta":{"_monsterinsights_skip_tracking":false,"_monsterinsights_sitenote_active":false,"_monsterinsights_sitenote_note":"","_monsterinsights_sitenote_category":0,"jnews-multi-image_gallery":[],"jnews_single_post":[],"jnews_primary_category":[],"_joinchat":[],"footnotes":""},"categories":[78,79,76,74,75],"tags":[],"class_list":["post-6333","post","type-post","status-publish","format-standard","has-post-thumbnail","hentry","category-economia-popular","category-nadie-se-salva-solo","category-salud-comunitaria","category-san-cayetano","category-trabajo"],"_links":{"self":[{"href":"http:\/\/fmriachuelo.it10.com.ar\/index.php\/wp-json\/wp\/v2\/posts\/6333","targetHints":{"allow":["GET"]}}],"collection":[{"href":"http:\/\/fmriachuelo.it10.com.ar\/index.php\/wp-json\/wp\/v2\/posts"}],"about":[{"href":"http:\/\/fmriachuelo.it10.com.ar\/index.php\/wp-json\/wp\/v2\/types\/post"}],"author":[{"embeddable":true,"href":"http:\/\/fmriachuelo.it10.com.ar\/index.php\/wp-json\/wp\/v2\/users\/5"}],"replies":[{"embeddable":true,"href":"http:\/\/fmriachuelo.it10.com.ar\/index.php\/wp-json\/wp\/v2\/comments?post=6333"}],"version-history":[{"count":0,"href":"http:\/\/fmriachuelo.it10.com.ar\/index.php\/wp-json\/wp\/v2\/posts\/6333\/revisions"}],"wp:featuredmedia":[{"embeddable":true,"href":"http:\/\/fmriachuelo.it10.com.ar\/index.php\/wp-json\/wp\/v2\/media\/6334"}],"wp:attachment":[{"href":"http:\/\/fmriachuelo.it10.com.ar\/index.php\/wp-json\/wp\/v2\/media?parent=6333"}],"wp:term":[{"taxonomy":"category","embeddable":true,"href":"http:\/\/fmriachuelo.it10.com.ar\/index.php\/wp-json\/wp\/v2\/categories?post=6333"},{"taxonomy":"post_tag","embeddable":true,"href":"http:\/\/fmriachuelo.it10.com.ar\/index.php\/wp-json\/wp\/v2\/tags?post=6333"}],"curies":[{"name":"wp","href":"https:\/\/api.w.org\/{rel}","templated":true}]}}