{"id":6330,"date":"2018-01-29T15:46:18","date_gmt":"2018-01-29T15:46:18","guid":{"rendered":"http:\/\/fmriachuelo.com.ar\/?p=6330"},"modified":"2018-01-29T15:46:18","modified_gmt":"2018-01-29T15:46:18","slug":"cobertura-especial-9-anos-sin-luciano","status":"publish","type":"post","link":"http:\/\/fmriachuelo.it10.com.ar\/index.php\/2018\/01\/29\/cobertura-especial-9-anos-sin-luciano\/","title":{"rendered":"COBERTURA ESPECIAL 9 A\u00d1OS SIN LUCIANO"},"content":{"rendered":"<p>[Espantarrejas &#8211; Fm Riachuelo, 31\/01\/2018] Los compa\u00f1eros de Espantarrejas programa de nuestra Fm Riachuelo estuvieron presentes en la actividad colectiva que se realiz\u00f3 por los 9 a\u00f1os de la desaparici\u00f3n de Luciano Arruga, donde se sumaron adem\u00e1s en\u00a0 la radio abierta: Radio Zona Libre, Radio Presente, Radio Sur, La Colectiva, Dtl!, La Tribu, Antena Negra, FM En Tr\u00e1nsito y La Retaguardia.<\/p>\n<p>Compartimos la cobertura colectiva\u00a0 completa de la\u00a0 jornada\u00a0\u00a0<a href=\"http:\/\/www.laretaguardia.com.ar\/2018\/01\/cobertura-especial-9-anos-sin-luciano.html\">http:\/\/www.laretaguardia.com.ar\/2018\/01\/cobertura-especial-9-anos-sin-luciano.html<\/a><\/p>\n","protected":false},"excerpt":{"rendered":"<p>[Espantarrejas &#8211; Fm Riachuelo, 31\/01\/2018] Los compa\u00f1eros de Espantarrejas programa de nuestra Fm Riachuelo estuvieron presentes en la actividad colectiva que se realiz\u00f3 por los 9 a\u00f1os de la desaparici\u00f3n de Luciano Arruga, donde se sumaron adem\u00e1s en\u00a0 la radio abierta: Radio Zona Libre, Radio Presente, Radio Sur, La Colectiva, Dtl!, La Tribu, Antena Negra, [&hellip;]<\/p>\n","protected":false},"author":5,"featured_media":6331,"comment_status":"open","ping_status":"open","sticky":false,"template":"","format":"standard","meta":{"_monsterinsights_skip_tracking":false,"_monsterinsights_sitenote_active":false,"_monsterinsights_sitenote_note":"","_monsterinsights_sitenote_category":0,"jnews-multi-image_gallery":[],"jnews_single_post":[],"jnews_primary_category":[],"_joinchat":[],"footnotes":""},"categories":[80,79,76],"tags":[],"class_list":["post-6330","post","type-post","status-publish","format-standard","has-post-thumbnail","hentry","category-educacion","category-nadie-se-salva-solo","category-salud-comunitaria"],"_links":{"self":[{"href":"http:\/\/fmriachuelo.it10.com.ar\/index.php\/wp-json\/wp\/v2\/posts\/6330","targetHints":{"allow":["GET"]}}],"collection":[{"href":"http:\/\/fmriachuelo.it10.com.ar\/index.php\/wp-json\/wp\/v2\/posts"}],"about":[{"href":"http:\/\/fmriachuelo.it10.com.ar\/index.php\/wp-json\/wp\/v2\/types\/post"}],"author":[{"embeddable":true,"href":"http:\/\/fmriachuelo.it10.com.ar\/index.php\/wp-json\/wp\/v2\/users\/5"}],"replies":[{"embeddable":true,"href":"http:\/\/fmriachuelo.it10.com.ar\/index.php\/wp-json\/wp\/v2\/comments?post=6330"}],"version-history":[{"count":0,"href":"http:\/\/fmriachuelo.it10.com.ar\/index.php\/wp-json\/wp\/v2\/posts\/6330\/revisions"}],"wp:featuredmedia":[{"embeddable":true,"href":"http:\/\/fmriachuelo.it10.com.ar\/index.php\/wp-json\/wp\/v2\/media\/6331"}],"wp:attachment":[{"href":"http:\/\/fmriachuelo.it10.com.ar\/index.php\/wp-json\/wp\/v2\/media?parent=6330"}],"wp:term":[{"taxonomy":"category","embeddable":true,"href":"http:\/\/fmriachuelo.it10.com.ar\/index.php\/wp-json\/wp\/v2\/categories?post=6330"},{"taxonomy":"post_tag","embeddable":true,"href":"http:\/\/fmriachuelo.it10.com.ar\/index.php\/wp-json\/wp\/v2\/tags?post=6330"}],"curies":[{"name":"wp","href":"https:\/\/api.w.org\/{rel}","templated":true}]}}