{"id":6322,"date":"2018-01-31T14:03:27","date_gmt":"2018-01-31T14:03:27","guid":{"rendered":"http:\/\/fmriachuelo.com.ar\/?p=6322"},"modified":"2018-01-31T14:03:27","modified_gmt":"2018-01-31T14:03:27","slug":"hay-pueblada-y-rio-turbio-sigue-tomada","status":"publish","type":"post","link":"http:\/\/fmriachuelo.it10.com.ar\/index.php\/2018\/01\/31\/hay-pueblada-y-rio-turbio-sigue-tomada\/","title":{"rendered":"HAY PUEBLADA Y R\u00cdO TURBIO SIGUE TOMADA"},"content":{"rendered":"<p>[Fm Riachuelo, 31-01-2018] En el programa de ayer de Romp\u00e9 el Cerco Informativo, se realiz\u00f3 una entrevista con Adonis Rojas, Delegado de Asociaci\u00f3n Trabajadores del Estado, perteneciente a\u00a0 la agrupaci\u00f3n minera Verde y Blanca que nos cont\u00f3 como contin\u00faa el conflicto por los despidos en la mina de Rio Turbio.<\/p>\n<p>Con el respaldo del pueblo, la intersindical los trabajadorxs y sus familias, esperan revertir los m\u00e1s de 400 telegramas de despido. \u201cLa decisi\u00f3n est\u00e1 tomada\u201d, dicen desde la intervenci\u00f3n.<\/p>\n<p>Los cuatro gremios con actuaci\u00f3n en Yacimientos Carbon\u00edferos R\u00edo Turbio (YCRT)\u00a0 y los vecinos de la ciudad, mantienen la ocupaci\u00f3n de la mina, en rechazo a casi 500 \u00a0telegramas de despido enviados por la empresa, y a la espera del resultado de las negociaciones que empezaron ayer en Buenos Aires con la intervenci\u00f3n de la empresa.<\/p>\n<p>La ocupaci\u00f3n en boca de mina comenz\u00f3 el mi\u00e9rcoles, tras una manifestaci\u00f3n y cuenta con el apoyo del pueblo.\u201d Creyeron que la gente iba a venir a presionarnos, que se iba a dividir, pero result\u00f3 al rev\u00e9s de lo que esperaban y hoy est\u00e1 todo el pueblo acompa\u00f1ando\u201d<\/p>\n<p>Adonis Rojas coment\u00f3: \u201choy es la pueblada, \u00a0no es costumbre salir a la calle en ocupaci\u00f3n pac\u00edfica porque es crudo el clima, \u00a0pero cruda es tambi\u00e9n la decisi\u00f3n pol\u00edtica que tom\u00f3 el Gobierno\u201d.<\/p>\n<p>Rojas nos dijo: \u201cEs todo un pueblo, \u00a0es tremendo 500 despidos para un pueblo que vive de la mina, nosotros generamos energ\u00eda para cuatro provincias, y Macri tom\u00f3 la decisi\u00f3n de parar la usina con la excusa de que hay sobre facturaciones\u201d. \u201cse hizo una auditor\u00eda y despu\u00e9s la suspendieron tomando la decisi\u00f3n de parar todo\u201d.<\/p>\n<p>Agreg\u00f3: \u201cTener una Usina parada dos a\u00f1os con este fr\u00edo, hace que resulte imposible t\u00e9cnicamente volver a ponerla en marcha, por eso nos manifestamos con compa\u00f1eros de Capital y lo denunciamos en los medios nacionales\u201d.<\/p>\n<p>Empezaron hace meses con \u201d la extorsi\u00f3n de los retiros voluntarios, y que no iban a cobrar nada cuando los despidieran, por eso tomamos esta decisi\u00f3n de lucha en la calle para defendernos.\u201d<\/p>\n<p>\u201cEstamos al tanto de todos los despidos en el pa\u00eds, y acompa\u00f1amos esa lucha tambi\u00e9n\u201d, agreg\u00f3 Adonis Rojas.<\/p>\n<p>Desde que se ocup\u00f3 la mina se hicieron actividades culturales, un abrazo simb\u00f3lico a la mina, y est\u00e1n esperando la decisi\u00f3n que van a tomar desde el Gobierno.<\/p>\n<p><strong>Sabemos que este modelo es de ajuste pero nosotros sabemos tambi\u00e9n de la lucha, tomamos la posta de los viejos mineros que ya han peleado por la mina.<\/strong><\/p>\n<p>Escuch\u00e1 la entrevista completa<\/em><\/p>\n<p><iframe loading=\"lazy\" title=\"30 - 01 - 2018-  ADONIS ROJAS- DELEGADO DE ATE- AGRUPACION MINERA VERDE Y BLANCASound 1 by FMR\" width=\"500\" height=\"400\" scrolling=\"no\" frameborder=\"no\" src=\"https:\/\/w.soundcloud.com\/player\/?visual=true&#038;url=https%3A%2F%2Fapi.soundcloud.com%2Ftracks%2F392147718&#038;show_artwork=true&#038;maxheight=750&#038;maxwidth=500\"><\/iframe><\/p>\n","protected":false},"excerpt":{"rendered":"<p>[Fm Riachuelo, 31-01-2018] En el programa de ayer de Romp\u00e9 el Cerco Informativo, se realiz\u00f3 una entrevista con Adonis Rojas, Delegado de Asociaci\u00f3n Trabajadores del Estado, perteneciente a\u00a0 la agrupaci\u00f3n minera Verde y Blanca que nos cont\u00f3 como contin\u00faa el conflicto por los despidos en la mina de Rio Turbio. Con el respaldo del pueblo, [&hellip;]<\/p>\n","protected":false},"author":5,"featured_media":6323,"comment_status":"open","ping_status":"open","sticky":false,"template":"","format":"standard","meta":{"_monsterinsights_skip_tracking":false,"_monsterinsights_sitenote_active":false,"_monsterinsights_sitenote_note":"","_monsterinsights_sitenote_category":0,"jnews-multi-image_gallery":[],"jnews_single_post":[],"jnews_primary_category":[],"_joinchat":[],"footnotes":""},"categories":[79,76,74,75],"tags":[],"class_list":["post-6322","post","type-post","status-publish","format-standard","has-post-thumbnail","hentry","category-nadie-se-salva-solo","category-salud-comunitaria","category-san-cayetano","category-trabajo"],"_links":{"self":[{"href":"http:\/\/fmriachuelo.it10.com.ar\/index.php\/wp-json\/wp\/v2\/posts\/6322","targetHints":{"allow":["GET"]}}],"collection":[{"href":"http:\/\/fmriachuelo.it10.com.ar\/index.php\/wp-json\/wp\/v2\/posts"}],"about":[{"href":"http:\/\/fmriachuelo.it10.com.ar\/index.php\/wp-json\/wp\/v2\/types\/post"}],"author":[{"embeddable":true,"href":"http:\/\/fmriachuelo.it10.com.ar\/index.php\/wp-json\/wp\/v2\/users\/5"}],"replies":[{"embeddable":true,"href":"http:\/\/fmriachuelo.it10.com.ar\/index.php\/wp-json\/wp\/v2\/comments?post=6322"}],"version-history":[{"count":0,"href":"http:\/\/fmriachuelo.it10.com.ar\/index.php\/wp-json\/wp\/v2\/posts\/6322\/revisions"}],"wp:featuredmedia":[{"embeddable":true,"href":"http:\/\/fmriachuelo.it10.com.ar\/index.php\/wp-json\/wp\/v2\/media\/6323"}],"wp:attachment":[{"href":"http:\/\/fmriachuelo.it10.com.ar\/index.php\/wp-json\/wp\/v2\/media?parent=6322"}],"wp:term":[{"taxonomy":"category","embeddable":true,"href":"http:\/\/fmriachuelo.it10.com.ar\/index.php\/wp-json\/wp\/v2\/categories?post=6322"},{"taxonomy":"post_tag","embeddable":true,"href":"http:\/\/fmriachuelo.it10.com.ar\/index.php\/wp-json\/wp\/v2\/tags?post=6322"}],"curies":[{"name":"wp","href":"https:\/\/api.w.org\/{rel}","templated":true}]}}