{"id":626,"date":"2015-03-31T03:05:00","date_gmt":"2015-03-31T03:05:00","guid":{"rendered":"http:\/\/fmriachuelo.observatorioess.org.ar\/index.php\/2015\/03\/31\/bolivia-un-analisis-posible-de-las-elecciones\/"},"modified":"2025-03-27T13:06:12","modified_gmt":"2025-03-27T16:06:12","slug":"bolivia-un-analisis-posible-de-las-elecciones","status":"publish","type":"post","link":"http:\/\/fmriachuelo.it10.com.ar\/index.php\/2015\/03\/31\/bolivia-un-analisis-posible-de-las-elecciones\/","title":{"rendered":"BOLIVIA: UN ANALISIS POSIBLE DE LAS ELECCIONES"},"content":{"rendered":"<div>\n<div>\n<div>\n<h1>Los \u201cclaroscuros\u201d de la elecci\u00f3n del MAS en Bolivia<\/h1>\n<\/div>\n<\/div>\n<\/div>\n<div style=\"clear: both;text-align: center\"><a href=\"http:\/\/3.bp.blogspot.com\/-VswT0iDF4sk\/VRoO8B3C-uI\/AAAAAAAADbs\/2Z80kymcgKA\/s1600\/evo.jpg\" style=\"clear: left;float: left;margin-bottom: 1em;margin-right: 1em\"><img decoding=\"async\" border=\"0\" src=\"http:\/\/3.bp.blogspot.com\/-VswT0iDF4sk\/VRoO8B3C-uI\/AAAAAAAADbs\/2Z80kymcgKA\/s1600\/evo.jpg\" \/><\/a><\/div>\n<div><\/div>\n<p><span style=\"font-family: Verdana, sans-serif\">[Por Juan Manuel Karg*]El vicepresidente \u00c1lvaro Garc\u00eda Linera fue quien mejor grafic\u00f3 las complejidades relacionadas a las recientes elecciones a gobernadores y alcaldes en Bolivia, en la conferencia de prensa que brind\u00f3 el domingo por la noche en La Paz, tras conocer los primeros resultados. All\u00ed afirm\u00f3 que \u201cel MAS es la \u00fanica fuerza pol\u00edtica a nivel nacional\u201d, ilustrando asimismo la dispersi\u00f3n opositora, tras lo cual destac\u00f3 que \u201chay claroscuros en esta elecci\u00f3n: perdimos El Alto -en La Paz- y ganamos en Riberalta -en Beni-\u201d.<\/p>\n<p>Linera destac\u00f3 que en octubre de 2014 un 62% de los bolivianos respald\u00f3 a Evo Morales, votando adem\u00e1s por un planteo espec\u00edfico de Estado, tanto en lo social como en lo econ\u00f3mico. As\u00ed, diferenci\u00f3 a aquellas elecciones de estas, donde \u201cse han puesto en juego los liderazgos locales\u201d. Tras ello, reconoci\u00f3 ciertos cuestionamientos a algunos candidatos del MAS -hizo especial alusi\u00f3n a Patana, derrotado en El Alto por Soledad Chapet\u00f3n-. As\u00ed, el vicepresidente realiz\u00f3 una menci\u00f3n por elevaci\u00f3n a algo que resulta evidente tras ver los resultados: una parte de los votos de clase media urbana que conquist\u00f3 Morales en octubre pasado fue ahora a parar a determinados candidatos que, desde diversos perfiles de la oposici\u00f3n -tanto por centro como por derecha- confrontaron con el MAS.<\/span><a name='more'><\/a><span style=\"font-family: Verdana, sans-serif\"><br \/>Sin embargo, el dato de la centralidad pol\u00edtica del Movimiento al Socialismo que destaca Linera es otro elemento a mencionar. Veamos el caso de Pando: all\u00ed estuvo el candidato m\u00e1s votado a nivel nacional, con un 66% de acuerdo a las proyecciones. Tambi\u00e9n en Riberalta, la ciudad m\u00e1s poblada de Beni, el MAS logr\u00f3 un triunfo importante. Es decir: hay una reconfiguraci\u00f3n de la llamada medialuna, donde Morales ya hab\u00eda logrado destacados avances en octubre pasado -siendo que esta regi\u00f3n hab\u00eda sido la m\u00e1s adversa al evismo desde que Morales lleg\u00f3 al gobierno-. De esta forma, en la elecci\u00f3n a gobernadores el MAS logr\u00f3 ser la fuerza m\u00e1s votada en seis departamentos de los nueve en disputa: gan\u00f3 en Cochabamba, Oruro, Potos\u00ed, Pando, Beni y Chuquisaca -en los \u00faltimos dos habr\u00e1 segunda vuelta-; mientras que la oposici\u00f3n se impuso en La Paz, Santa Cruz y Tarija.<\/p>\n<p>Los liderazgos opositores triunfantes, asimismo, tienen diferencias evidentes, incluso en t\u00e9rminos generacionales: \u00bfse puede comparar, por ejemplo, el triunfo de la joven Soledad Chapet\u00f3n -34 a\u00f1os- en El Alto, con la victoria del longevo Percy Fern\u00e1ndez, quien con 76 a\u00f1os ser\u00e1 por \u00a1sexta! vez ser\u00e1 alcalde de Santa Cruz? Dicho esto tambi\u00e9n hay que mencionar que, tras el velo juvenil y propositivo de Chapet\u00f3n -quien evit\u00f3 confrontar con Evo Morales en medios de comunicaci\u00f3n, afirmando que incluso buscar\u00e1 un trabajo conjunto-, se intentar\u00e1 fortalecer el dirigente conservador Samuel Doria Medina, uno de los empresarios m\u00e1s importantes de Bolivia, quien fuera derrotado contundentemente en las elecciones presidenciales de octubre pasado.<\/p>\n<p>El desaf\u00edo del MAS ser\u00e1, ahora, de dos planos: intentar construir mayor fuerza local en aquellas regiones donde las elecciones fueron adversas, y gestionar eficientemente en aquellas alcald\u00edas y gobernaciones donde los candidatos evistas fueron acompa\u00f1ados mayoritariamente en las urnas. Tambi\u00e9n ameritara hacer una reflexi\u00f3n balanceada de la elecci\u00f3n, tomando dos elementos de equilibrio: ni la performance del MAS fue categ\u00f3rica como en las elecciones de 2014 -algo a lo cual hasta Linera destac\u00f3-, ni la oposici\u00f3n ha tenido una hist\u00f3rica elecci\u00f3n, como intentan mostrar algunos medios hegem\u00f3nicos de comunicaci\u00f3n del continente. Teniendo en cuenta esto, la segunda vuelta en Beni y Chuquisaca terminar\u00e1 de conformar un nuevo mapa pol\u00edtico regional en una Bolivia donde el MAS sigue siendo, con claridad, la primera fuerza pol\u00edtica del pa\u00eds.<\/p>\n<p><span style=\"font-size: x-small\">*&nbsp;Juan Manuel Karg  es Polit\u00f3logo UBA \/ Analista Internacional<\/span><\/span><br \/><span style=\"font-family: Verdana;font-size: x-small\"><\/span><br \/><span style=\"color: blue;font-family: Verdana;font-size: x-small\">Fuente: Alainet, Producci\u00f3n Riachuelo<\/span><\/p>\n<div style=\"clear: both;text-align: center\"><a href=\"http:\/\/2.bp.blogspot.com\/-km8rEBI5STw\/VRoKTPnPmfI\/AAAAAAAADbg\/6l-75CyQJk0\/s1600\/COOP%2BRIACHIUELO%2BPRODUCCIONES.jpg\" style=\"clear: left;float: left;margin-bottom: 1em;margin-right: 1em\"><img loading=\"lazy\" decoding=\"async\" border=\"0\" src=\"http:\/\/2.bp.blogspot.com\/-km8rEBI5STw\/VRoKTPnPmfI\/AAAAAAAADbg\/6l-75CyQJk0\/s1600\/COOP%2BRIACHIUELO%2BPRODUCCIONES.jpg\" height=\"58\" width=\"200\" \/><\/a><\/div>\n","protected":false},"excerpt":{"rendered":"<p>Los \u201cclaroscuros\u201d de la elecci\u00f3n del MAS en Bolivia [Por Juan Manuel Karg*]El vicepresidente \u00c1lvaro Garc\u00eda Linera fue quien mejor grafic\u00f3 las complejidades relacionadas a las recientes elecciones a gobernadores y alcaldes en Bolivia, en la conferencia de prensa que brind\u00f3 el domingo por la noche en La Paz, tras conocer los primeros resultados. All\u00ed [&hellip;]<\/p>\n","protected":false},"author":4,"featured_media":0,"comment_status":"open","ping_status":"open","sticky":false,"template":"","format":"standard","meta":{"_monsterinsights_skip_tracking":false,"_monsterinsights_sitenote_active":false,"_monsterinsights_sitenote_note":"","_monsterinsights_sitenote_category":0,"jnews-multi-image_gallery":[],"jnews_single_post":{"format":"standard"},"jnews_primary_category":[],"_joinchat":[],"footnotes":""},"categories":[58],"tags":[70],"class_list":["post-626","post","type-post","status-publish","format-standard","hentry","category-noticiariachuelo","tag-de-la-patria-grande"],"_links":{"self":[{"href":"http:\/\/fmriachuelo.it10.com.ar\/index.php\/wp-json\/wp\/v2\/posts\/626","targetHints":{"allow":["GET"]}}],"collection":[{"href":"http:\/\/fmriachuelo.it10.com.ar\/index.php\/wp-json\/wp\/v2\/posts"}],"about":[{"href":"http:\/\/fmriachuelo.it10.com.ar\/index.php\/wp-json\/wp\/v2\/types\/post"}],"author":[{"embeddable":true,"href":"http:\/\/fmriachuelo.it10.com.ar\/index.php\/wp-json\/wp\/v2\/users\/4"}],"replies":[{"embeddable":true,"href":"http:\/\/fmriachuelo.it10.com.ar\/index.php\/wp-json\/wp\/v2\/comments?post=626"}],"version-history":[{"count":1,"href":"http:\/\/fmriachuelo.it10.com.ar\/index.php\/wp-json\/wp\/v2\/posts\/626\/revisions"}],"predecessor-version":[{"id":22920,"href":"http:\/\/fmriachuelo.it10.com.ar\/index.php\/wp-json\/wp\/v2\/posts\/626\/revisions\/22920"}],"wp:attachment":[{"href":"http:\/\/fmriachuelo.it10.com.ar\/index.php\/wp-json\/wp\/v2\/media?parent=626"}],"wp:term":[{"taxonomy":"category","embeddable":true,"href":"http:\/\/fmriachuelo.it10.com.ar\/index.php\/wp-json\/wp\/v2\/categories?post=626"},{"taxonomy":"post_tag","embeddable":true,"href":"http:\/\/fmriachuelo.it10.com.ar\/index.php\/wp-json\/wp\/v2\/tags?post=626"}],"curies":[{"name":"wp","href":"https:\/\/api.w.org\/{rel}","templated":true}]}}