{"id":6250,"date":"2018-01-22T01:43:16","date_gmt":"2018-01-22T01:43:16","guid":{"rendered":"http:\/\/fmriachuelo.com.ar\/?p=6250"},"modified":"2018-01-22T01:43:16","modified_gmt":"2018-01-22T01:43:16","slug":"radio-abierta-para-homenajear-a-eduardo-pueblo","status":"publish","type":"post","link":"http:\/\/fmriachuelo.it10.com.ar\/index.php\/2018\/01\/22\/radio-abierta-para-homenajear-a-eduardo-pueblo\/","title":{"rendered":"HOMENAJE A EDUARDO PUEBLA"},"content":{"rendered":"<p>[FM Riachuelo 21\/01\/2018]\u00a0 Eduardo Puebla fue un dirigente social y pol\u00edtico, ten\u00eda un compromiso de lucha, entrega y convicciones claras de militancia pol\u00edtica.<\/p>\n<p>La causa de \u00e9l fue la organizaci\u00f3n del pueblo, sent\u00f3 precedente acerca de cu\u00e1l debe ser la militancia de la juventud y la disputa por el poder en funci\u00f3n de las necesidades, la justicia social e igualdad de nuestro pueblo.<\/p>\n<p>A 13 a\u00f1os de su desaparici\u00f3n f\u00edsica se realiz\u00f3 en la Plaza Central de San Mart\u00edn, entre la calle Mitre y San Lorenzo, un homenaje para recordarlo. Participaron diferentes organizaciones sociales, referentes pol\u00edticos, amigos y vecinos de la zona.<\/p>\n<p>Roberto Perd\u00eda, que junto con Eduardo fund\u00f3 la OLP (Organizaciones Libres del Pueblo), durante el acto dijo:\u00bb yo lo que les propongo compa\u00f1eros es que nos pongamos a pensar, para que dentro de 15 a\u00f1os no estemos produciendo para este mercado, ni este\u00a0 Estado, sino que estemos produciendo para las necesidades de la\u00a0 comunidad\u00bb.<\/p>\n<p>Posteriormente, tomo la palabra Lito Borello, Secretario de DDHH de la CTEP quien record\u00f3 con gran afecto al compa\u00f1ero Eduardo ya que compartieron la militancia juntos en San Mart\u00edn. Adem\u00e1s mencion\u00f3 al militante\u00a0 Mart\u00edn \u00a0\u201cOso\u201d Cisneros, asesinado por un narco en el 2004, que tambi\u00e9n era de San Mart\u00edn, y\u00a0 conoci\u00f3 a Eduardo en los a\u00f1os 80 cuando comenzaban su recorrido como militante social.<\/p>\n<p>\u00abLa mejor manera de homenajear a Eduardo y a Mart\u00edn \u201cOso\u201d Cisneros es en la calle todos los d\u00edas\u201d. \u00abvenir a este lugar es muy importante porque uno recuerda la patria chica donde empez\u00f3 la\u00a0 militancia\u201d.<\/p>\n<p>El compa\u00f1ero\u00a0 Eduardo \u201cNegro\u201d Soares, abogado penalista y de Derechos Humanos estuvo presente en el recordatorio y expres\u00f3 \u201cestamos ac\u00e1 para decirles que siempre estaremos presente en cada una de las luchas\u00bb.<\/p>\n<p>FM Riachuelo 100.9 particip\u00f3 del homenaje y transmiti\u00f3 en vivo desde el lugar. Cerca de las \u00a0seis\u00a0 de la tarde se acercaron para adherir su saludo algunos referentes de los emprendimientos productivos y organizaciones sociales, contando sus experiencias de trabajo desde la econom\u00eda popular y recordando al compa\u00f1ero Eduardo.<\/p>\n<p>Escucha alguna de las intervenciones<br \/>\n<iframe loading=\"lazy\" title=\"21-01-2018 ALGUNAS INTERVENCIONES DEL HOMENAJE A EDUARDO PUEBLA by FMR\" width=\"500\" height=\"450\" scrolling=\"no\" frameborder=\"no\" src=\"https:\/\/w.soundcloud.com\/player\/?visual=true&#038;url=https%3A%2F%2Fapi.soundcloud.com%2Fplaylists%2F428885114&#038;show_artwork=true&#038;maxheight=750&#038;maxwidth=500\"><\/iframe><\/p>\n<p>Los puestos estaban ubicados alrededor de la plaza, pod\u00edas encontrar desde productos textiles, de panader\u00eda, carpinter\u00eda, entre otros. Gran cantidad de vecinos del barrio visitaron el lugar durante toda la tarde.<\/p>\n<p><img loading=\"lazy\" decoding=\"async\" class=\"alignnone size-medium wp-image-6252\" src=\"http:\/\/fmriachuelo.com.ar\/wp-content\/uploads\/2018\/01\/WhatsApp-Image-2018-01-21-at-18.11.37-300x169.jpeg\" alt=\"\" width=\"300\" height=\"169\" srcset=\"http:\/\/fmriachuelo.it10.com.ar\/wp-content\/uploads\/2018\/01\/WhatsApp-Image-2018-01-21-at-18.11.37-300x169.jpeg 300w, http:\/\/fmriachuelo.it10.com.ar\/wp-content\/uploads\/2018\/01\/WhatsApp-Image-2018-01-21-at-18.11.37-1024x576.jpeg 1024w, http:\/\/fmriachuelo.it10.com.ar\/wp-content\/uploads\/2018\/01\/WhatsApp-Image-2018-01-21-at-18.11.37-768x432.jpeg 768w, http:\/\/fmriachuelo.it10.com.ar\/wp-content\/uploads\/2018\/01\/WhatsApp-Image-2018-01-21-at-18.11.37-750x422.jpeg 750w, http:\/\/fmriachuelo.it10.com.ar\/wp-content\/uploads\/2018\/01\/WhatsApp-Image-2018-01-21-at-18.11.37.jpeg 1040w\" sizes=\"auto, (max-width: 300px) 100vw, 300px\" \/>\u00a0 \u00a0 \u00a0 \u00a0\u00a0<img loading=\"lazy\" decoding=\"async\" class=\"alignnone size-medium wp-image-6253\" src=\"http:\/\/fmriachuelo.com.ar\/wp-content\/uploads\/2018\/01\/WhatsApp-Image-2018-01-21-at-18.11.37-1-300x169.jpeg\" alt=\"\" width=\"300\" height=\"169\" srcset=\"http:\/\/fmriachuelo.it10.com.ar\/wp-content\/uploads\/2018\/01\/WhatsApp-Image-2018-01-21-at-18.11.37-1-300x169.jpeg 300w, http:\/\/fmriachuelo.it10.com.ar\/wp-content\/uploads\/2018\/01\/WhatsApp-Image-2018-01-21-at-18.11.37-1-1024x576.jpeg 1024w, http:\/\/fmriachuelo.it10.com.ar\/wp-content\/uploads\/2018\/01\/WhatsApp-Image-2018-01-21-at-18.11.37-1-768x432.jpeg 768w, http:\/\/fmriachuelo.it10.com.ar\/wp-content\/uploads\/2018\/01\/WhatsApp-Image-2018-01-21-at-18.11.37-1-750x422.jpeg 750w, http:\/\/fmriachuelo.it10.com.ar\/wp-content\/uploads\/2018\/01\/WhatsApp-Image-2018-01-21-at-18.11.37-1.jpeg 1040w\" sizes=\"auto, (max-width: 300px) 100vw, 300px\" \/><\/p>\n<p>&nbsp;<\/p>\n<p>Cerca del final de la transmisi\u00f3n habl\u00f3 Pablo Puebla, hermano de Eduardo,quien agradeci\u00f3 la participaci\u00f3n\u00a0 poniendo \u00e9nfasis en los logros alcanzados como trabajadores a trav\u00e9s de la lucha y la organizaci\u00f3n en la Central de la Econom\u00eda Popular.<\/p>\n<p>Luego de las ocho de la noche finaliz\u00f3 la radio abierta a cargo de FM Riachuelo, mientras el acto homenaje contin\u00fao desde el escenario central con bandas musicales.<\/p>\n<p>Fue organizado por la OLP\u00a0 y La Sim\u00f3n Bol\u00edvar.\u00a0 Acompa\u00f1aron La\u00a0 Organizaci\u00f3n Social y Pol\u00edtica los Pibes, La Mesa Gremial 19 Y 20,\u00a0 El Movimiento Nacional de Empresas Recuperadas,\u00a0 El Movimiento Popular la Dignidad, entre otras.<\/p>\n<p><strong>M\u00e1s que nunca Eduardo Puebla vive en cada compa\u00f1ero y compa\u00f1era que lucha y se organiza por tierra, techo, trabajo, salud y educaci\u00f3n. <\/strong><\/p>\n","protected":false},"excerpt":{"rendered":"<p>[FM Riachuelo 21\/01\/2018]\u00a0 Eduardo Puebla fue un dirigente social y pol\u00edtico, ten\u00eda un compromiso de lucha, entrega y convicciones claras de militancia pol\u00edtica. La causa de \u00e9l fue la organizaci\u00f3n del pueblo, sent\u00f3 precedente acerca de cu\u00e1l debe ser la militancia de la juventud y la disputa por el poder en funci\u00f3n de las necesidades, [&hellip;]<\/p>\n","protected":false},"author":5,"featured_media":6256,"comment_status":"open","ping_status":"open","sticky":false,"template":"","format":"standard","meta":{"_monsterinsights_skip_tracking":false,"_monsterinsights_sitenote_active":false,"_monsterinsights_sitenote_note":"","_monsterinsights_sitenote_category":0,"jnews-multi-image_gallery":[],"jnews_single_post":[],"jnews_primary_category":[],"_joinchat":[],"footnotes":""},"categories":[80,76,74],"tags":[],"class_list":["post-6250","post","type-post","status-publish","format-standard","has-post-thumbnail","hentry","category-educacion","category-salud-comunitaria","category-san-cayetano"],"_links":{"self":[{"href":"http:\/\/fmriachuelo.it10.com.ar\/index.php\/wp-json\/wp\/v2\/posts\/6250","targetHints":{"allow":["GET"]}}],"collection":[{"href":"http:\/\/fmriachuelo.it10.com.ar\/index.php\/wp-json\/wp\/v2\/posts"}],"about":[{"href":"http:\/\/fmriachuelo.it10.com.ar\/index.php\/wp-json\/wp\/v2\/types\/post"}],"author":[{"embeddable":true,"href":"http:\/\/fmriachuelo.it10.com.ar\/index.php\/wp-json\/wp\/v2\/users\/5"}],"replies":[{"embeddable":true,"href":"http:\/\/fmriachuelo.it10.com.ar\/index.php\/wp-json\/wp\/v2\/comments?post=6250"}],"version-history":[{"count":0,"href":"http:\/\/fmriachuelo.it10.com.ar\/index.php\/wp-json\/wp\/v2\/posts\/6250\/revisions"}],"wp:featuredmedia":[{"embeddable":true,"href":"http:\/\/fmriachuelo.it10.com.ar\/index.php\/wp-json\/wp\/v2\/media\/6256"}],"wp:attachment":[{"href":"http:\/\/fmriachuelo.it10.com.ar\/index.php\/wp-json\/wp\/v2\/media?parent=6250"}],"wp:term":[{"taxonomy":"category","embeddable":true,"href":"http:\/\/fmriachuelo.it10.com.ar\/index.php\/wp-json\/wp\/v2\/categories?post=6250"},{"taxonomy":"post_tag","embeddable":true,"href":"http:\/\/fmriachuelo.it10.com.ar\/index.php\/wp-json\/wp\/v2\/tags?post=6250"}],"curies":[{"name":"wp","href":"https:\/\/api.w.org\/{rel}","templated":true}]}}