{"id":624,"date":"2015-03-31T13:27:00","date_gmt":"2015-03-31T13:27:00","guid":{"rendered":"http:\/\/fmriachuelo.observatorioess.org.ar\/index.php\/2015\/03\/31\/la-boca-vecinos-repudian-la-presencia-de-rodriguez-larreta\/"},"modified":"2025-03-27T13:07:45","modified_gmt":"2025-03-27T16:07:45","slug":"la-boca-vecinos-repudian-la-presencia-de-rodriguez-larreta","status":"publish","type":"post","link":"http:\/\/fmriachuelo.it10.com.ar\/index.php\/2015\/03\/31\/la-boca-vecinos-repudian-la-presencia-de-rodriguez-larreta\/","title":{"rendered":"LA BOCA: VECINOS REPUDIAN LA PRESENCIA DE RODRIGUEZ LARRETA"},"content":{"rendered":"<div style=\"text-align: center\">\n<div style=\"text-align: left\"><span style=\"color: red;font-family: verdana, sans-serif;font-size: large\"><b>ESCRACHARON A RODRIGUEZ LARRETA EN LA BOCA<\/b><\/span><\/div>\n<\/div>\n<div style=\"text-align: center\">\n<div style=\"text-align: left\"><\/div>\n<\/div>\n<div style=\"clear: both;text-align: center\"><a href=\"http:\/\/4.bp.blogspot.com\/-PFUf5DqQB6E\/VRqgb9IyTKI\/AAAAAAAADcg\/mDGmHjdtEeU\/s1600\/bar%2Broma.jpg\" style=\"clear: left;float: left;margin-bottom: 1em;margin-right: 1em;text-align: left\"><img loading=\"lazy\" decoding=\"async\" border=\"0\" src=\"http:\/\/4.bp.blogspot.com\/-PFUf5DqQB6E\/VRqgb9IyTKI\/AAAAAAAADcg\/mDGmHjdtEeU\/s1600\/bar%2Broma.jpg\" height=\"155\" width=\"320\" \/><\/a><\/div>\n<div style=\"text-align: left\">\n<div style=\"text-align: left\"><b><span style=\"font-family: arial, helvetica, sans-serif\"><span style=\"color: #222222;text-align: center\"><span style=\"font-size: medium\">[FMR Lunes 30\/03\/2015]<\/span><\/span><span style=\"color: #222222;font-size: 12.8px;text-align: center\">&nbsp;<\/span><span style=\"font-size: 14pt;line-height: 21.46px\">A<\/span><span style=\"font-size: 18.66px;line-height: 21.46px\">yer p<\/span><span style=\"font-size: 14pt;line-height: 21.46px\">or la tar<\/span><span style=\"font-size: 14pt;line-height: 21.46px\">de, el precandidato a jefe de Gobierno porte\u00f1o del PRO Horacio Rodr\u00edguez Larreta fue repudiado por un grupo vecinos mientras se dispon\u00eda a realizar una recorrida por las calles del barrio de La Boca. Este hecho lo oblig\u00f3 a refugiarse en un bar hist\u00f3rico situado en Olavarr\u00eda y Alte. Brown.<\/span><\/span><\/b><\/div>\n<\/div>\n<div style=\"text-align: left\"><span style=\"font-family: arial, helvetica, sans-serif\"><span style=\"font-size: 14pt;line-height: 21.46px\"><\/span><\/span><\/p>\n<div style=\"color: black;font-size: 13px;text-align: left\"><\/div>\n<p><span style=\"font-family: arial, helvetica, sans-serif\"><span style=\"font-size: 14pt;line-height: 21.46px\"><\/p>\n<div style=\"color: black;font-size: 13px;text-align: left\"><span style=\"font-size: 14pt;line-height: 21.46px\"><span style=\"font-family: arial, helvetica, sans-serif\">Compartimos el testimonio de uno de los vecinos movilizados por la presencia del candidato PRO:<\/span><\/span><\/div>\n<div style=\"color: black;font-size: 13px;text-align: left\"><span style=\"font-size: 14pt;line-height: 21.46px\"><a href=\"http:\/\/www.mediafire.com\/listen\/vxhajafapp95yk9\/20150330_-_OSCAR%2C_VECINO_REPUDIO_A_LARRETA_EN_LA_BOCA.mp3\"><span style=\"color: blue;font-family: Verdana, sans-serif\"><strong>OSCAR &#8211; VECINO DE LA BOCA<\/strong><\/span><\/a><\/span><\/div>\n<div style=\"color: black;font-size: 13px;text-align: left\"><\/div>\n<p><\/span><\/span><\/div>\n<div style=\"color: black;font-size: 13px;text-align: left\"><span style=\"font-size: 14pt;line-height: 21.46px\"><span style=\"font-family: arial, helvetica, sans-serif\">El escrache obedeci\u00f3, seg\u00fan los vecinos que all\u00ed se encontraban, a la falta de soluciones habitacionales que los aquejan diariamente, con desalojos que producen el desarraigo de los habitantes del barrio y los obliga a mudarse al otro lado del Riachuelo, o a\u00fan m\u00e1s lejos, a zonas donde carecen de los servicios b\u00e1sicos. Adem\u00e1s de la falta de pol\u00edticas de gobierno destinadas a los sectores que viven en el barrio. <\/span><\/span><\/div>\n<div style=\"color: black;font-size: 13px;text-align: left\"><span style=\"font-size: 14pt;line-height: 21.46px\"><span style=\"font-family: arial, helvetica, sans-serif\">&nbsp;<\/span><\/span><span style=\"font-size: 14pt;line-height: 21.46px\"><span style=\"font-family: arial, helvetica, sans-serif\">Otros reclamos que se hicieron o\u00edr fueron los constantes incendios, conventillos que se caen a pedazos, el mal estado&nbsp;y falta de mantenimiento&nbsp;de las calles del barrio&nbsp;y la falta de vacantes en los colegios de la zona.<\/span><\/span><\/div>\n<p><span style=\"font-size: 14pt;line-height: 21.46px\"><span style=\"font-family: arial, helvetica, sans-serif\"><\/span><\/span><\/p>\n<div style=\"color: black;font-size: 13px;text-align: left\"><\/div>\n<p><span style=\"font-size: 14pt;line-height: 21.46px\"><span style=\"font-family: arial, helvetica, sans-serif\"><\/span><\/p>\n<div style=\"color: black;font-size: 13px;text-align: left\"><\/div>\n<div style=\"color: black;font-size: 13px;text-align: left\"><\/div>\n<p><\/span><\/p>\n<div style=\"color: black;font-size: 13px;text-align: left\"><span style=\"font-size: 14pt;line-height: 21.46px\"><span style=\"color: blue;font-family: Verdana, sans-serif\">Fuente: Producci\u00f3n Riachuelo<\/span><\/span><\/div>\n<div style=\"clear: both;text-align: center\"><a href=\"http:\/\/4.bp.blogspot.com\/-odJEmbvs2q4\/VRqe1gf-PvI\/AAAAAAAADcU\/VDVaSOb4Xe8\/s1600\/COOP%2BRIACHIUELO%2BPRODUCCIONES.jpg\" style=\"clear: left;float: left;margin-bottom: 1em;margin-right: 1em;text-align: left\"><img loading=\"lazy\" decoding=\"async\" border=\"0\" src=\"http:\/\/4.bp.blogspot.com\/-odJEmbvs2q4\/VRqe1gf-PvI\/AAAAAAAADcU\/VDVaSOb4Xe8\/s1600\/COOP%2BRIACHIUELO%2BPRODUCCIONES.jpg\" height=\"58\" width=\"200\" \/><\/a><\/div>\n<div style=\"color: black;font-size: 13px;text-align: left\"><\/div>\n","protected":false},"excerpt":{"rendered":"<p>ESCRACHARON A RODRIGUEZ LARRETA EN LA BOCA [FMR Lunes 30\/03\/2015]&nbsp;Ayer por la tarde, el precandidato a jefe de Gobierno porte\u00f1o del PRO Horacio Rodr\u00edguez Larreta fue repudiado por un grupo vecinos mientras se dispon\u00eda a realizar una recorrida por las calles del barrio de La Boca. Este hecho lo oblig\u00f3 a refugiarse en un bar [&hellip;]<\/p>\n","protected":false},"author":4,"featured_media":0,"comment_status":"open","ping_status":"open","sticky":false,"template":"","format":"standard","meta":{"_monsterinsights_skip_tracking":false,"_monsterinsights_sitenote_active":false,"_monsterinsights_sitenote_note":"","_monsterinsights_sitenote_category":0,"jnews-multi-image_gallery":[],"jnews_single_post":{"format":"standard"},"jnews_primary_category":[],"_joinchat":[],"footnotes":""},"categories":[58],"tags":[157],"class_list":["post-624","post","type-post","status-publish","format-standard","hentry","category-noticiariachuelo","tag-nadie-se-salva-solo"],"_links":{"self":[{"href":"http:\/\/fmriachuelo.it10.com.ar\/index.php\/wp-json\/wp\/v2\/posts\/624","targetHints":{"allow":["GET"]}}],"collection":[{"href":"http:\/\/fmriachuelo.it10.com.ar\/index.php\/wp-json\/wp\/v2\/posts"}],"about":[{"href":"http:\/\/fmriachuelo.it10.com.ar\/index.php\/wp-json\/wp\/v2\/types\/post"}],"author":[{"embeddable":true,"href":"http:\/\/fmriachuelo.it10.com.ar\/index.php\/wp-json\/wp\/v2\/users\/4"}],"replies":[{"embeddable":true,"href":"http:\/\/fmriachuelo.it10.com.ar\/index.php\/wp-json\/wp\/v2\/comments?post=624"}],"version-history":[{"count":1,"href":"http:\/\/fmriachuelo.it10.com.ar\/index.php\/wp-json\/wp\/v2\/posts\/624\/revisions"}],"predecessor-version":[{"id":22925,"href":"http:\/\/fmriachuelo.it10.com.ar\/index.php\/wp-json\/wp\/v2\/posts\/624\/revisions\/22925"}],"wp:attachment":[{"href":"http:\/\/fmriachuelo.it10.com.ar\/index.php\/wp-json\/wp\/v2\/media?parent=624"}],"wp:term":[{"taxonomy":"category","embeddable":true,"href":"http:\/\/fmriachuelo.it10.com.ar\/index.php\/wp-json\/wp\/v2\/categories?post=624"},{"taxonomy":"post_tag","embeddable":true,"href":"http:\/\/fmriachuelo.it10.com.ar\/index.php\/wp-json\/wp\/v2\/tags?post=624"}],"curies":[{"name":"wp","href":"https:\/\/api.w.org\/{rel}","templated":true}]}}