{"id":6238,"date":"2018-01-19T16:39:12","date_gmt":"2018-01-19T16:39:12","guid":{"rendered":"http:\/\/fmriachuelo.com.ar\/?p=6238"},"modified":"2018-01-19T16:39:12","modified_gmt":"2018-01-19T16:39:12","slug":"asamblea-abierta-por-los-despidos-en-el-hospital-posadas","status":"publish","type":"post","link":"http:\/\/fmriachuelo.it10.com.ar\/index.php\/2018\/01\/19\/asamblea-abierta-por-los-despidos-en-el-hospital-posadas\/","title":{"rendered":"ASAMBLEA ABIERTA POR LOS  DESPIDOS EN EL  HOSPITAL POSADAS"},"content":{"rendered":"<p>[FM RIACHUELO 17\/01\/2018] En el d\u00eda de hoy, los trabajadores despedidos del Hospital Posadas organizaron una asamblea general abierta, para reclamar por los despidos que se vienen dando en distintos sectores \u00a0para repudiar y organizarse por \u00a0el continuo ataque que lleva este Gobierno.<\/p>\n<p>La Secretaria de DDHH de la CTEP estuvo presente adem\u00e1s participaron sectores sindicales, pol\u00edticos, organizaciones sociales y de Derechos Humanos.<\/p>\n<p>Tambi\u00e9n invitaron a\u00a0 trabajadores de otros sectores para\u00a0 acompa\u00f1arlos en la lucha diaria, por todos los despidos constantes en el Estado. En la asamblea llamaron \u00a0a toda la comunidad en general a participar\u00a0 para poder enfrentar estas pol\u00edticas de ajuste.<\/p>\n<p>FM Riachuelo 100.9 dialog\u00f3 con Mirta presidenta de la Asociaci\u00f3n Sindical de profesionales de la Salud de la provincia de Buenos Aires (CICOP) que se refiri\u00f3 a la situaci\u00f3n del Hospital \u201chay un ataque feroz a la salud p\u00fablica en todo el pa\u00eds. Una clara pol\u00edtica de aplicaci\u00f3n de reforma laboral para poder llegar a un sistema de salud en el que el pobre siga siendo m\u00e1s pobre\u201d.<\/p>\n<p><iframe loading=\"lazy\" title=\"19-01-2018 DESPIDOS Y ASAMBLEA EN EL HOSPITAL POSADAS by FMR\" width=\"500\" height=\"450\" scrolling=\"no\" frameborder=\"no\" src=\"https:\/\/w.soundcloud.com\/player\/?visual=true&#038;url=https%3A%2F%2Fapi.soundcloud.com%2Fplaylists%2F426807158&#038;show_artwork=true&#038;maxheight=750&#038;maxwidth=500\"><\/iframe><\/p>\n<p>Por otro lado agreg\u00f3 \u201cadem\u00e1s hay un ataque feroz a los sindicatos combativos a los delegados y enfermeros que luchan\u201d.<\/p>\n<p>En la asamblea se resolvi\u00f3 convocar a un paro para el d\u00eda martes por 24 horas con algunas medidas de acci\u00f3n como cortes en la Autopista del Oeste.<\/p>\n<p>En consecuencia el pr\u00f3ximo lunes habr\u00e1 una reuni\u00f3n para armar una comisi\u00f3n de las distintas actividades y adhesiones, con el fin de organizar una comisi\u00f3n de soporte entre la comunidad y los pacientes \u00a0para hacerle frente a esta lucha en unidad.<\/p>\n","protected":false},"excerpt":{"rendered":"<p>[FM RIACHUELO 17\/01\/2018] En el d\u00eda de hoy, los trabajadores despedidos del Hospital Posadas organizaron una asamblea general abierta, para reclamar por los despidos que se vienen dando en distintos sectores \u00a0para repudiar y organizarse por \u00a0el continuo ataque que lleva este Gobierno. La Secretaria de DDHH de la CTEP estuvo presente adem\u00e1s participaron sectores [&hellip;]<\/p>\n","protected":false},"author":5,"featured_media":6239,"comment_status":"open","ping_status":"open","sticky":false,"template":"","format":"standard","meta":{"_monsterinsights_skip_tracking":false,"_monsterinsights_sitenote_active":false,"_monsterinsights_sitenote_note":"","_monsterinsights_sitenote_category":0,"jnews-multi-image_gallery":[],"jnews_single_post":[],"jnews_primary_category":[],"_joinchat":[],"footnotes":""},"categories":[76,74,77],"tags":[],"class_list":["post-6238","post","type-post","status-publish","format-standard","has-post-thumbnail","hentry","category-salud-comunitaria","category-san-cayetano","category-soberania"],"_links":{"self":[{"href":"http:\/\/fmriachuelo.it10.com.ar\/index.php\/wp-json\/wp\/v2\/posts\/6238","targetHints":{"allow":["GET"]}}],"collection":[{"href":"http:\/\/fmriachuelo.it10.com.ar\/index.php\/wp-json\/wp\/v2\/posts"}],"about":[{"href":"http:\/\/fmriachuelo.it10.com.ar\/index.php\/wp-json\/wp\/v2\/types\/post"}],"author":[{"embeddable":true,"href":"http:\/\/fmriachuelo.it10.com.ar\/index.php\/wp-json\/wp\/v2\/users\/5"}],"replies":[{"embeddable":true,"href":"http:\/\/fmriachuelo.it10.com.ar\/index.php\/wp-json\/wp\/v2\/comments?post=6238"}],"version-history":[{"count":0,"href":"http:\/\/fmriachuelo.it10.com.ar\/index.php\/wp-json\/wp\/v2\/posts\/6238\/revisions"}],"wp:featuredmedia":[{"embeddable":true,"href":"http:\/\/fmriachuelo.it10.com.ar\/index.php\/wp-json\/wp\/v2\/media\/6239"}],"wp:attachment":[{"href":"http:\/\/fmriachuelo.it10.com.ar\/index.php\/wp-json\/wp\/v2\/media?parent=6238"}],"wp:term":[{"taxonomy":"category","embeddable":true,"href":"http:\/\/fmriachuelo.it10.com.ar\/index.php\/wp-json\/wp\/v2\/categories?post=6238"},{"taxonomy":"post_tag","embeddable":true,"href":"http:\/\/fmriachuelo.it10.com.ar\/index.php\/wp-json\/wp\/v2\/tags?post=6238"}],"curies":[{"name":"wp","href":"https:\/\/api.w.org\/{rel}","templated":true}]}}