{"id":6231,"date":"2018-01-18T14:34:44","date_gmt":"2018-01-18T14:34:44","guid":{"rendered":"http:\/\/fmriachuelo.com.ar\/?p=6231"},"modified":"2018-01-18T14:34:44","modified_gmt":"2018-01-18T14:34:44","slug":"despidos-en-fanazultienen-la-claridad-de-que-no-es-una-cuestion-individual","status":"publish","type":"post","link":"http:\/\/fmriachuelo.it10.com.ar\/index.php\/2018\/01\/18\/despidos-en-fanazultienen-la-claridad-de-que-no-es-una-cuestion-individual\/","title":{"rendered":"DESPIDOS EN FANAZUL:\u201dTIENEN LA CLARIDAD DE QUE NO ES UNA CUESTI\u00d3N INDIVIDUAL\u201d"},"content":{"rendered":"<p>[FM Riachuelo 18\/01\/2018]El d\u00eda martes, los trabajadores de FANAZUL recibieron la visita de Lito Borello, secretario de DDHH de la CTEP quien estuvo presente en la localidad de Azul para acompa\u00f1ar\u00a0 el acampe que sostienen a metros de la municipalidad.<\/p>\n<p><iframe loading=\"lazy\" title=\"17-01-2018- VISITA DE LITO BORELLO (Sec. DDHH CTEP)  A LOS TRABAJADORES DE FANAZUL by FMR\" width=\"500\" height=\"450\" scrolling=\"no\" frameborder=\"no\" src=\"https:\/\/w.soundcloud.com\/player\/?visual=true&#038;url=https%3A%2F%2Fapi.soundcloud.com%2Fplaylists%2F425367599&#038;show_artwork=true&#038;maxheight=750&#038;maxwidth=500\"><\/iframe><\/p>\n<p>Ya son m\u00e1s de 200 los despedidos en la planta de fabricaciones militares de FANAZUL, en el marco de las pol\u00edticas desplegadas por el gobierno de Mauricio Macri. Es por esto que los trabajadores han iniciado un acampe a escasos metros de las puertas de la municipalidad de esa localidad, para repudiar el accionar de los directivos de la f\u00e1brica y sostener la lucha por sus derechos.<\/p>\n<p>Entre tanto, el pueblo de Azul se solidariz\u00f3 con los trabajadores, creando un nivel de adhesi\u00f3n inesperado con la poblaci\u00f3n, quienes sostuvieron una gran masividad en las marchas, en las distintas actividades organizadas por los despedidos, as\u00ed como tambi\u00e9n en el sostenimiento del acampe a trav\u00e9s de la donaci\u00f3n de alimentos.<\/p>\n<p>Lito Borello visit\u00f3 la localidad de FANAZUL para manifestar la solidaridad de la CTEP para con los trabajadores, como as\u00ed tambi\u00e9n trasmiti\u00f3 un afectuoso saludo de parte de Gringo Castro, Secretario General de la Confederaci\u00f3n de Trabajadores de la Econom\u00eda Popular.<\/p>\n<p>FM Riachuelo 100.9 entrevist\u00f3 a Lito Borello, quien sostuvo lo siguiente: \u201cEsto no es un hecho aislado, sino que est\u00e1 inscripto en el marco de las pol\u00edticas del mal gobierno de Mauricio Macri, en tanto agreden cotidianamente a los trabajadores y a los sectores populares\u201d. Adem\u00e1s coment\u00f3 que los trabajadores \u201ctienen la disposici\u00f3n de seguir peleando, as\u00ed como tambi\u00e9n la claridad de que no es una cuesti\u00f3n individual, lo cual resulta enaltecedor\u201d<\/p>\n","protected":false},"excerpt":{"rendered":"<p>[FM Riachuelo 18\/01\/2018]El d\u00eda martes, los trabajadores de FANAZUL recibieron la visita de Lito Borello, secretario de DDHH de la CTEP quien estuvo presente en la localidad de Azul para acompa\u00f1ar\u00a0 el acampe que sostienen a metros de la municipalidad. Ya son m\u00e1s de 200 los despedidos en la planta de fabricaciones militares de FANAZUL, [&hellip;]<\/p>\n","protected":false},"author":5,"featured_media":6232,"comment_status":"open","ping_status":"open","sticky":false,"template":"","format":"standard","meta":{"_monsterinsights_skip_tracking":false,"_monsterinsights_sitenote_active":false,"_monsterinsights_sitenote_note":"","_monsterinsights_sitenote_category":0,"jnews-multi-image_gallery":[],"jnews_single_post":[],"jnews_primary_category":[],"_joinchat":[],"footnotes":""},"categories":[76,75],"tags":[],"class_list":["post-6231","post","type-post","status-publish","format-standard","has-post-thumbnail","hentry","category-salud-comunitaria","category-trabajo"],"_links":{"self":[{"href":"http:\/\/fmriachuelo.it10.com.ar\/index.php\/wp-json\/wp\/v2\/posts\/6231","targetHints":{"allow":["GET"]}}],"collection":[{"href":"http:\/\/fmriachuelo.it10.com.ar\/index.php\/wp-json\/wp\/v2\/posts"}],"about":[{"href":"http:\/\/fmriachuelo.it10.com.ar\/index.php\/wp-json\/wp\/v2\/types\/post"}],"author":[{"embeddable":true,"href":"http:\/\/fmriachuelo.it10.com.ar\/index.php\/wp-json\/wp\/v2\/users\/5"}],"replies":[{"embeddable":true,"href":"http:\/\/fmriachuelo.it10.com.ar\/index.php\/wp-json\/wp\/v2\/comments?post=6231"}],"version-history":[{"count":0,"href":"http:\/\/fmriachuelo.it10.com.ar\/index.php\/wp-json\/wp\/v2\/posts\/6231\/revisions"}],"wp:featuredmedia":[{"embeddable":true,"href":"http:\/\/fmriachuelo.it10.com.ar\/index.php\/wp-json\/wp\/v2\/media\/6232"}],"wp:attachment":[{"href":"http:\/\/fmriachuelo.it10.com.ar\/index.php\/wp-json\/wp\/v2\/media?parent=6231"}],"wp:term":[{"taxonomy":"category","embeddable":true,"href":"http:\/\/fmriachuelo.it10.com.ar\/index.php\/wp-json\/wp\/v2\/categories?post=6231"},{"taxonomy":"post_tag","embeddable":true,"href":"http:\/\/fmriachuelo.it10.com.ar\/index.php\/wp-json\/wp\/v2\/tags?post=6231"}],"curies":[{"name":"wp","href":"https:\/\/api.w.org\/{rel}","templated":true}]}}