{"id":6224,"date":"2018-01-17T22:28:15","date_gmt":"2018-01-17T22:28:15","guid":{"rendered":"http:\/\/fmriachuelo.com.ar\/?p=6224"},"modified":"2018-01-17T22:28:15","modified_gmt":"2018-01-17T22:28:15","slug":"trabajadores-denuncian-despidos-en-el-area-de-ddhh-del-ministerio-de-defensa","status":"publish","type":"post","link":"http:\/\/fmriachuelo.it10.com.ar\/index.php\/2018\/01\/17\/trabajadores-denuncian-despidos-en-el-area-de-ddhh-del-ministerio-de-defensa\/","title":{"rendered":"TRABAJADORES DENUNCIAN DESPIDOS EN EL \u00c1REA DE DDHH DEL MINISTERIO DE DEFENSA"},"content":{"rendered":"<p>[FM RIACHUELO 17\/01\/2018] En el d\u00eda de hoy, Fm Riachuelo se hizo presente y acompa\u00f1o en la conferencia de prensa que brindaron\u00a0 los trabajadores del estado, por los despidos y para denunciar el vaciamiento de las pol\u00edticas de Derechos Humanos en el Ministerio de Defensa.<\/p>\n<p>Este mi\u00e9rcoles se realiz\u00f3 una conferencia en repudio y para apoyar a los compa\u00f1eros despedidos del \u00e1rea de DDHH que trabajan en las causas de lesa humanidad.<\/p>\n<p>La conferencia situada en la Asamblea Permanente por los Derechos Humanos APDH fue realizada\u00a0 en Avenida Callao 569, comenz\u00f3 a las 11:30 hs. con la presencia de la Asociaci\u00f3n de Trabajadores del Estado (ATE), organismos de Derechos Humanos, que se sumaron para repudiar los despidos incesantes desde la llegada al gobierno del Presidente Mauricio Macri.<\/p>\n<p><iframe loading=\"lazy\" title=\"17\/01\/2018 - CONF PRENSA DDHH -DESPIDOS MINISTERIO DE DEFENSA by FMR\" width=\"500\" height=\"450\" scrolling=\"no\" frameborder=\"no\" src=\"https:\/\/w.soundcloud.com\/player\/?visual=true&#038;url=https%3A%2F%2Fapi.soundcloud.com%2Fplaylists%2F425311886&#038;show_artwork=true&#038;maxheight=750&#038;maxwidth=500\"><\/iframe><\/p>\n<p>La lucha es una constante del d\u00eda a d\u00eda\u00a0 que se refleja\u00a0 desde la asunci\u00f3n del gobierno en el 2015, los despidos permanentes en todas las \u00e1reas del estado que\u00a0 vienen sufriendo los trabajadores, y el vaciamiento de las pol\u00edticas p\u00fablicas.<\/p>\n<p>El dirigente H\u00e9ctor \u201cPelusa\u201d Carrica, delegado de ATE nacional, habl\u00f3 y \u00a0se\u00f1alo el atropello de este gobierno, dijo\u00a0 \u201cpodr\u00e1n tener carros de asalto, podr\u00e1n tener carros hidrantes, podr\u00e1n tener motos que callan a los militantes, pero nuestro pueblo no va para atr\u00e1s\u201d.<\/p>\n<p>Tambi\u00e9n agrego, \u201chay una experiencia de lucha acumulada en nuestro pueblo, que es ejemplar, que es lo que no est\u00e1n teniendo en cuenta con la soberbia que expresan con la impunidad de este gobierno de oligarcas, este gobierno que expresa al colonialismo m\u00e1s feroz y \u00a0la entrega de la naci\u00f3n\u201d.El delegado expreso \u00a0\u201cest\u00e1n poniendo al movimiento obrero de rodillas para cumplir con el mandato del Fondo Monetario Internacional \u201d.<\/p>\n<p>Tambi\u00e9n participo de la conferencia Taty Almeida referente de Madres de Plaza de Mayo l\u00ednea fundadora, qui\u00e9n acompa\u00f1o con solidaridad y saludos de todas las madres. Sostuvo, \u201ces lamentable lo que estamos viendo, sintiendo los despidos masivos, desde que asumi\u00f3 Macri\u00bb\u00a0 por otro lado aseguro \u201ctodos los d\u00edas se violan los derechos humanos\u201d, haciendo menci\u00f3n a la situaci\u00f3n de presos pol\u00edticos como Milagro Sala, recordando la desaparici\u00f3n forzada y asesinato de Santiago Maldonado y de Rafael Nahuel. Agrego, \u201ctenemos que seguir tomando las calles, poniendo el cuerpo, siempre de manera pac\u00edfica\u201d.<\/p>\n<p>Por \u00faltimo hablo Francisco que es uno de los trabajadores despedidos que trabajaba en el sector\u00a0 de archivo del ej\u00e9rcito. Denuncio el desmantelamiento\u00a0 e hizo referencia a su puesto de\u00a0 \u00a0trabajo, describiendo la importancia de estos equipos\u00a0 para investigar todo lo relacionado con las fuerzas armadas durante los periodos de dictadura y respaldar los procesos de Memoria, Verdad y Justicia.<\/p>\n<p>&nbsp;<\/p>\n","protected":false},"excerpt":{"rendered":"<p>[FM RIACHUELO 17\/01\/2018] En el d\u00eda de hoy, Fm Riachuelo se hizo presente y acompa\u00f1o en la conferencia de prensa que brindaron\u00a0 los trabajadores del estado, por los despidos y para denunciar el vaciamiento de las pol\u00edticas de Derechos Humanos en el Ministerio de Defensa. Este mi\u00e9rcoles se realiz\u00f3 una conferencia en repudio y para [&hellip;]<\/p>\n","protected":false},"author":5,"featured_media":6225,"comment_status":"open","ping_status":"open","sticky":false,"template":"","format":"standard","meta":{"_monsterinsights_skip_tracking":false,"_monsterinsights_sitenote_active":false,"_monsterinsights_sitenote_note":"","_monsterinsights_sitenote_category":0,"jnews-multi-image_gallery":[],"jnews_single_post":[],"jnews_primary_category":[],"_joinchat":[],"footnotes":""},"categories":[76,74,77],"tags":[],"class_list":["post-6224","post","type-post","status-publish","format-standard","has-post-thumbnail","hentry","category-salud-comunitaria","category-san-cayetano","category-soberania"],"_links":{"self":[{"href":"http:\/\/fmriachuelo.it10.com.ar\/index.php\/wp-json\/wp\/v2\/posts\/6224","targetHints":{"allow":["GET"]}}],"collection":[{"href":"http:\/\/fmriachuelo.it10.com.ar\/index.php\/wp-json\/wp\/v2\/posts"}],"about":[{"href":"http:\/\/fmriachuelo.it10.com.ar\/index.php\/wp-json\/wp\/v2\/types\/post"}],"author":[{"embeddable":true,"href":"http:\/\/fmriachuelo.it10.com.ar\/index.php\/wp-json\/wp\/v2\/users\/5"}],"replies":[{"embeddable":true,"href":"http:\/\/fmriachuelo.it10.com.ar\/index.php\/wp-json\/wp\/v2\/comments?post=6224"}],"version-history":[{"count":0,"href":"http:\/\/fmriachuelo.it10.com.ar\/index.php\/wp-json\/wp\/v2\/posts\/6224\/revisions"}],"wp:featuredmedia":[{"embeddable":true,"href":"http:\/\/fmriachuelo.it10.com.ar\/index.php\/wp-json\/wp\/v2\/media\/6225"}],"wp:attachment":[{"href":"http:\/\/fmriachuelo.it10.com.ar\/index.php\/wp-json\/wp\/v2\/media?parent=6224"}],"wp:term":[{"taxonomy":"category","embeddable":true,"href":"http:\/\/fmriachuelo.it10.com.ar\/index.php\/wp-json\/wp\/v2\/categories?post=6224"},{"taxonomy":"post_tag","embeddable":true,"href":"http:\/\/fmriachuelo.it10.com.ar\/index.php\/wp-json\/wp\/v2\/tags?post=6224"}],"curies":[{"name":"wp","href":"https:\/\/api.w.org\/{rel}","templated":true}]}}