{"id":6218,"date":"2018-01-16T20:13:25","date_gmt":"2018-01-16T20:13:25","guid":{"rendered":"http:\/\/fmriachuelo.com.ar\/?p=6218"},"modified":"2018-01-16T20:13:25","modified_gmt":"2018-01-16T20:13:25","slug":"protesta-en-la-puerta-del-estadio-boca-jrs-en-contra-del-enrejado-de-los-campitos","status":"publish","type":"post","link":"http:\/\/fmriachuelo.it10.com.ar\/index.php\/2018\/01\/16\/protesta-en-la-puerta-del-estadio-boca-jrs-en-contra-del-enrejado-de-los-campitos\/","title":{"rendered":"PROTESTA EN LA PUERTA DEL ESTADIO BOCA JRS EN CONTRA DEL ENREJADO DE LOS CAMPITOS"},"content":{"rendered":"<p>[FM Riachuelo 16\/01\/2018] Durante este\u00a0 mediod\u00eda se llev\u00f3 a cabo una protesta frente a las puertas del Estadio Boca Jrs para rechazar\u00a0el enrejado del predio \u00abel campito\u00bb\u00a0 ubicado en\u00a0 Casa Amarilla.<\/p>\n<p>El lunes\u00a0 el Club Boca Juniors dio inicio al enrejado de los terrenos\u00a0 debido a esta situaci\u00f3n los vecinos\u00a0 se autoconvocaron el d\u00eda de ayer\u00a0 donde se realiz\u00f3 una asamblea y se tomo la decisi\u00f3n de marchar hoy a las puertas de la \u00abBombonera\u00bb,esperando a que alg\u00fan directivo diera respuestas.<\/p>\n<p><img loading=\"lazy\" decoding=\"async\" class=\"alignnone size-medium wp-image-6221\" src=\"http:\/\/fmriachuelo.com.ar\/wp-content\/uploads\/2018\/01\/WhatsApp-Image-2018-01-16-at-12.30.24-1-300x200.jpeg\" alt=\"\" width=\"300\" height=\"200\" srcset=\"http:\/\/fmriachuelo.it10.com.ar\/wp-content\/uploads\/2018\/01\/WhatsApp-Image-2018-01-16-at-12.30.24-1-300x200.jpeg 300w, http:\/\/fmriachuelo.it10.com.ar\/wp-content\/uploads\/2018\/01\/WhatsApp-Image-2018-01-16-at-12.30.24-1-1024x683.jpeg 1024w, http:\/\/fmriachuelo.it10.com.ar\/wp-content\/uploads\/2018\/01\/WhatsApp-Image-2018-01-16-at-12.30.24-1-768x512.jpeg 768w, http:\/\/fmriachuelo.it10.com.ar\/wp-content\/uploads\/2018\/01\/WhatsApp-Image-2018-01-16-at-12.30.24-1-750x500.jpeg 750w, http:\/\/fmriachuelo.it10.com.ar\/wp-content\/uploads\/2018\/01\/WhatsApp-Image-2018-01-16-at-12.30.24-1-1140x761.jpeg 1140w, http:\/\/fmriachuelo.it10.com.ar\/wp-content\/uploads\/2018\/01\/WhatsApp-Image-2018-01-16-at-12.30.24-1.jpeg 1280w\" sizes=\"auto, (max-width: 300px) 100vw, 300px\" \/><\/p>\n<p>FM Riachuelo 100.9 estuvo presente en el lugar y entrevist\u00f3 a una vecina quien nos coment\u00f3 lo siguiente: \u00abA mi me vinieron a tazar mi casa y se que a la larga van a hacer de todo esto un club, porque no les alcanza el espacio\u00bb.Adem\u00e1s repudio el hecho diciendo \u00abno est\u00e1 bueno que tomen terrenos que le pertenecen al barrio,ya que nuestros hijos\u00a0 los utilizan para realizar\u00a0 diferentes actividades deportivas y recreativas\u00bb.<\/p>\n<p>Luego de unas horas sin ser atendidos por ninguna autoridad del club los vecinxs\u00a0 realizaron\u00a0 una asamblea frente al ingreso del estadio,\u00a0 donde se decidi\u00f3 volver en el d\u00eda de ma\u00f1ana para realizar un corte de calle\u00a0 hasta recibir respuesta.<\/p>\n","protected":false},"excerpt":{"rendered":"<p>[FM Riachuelo 16\/01\/2018] Durante este\u00a0 mediod\u00eda se llev\u00f3 a cabo una protesta frente a las puertas del Estadio Boca Jrs para rechazar\u00a0el enrejado del predio \u00abel campito\u00bb\u00a0 ubicado en\u00a0 Casa Amarilla. El lunes\u00a0 el Club Boca Juniors dio inicio al enrejado de los terrenos\u00a0 debido a esta situaci\u00f3n los vecinos\u00a0 se autoconvocaron el d\u00eda de [&hellip;]<\/p>\n","protected":false},"author":5,"featured_media":6219,"comment_status":"open","ping_status":"open","sticky":false,"template":"","format":"standard","meta":{"_monsterinsights_skip_tracking":false,"_monsterinsights_sitenote_active":false,"_monsterinsights_sitenote_note":"","_monsterinsights_sitenote_category":0,"jnews-multi-image_gallery":[],"jnews_single_post":[],"jnews_primary_category":[],"_joinchat":[],"footnotes":""},"categories":[79,76,74],"tags":[],"class_list":["post-6218","post","type-post","status-publish","format-standard","has-post-thumbnail","hentry","category-nadie-se-salva-solo","category-salud-comunitaria","category-san-cayetano"],"_links":{"self":[{"href":"http:\/\/fmriachuelo.it10.com.ar\/index.php\/wp-json\/wp\/v2\/posts\/6218","targetHints":{"allow":["GET"]}}],"collection":[{"href":"http:\/\/fmriachuelo.it10.com.ar\/index.php\/wp-json\/wp\/v2\/posts"}],"about":[{"href":"http:\/\/fmriachuelo.it10.com.ar\/index.php\/wp-json\/wp\/v2\/types\/post"}],"author":[{"embeddable":true,"href":"http:\/\/fmriachuelo.it10.com.ar\/index.php\/wp-json\/wp\/v2\/users\/5"}],"replies":[{"embeddable":true,"href":"http:\/\/fmriachuelo.it10.com.ar\/index.php\/wp-json\/wp\/v2\/comments?post=6218"}],"version-history":[{"count":0,"href":"http:\/\/fmriachuelo.it10.com.ar\/index.php\/wp-json\/wp\/v2\/posts\/6218\/revisions"}],"wp:featuredmedia":[{"embeddable":true,"href":"http:\/\/fmriachuelo.it10.com.ar\/index.php\/wp-json\/wp\/v2\/media\/6219"}],"wp:attachment":[{"href":"http:\/\/fmriachuelo.it10.com.ar\/index.php\/wp-json\/wp\/v2\/media?parent=6218"}],"wp:term":[{"taxonomy":"category","embeddable":true,"href":"http:\/\/fmriachuelo.it10.com.ar\/index.php\/wp-json\/wp\/v2\/categories?post=6218"},{"taxonomy":"post_tag","embeddable":true,"href":"http:\/\/fmriachuelo.it10.com.ar\/index.php\/wp-json\/wp\/v2\/tags?post=6218"}],"curies":[{"name":"wp","href":"https:\/\/api.w.org\/{rel}","templated":true}]}}