{"id":620,"date":"2015-04-01T02:23:00","date_gmt":"2015-04-01T02:23:00","guid":{"rendered":"http:\/\/fmriachuelo.observatorioess.org.ar\/index.php\/2015\/04\/01\/venezuela-lanza-una-contraofensiva-frente-a-la-amenaza-de-ee-uu\/"},"modified":"2025-03-27T13:11:27","modified_gmt":"2025-03-27T16:11:27","slug":"venezuela-lanza-una-contraofensiva-frente-a-la-amenaza-de-ee-uu","status":"publish","type":"post","link":"http:\/\/fmriachuelo.it10.com.ar\/index.php\/2015\/04\/01\/venezuela-lanza-una-contraofensiva-frente-a-la-amenaza-de-ee-uu\/","title":{"rendered":"VENEZUELA LANZA UNA CONTRAOFENSIVA FRENTE A LA AMENAZA DE EE.UU."},"content":{"rendered":"<p><span style=\"color: red;font-family: Verdana, sans-serif;font-size: large\"><strong>RESPUESTA CON EL RESPALDO DE LOS ORGANISMOS DE LA PATRIA GRANDE<\/strong><\/span><br \/><span style=\"font-family: Verdana, sans-serif\"><strong>Venezuela denunciar\u00e1 a EE.UU. ante la ONU<\/strong><\/span><br \/><strong><span style=\"font-family: Verdana\"><\/span><\/strong><\/p>\n<div style=\"clear: both;text-align: center\"><a href=\"http:\/\/4.bp.blogspot.com\/-epNL0__jl5c\/VRtVf3z9H4I\/AAAAAAAADdo\/d8pBHXGC78o\/s1600\/obamadecreto1a_jpg_1280354062.jpg\" style=\"clear: left;float: left;margin-bottom: 1em;margin-right: 1em\"><img decoding=\"async\" border=\"0\" src=\"http:\/\/4.bp.blogspot.com\/-epNL0__jl5c\/VRtVf3z9H4I\/AAAAAAAADdo\/d8pBHXGC78o\/s1600\/obamadecreto1a_jpg_1280354062.jpg\" \/><\/a><\/div>\n<p><span style=\"font-family: Verdana, sans-serif\">En entrevista exclusiva para teleSUR, el embajador de Venezuela ante la ONU, Rafael Ram\u00edrez, inform\u00f3 que su pa\u00eds denunciar\u00e1 ante las Naciones Unidas al gobierno de Estados Unidos por el<\/span><span style=\"font-family: Verdana, sans-serif\"> decreto en el que los declara como una amenaza<\/span><span style=\"font-family: Verdana, sans-serif\"> para la seguridad de ese pa\u00eds.  <\/p>\n<p>Se\u00f1al\u00f3 que para esta acci\u00f3n, el gobierno venezolano presentar\u00e1 el respaldo de organismos como<\/span><span style=\"font-family: Verdana, sans-serif\"> Celac<\/span><span style=\"font-family: Verdana, sans-serif\">, <\/span><span style=\"font-family: Verdana, sans-serif\">Unasur<\/span><span style=\"font-family: Verdana, sans-serif\"> y el <\/span><span style=\"font-family: Verdana, sans-serif\">Alba<\/span><span style=\"font-family: Verdana, sans-serif\">.  <\/p>\n<p>Ram\u00edrez recalc\u00f3 que el proceso bolivariano tiene mucha fortaleza y se ha ganado el respeto y solidaridad de la comunidad internacional. \u201cLa mayor\u00eda de los pa\u00edses est\u00e1n hartos de estas decisiones\u00bb. <\/p>\n<p>\u201cVamos a hacer una jornada extensa de denuncia por la agresi\u00f3n de la que es objeto nuestro pa\u00eds, explicaremos nuestras razones y presentaremos la solicitud que junto a otros pa\u00edses del mundo hacemos al presidente Obama, de que derogue el decreto contra Venezuela\u201d, se\u00f1al\u00f3.<\/p>\n<p> <\/span><br \/><span style=\"font-family: Verdana, sans-serif\"><\/span><a name='more'><\/a><span style=\"font-family: Verdana, sans-serif\">Destac\u00f3 que en la comunidad internacional existe \u00abuna reacci\u00f3n de indignaci\u00f3n, extra\u00f1eza, de rechazo de las medidas. Todos estos comunicados coinciden en pedirle al gobierno del presidente Obama que derogue el decreto que de manera ilegal ha emitido y que viola todos los principios de la carta de las Naciones y lo establecido en el derecho internacional\u00bb. <\/p>\n<p>Ram\u00edrez dijo que una de las fortalezas que posee Venezuela \u201ces la pol\u00edtica exterior construida por el presidente Ch\u00e1vez, esto es parte de su legado y se cre\u00f3 un espacio seguro para nuestra regi\u00f3n. Hemos desempe\u00f1ado distintos roles y momentos de la Revoluci\u00f3n, asumimos la tarea con humildad, hemos tenido que hacer mucho ejercicio de la pol\u00edtica para llevar nuestras ideas al mundo\u00bb, agrega. <\/span><br \/><span style=\"color: blue;font-family: Verdana\">Fuente: Telesur, Producci\u00f3n Riachuelo<\/span><\/p>\n<div style=\"clear: both;text-align: center\"><a href=\"http:\/\/1.bp.blogspot.com\/-FZV187ulAL4\/VRtWOygVR0I\/AAAAAAAADdw\/RpM77t47aM8\/s1600\/COOP%2BRIACHIUELO%2BPRODUCCIONES.jpg\" style=\"clear: left;float: left;margin-bottom: 1em;margin-right: 1em\"><img loading=\"lazy\" decoding=\"async\" border=\"0\" src=\"http:\/\/1.bp.blogspot.com\/-FZV187ulAL4\/VRtWOygVR0I\/AAAAAAAADdw\/RpM77t47aM8\/s1600\/COOP%2BRIACHIUELO%2BPRODUCCIONES.jpg\" height=\"58\" width=\"200\" \/><\/a><\/div>\n","protected":false},"excerpt":{"rendered":"<p>RESPUESTA CON EL RESPALDO DE LOS ORGANISMOS DE LA PATRIA GRANDEVenezuela denunciar\u00e1 a EE.UU. ante la ONU En entrevista exclusiva para teleSUR, el embajador de Venezuela ante la ONU, Rafael Ram\u00edrez, inform\u00f3 que su pa\u00eds denunciar\u00e1 ante las Naciones Unidas al gobierno de Estados Unidos por el decreto en el que los declara como una [&hellip;]<\/p>\n","protected":false},"author":4,"featured_media":0,"comment_status":"open","ping_status":"open","sticky":false,"template":"","format":"standard","meta":{"_monsterinsights_skip_tracking":false,"_monsterinsights_sitenote_active":false,"_monsterinsights_sitenote_note":"","_monsterinsights_sitenote_category":0,"jnews-multi-image_gallery":[],"jnews_single_post":{"format":"standard"},"jnews_primary_category":[],"_joinchat":[],"footnotes":""},"categories":[58],"tags":[70,167],"class_list":["post-620","post","type-post","status-publish","format-standard","hentry","category-noticiariachuelo","tag-de-la-patria-grande","tag-politica-internacional"],"_links":{"self":[{"href":"http:\/\/fmriachuelo.it10.com.ar\/index.php\/wp-json\/wp\/v2\/posts\/620","targetHints":{"allow":["GET"]}}],"collection":[{"href":"http:\/\/fmriachuelo.it10.com.ar\/index.php\/wp-json\/wp\/v2\/posts"}],"about":[{"href":"http:\/\/fmriachuelo.it10.com.ar\/index.php\/wp-json\/wp\/v2\/types\/post"}],"author":[{"embeddable":true,"href":"http:\/\/fmriachuelo.it10.com.ar\/index.php\/wp-json\/wp\/v2\/users\/4"}],"replies":[{"embeddable":true,"href":"http:\/\/fmriachuelo.it10.com.ar\/index.php\/wp-json\/wp\/v2\/comments?post=620"}],"version-history":[{"count":1,"href":"http:\/\/fmriachuelo.it10.com.ar\/index.php\/wp-json\/wp\/v2\/posts\/620\/revisions"}],"predecessor-version":[{"id":22929,"href":"http:\/\/fmriachuelo.it10.com.ar\/index.php\/wp-json\/wp\/v2\/posts\/620\/revisions\/22929"}],"wp:attachment":[{"href":"http:\/\/fmriachuelo.it10.com.ar\/index.php\/wp-json\/wp\/v2\/media?parent=620"}],"wp:term":[{"taxonomy":"category","embeddable":true,"href":"http:\/\/fmriachuelo.it10.com.ar\/index.php\/wp-json\/wp\/v2\/categories?post=620"},{"taxonomy":"post_tag","embeddable":true,"href":"http:\/\/fmriachuelo.it10.com.ar\/index.php\/wp-json\/wp\/v2\/tags?post=620"}],"curies":[{"name":"wp","href":"https:\/\/api.w.org\/{rel}","templated":true}]}}