{"id":62,"date":"2021-08-04T13:36:03","date_gmt":"2021-08-04T13:36:03","guid":{"rendered":"http:\/\/fmriachuelo.it10.com.ar\/?p=62"},"modified":"2025-02-12T13:43:26","modified_gmt":"2025-02-12T16:43:26","slug":"san-cayetano-la-utep-movilizara-a-plaza-de-mayo-por-tierra-techo-y-trabajo","status":"publish","type":"post","link":"http:\/\/fmriachuelo.it10.com.ar\/index.php\/2021\/08\/04\/san-cayetano-la-utep-movilizara-a-plaza-de-mayo-por-tierra-techo-y-trabajo\/","title":{"rendered":"SAN CAYETANO: LA UTEP MOVILIZAR\u00c1 A PLAZA DE MAYO POR TIERRA, TECHO Y TRABAJO"},"content":{"rendered":"\n<p><strong>[FM Riachuelo, 29\/07\/2021]&nbsp;<\/strong><strong>Esta ma\u00f1ana se reuni\u00f3 la conducci\u00f3n nacional de la Uni\u00f3n de Trabajadores de la Econom\u00eda Popular (UTEP) y defini\u00f3 para el 7 de agosto, d\u00eda de San Cayetano y fecha simb\u00f3lica del movimiento de trabajadores en la Argentina, una jornada nacional de movilizaci\u00f3n que tendr\u00e1 como actividad central una multitudinaria marcha desde Liniers hasta Plaza de Mayo.<\/strong><\/p>\n\n\n\n<p>Al finalizar la reuni\u00f3n, Lito Borello, Secretario de Derechos Humanos de la UTEP realiz\u00f3 declaraciones a la FM Riachuelo: \u201cEs de gran importancia que est\u00e1 reuni\u00f3n de la conducci\u00f3n nacional de la UTEP haya ratificado la medida de movilizar este 7 de agosto, desde Liniers hasta Plaza de Mayo. Ser\u00e1 adem\u00e1s una jornada de car\u00e1cter nacional: quienes no puedan participar de la movilizaci\u00f3n realizar\u00e1n actividades en sus barrios y sus localidades\u201d.<\/p>\n\n\n\n<p>Adem\u00e1s, Borello evalu\u00f3 la importancia de la movilizaci\u00f3n desde el contexto de urgencia que atraviesan los sectores m\u00e1s humildes en el pa\u00eds: \u201cVa a ser importante que nuevamente en las calles los movimientos populares expresen el sentimiento y la necesidad de cambios urgentes y necesarios. De poner en los \u00faltimos la atenci\u00f3n y el centro de las pol\u00edticas. Seguramente nos va a acompa\u00f1ar el movimiento obrero, como tantas veces lo ha hecho, para conformar una gran jornada de lucha\u201d.<\/p>\n\n\n\n<p>Desde el 2015, el d\u00eda de San Cayetano moviliza cientos de miles de trabajadores de la Econom\u00eda Popular que han tomado esa fecha como puntal para motorizar la agenda de Techo, Tierra y Trabajo que el Papa Francisco nombr\u00f3 como \u201cderechos sagrados\u201d de los \u201cpoetas sociales\u201d que en el \u201csistema de descarte\u201d se inventan su propio trabajo.<\/p>\n\n\n\n<p><a href=\"https:\/\/www.facebook.com\/hashtag\/7deagosto?__eep__=6&amp;__cft__[0]=AZUQ7VF-zxZ2UD6HtR4Uv_yoeKAchYPnexFZ07HO3EBYS-JMGw0pqbqA1HUPMGol4Vt9M0TJZdb9TgWHPk-dUcXS8aFcn-d-wpnd4tI1JrkvjnPG6QS_5ZPwSajVB7ADXjByibkb_IX4htsEBIqynl7JHegPc9Q5OYnt7UzOIPiTpA&amp;__tn__=*NK-y-R\">#7deAgosto<\/a> <a href=\"https:\/\/www.facebook.com\/hashtag\/sancayetano?__eep__=6&amp;__cft__[0]=AZUQ7VF-zxZ2UD6HtR4Uv_yoeKAchYPnexFZ07HO3EBYS-JMGw0pqbqA1HUPMGol4Vt9M0TJZdb9TgWHPk-dUcXS8aFcn-d-wpnd4tI1JrkvjnPG6QS_5ZPwSajVB7ADXjByibkb_IX4htsEBIqynl7JHegPc9Q5OYnt7UzOIPiTpA&amp;__tn__=*NK-y-R\">#SanCayetano<\/a> <a href=\"https:\/\/www.facebook.com\/hashtag\/tierratechotrabajo?__eep__=6&amp;__cft__[0]=AZUQ7VF-zxZ2UD6HtR4Uv_yoeKAchYPnexFZ07HO3EBYS-JMGw0pqbqA1HUPMGol4Vt9M0TJZdb9TgWHPk-dUcXS8aFcn-d-wpnd4tI1JrkvjnPG6QS_5ZPwSajVB7ADXjByibkb_IX4htsEBIqynl7JHegPc9Q5OYnt7UzOIPiTpA&amp;__tn__=*NK-y-R\">#TierraTechoTrabajo<\/a><\/p>\n","protected":false},"excerpt":{"rendered":"<p>[FM Riachuelo, 29\/07\/2021]&nbsp;Esta ma\u00f1ana se reuni\u00f3 la conducci\u00f3n nacional de la Uni\u00f3n de Trabajadores de la Econom\u00eda Popular (UTEP) y defini\u00f3 para el 7 de agosto, d\u00eda de San Cayetano y fecha simb\u00f3lica del movimiento de trabajadores en la Argentina, una jornada nacional de movilizaci\u00f3n que tendr\u00e1 como actividad central una multitudinaria marcha desde Liniers [&hellip;]<\/p>\n","protected":false},"author":1,"featured_media":63,"comment_status":"open","ping_status":"open","sticky":false,"template":"","format":"standard","meta":{"_monsterinsights_skip_tracking":false,"_monsterinsights_sitenote_active":false,"_monsterinsights_sitenote_note":"","_monsterinsights_sitenote_category":0,"jnews-multi-image_gallery":[],"jnews_single_post":{"subtitle":"","format":"standard","video":"","gallery":"","source_name":"","source_url":"","via_name":"","via_url":"","override":[{"template":"1","single_blog_custom":"","parallax":"1","fullscreen":"1","layout":"right-sidebar","sidebar":"default-sidebar","second_sidebar":"default-sidebar","sticky_sidebar":"1","share_position":"top","share_float_style":"share-monocrhome","show_share_counter":"1","show_view_counter":"1","show_featured":"1","show_post_meta":"1","show_post_author":"1","show_post_author_image":"1","show_post_date":"1","post_date_format":"default","post_date_format_custom":"Y\/m\/d","show_post_category":"1","post_reading_time_wpm":"300","zoom_button_out_step":"2","zoom_button_in_step":"3","show_post_tag":"1","show_prev_next_post":"1","show_popup_post":"1","number_popup_post":"1"}],"image_override":[{"single_post_thumbnail_size":"crop-500","single_post_gallery_size":"crop-500"}],"trending_post_position":"meta","trending_post_label":"Trending","sponsored_post_label":"Sponsored by","sponsored_post_name":"","sponsored_post_url":"","sponsored_post_logo":"","sponsored_post_desc":""},"jnews_primary_category":{"id":""},"_joinchat":[],"footnotes":""},"categories":[58,74,139],"tags":[65],"class_list":["post-62","post","type-post","status-publish","format-standard","has-post-thumbnail","hentry","category-noticiariachuelo","category-san-cayetano","category-tierra-techo-y-trabajo","tag-soberania"],"_links":{"self":[{"href":"http:\/\/fmriachuelo.it10.com.ar\/index.php\/wp-json\/wp\/v2\/posts\/62","targetHints":{"allow":["GET"]}}],"collection":[{"href":"http:\/\/fmriachuelo.it10.com.ar\/index.php\/wp-json\/wp\/v2\/posts"}],"about":[{"href":"http:\/\/fmriachuelo.it10.com.ar\/index.php\/wp-json\/wp\/v2\/types\/post"}],"author":[{"embeddable":true,"href":"http:\/\/fmriachuelo.it10.com.ar\/index.php\/wp-json\/wp\/v2\/users\/1"}],"replies":[{"embeddable":true,"href":"http:\/\/fmriachuelo.it10.com.ar\/index.php\/wp-json\/wp\/v2\/comments?post=62"}],"version-history":[{"count":1,"href":"http:\/\/fmriachuelo.it10.com.ar\/index.php\/wp-json\/wp\/v2\/posts\/62\/revisions"}],"predecessor-version":[{"id":64,"href":"http:\/\/fmriachuelo.it10.com.ar\/index.php\/wp-json\/wp\/v2\/posts\/62\/revisions\/64"}],"wp:featuredmedia":[{"embeddable":true,"href":"http:\/\/fmriachuelo.it10.com.ar\/index.php\/wp-json\/wp\/v2\/media\/63"}],"wp:attachment":[{"href":"http:\/\/fmriachuelo.it10.com.ar\/index.php\/wp-json\/wp\/v2\/media?parent=62"}],"wp:term":[{"taxonomy":"category","embeddable":true,"href":"http:\/\/fmriachuelo.it10.com.ar\/index.php\/wp-json\/wp\/v2\/categories?post=62"},{"taxonomy":"post_tag","embeddable":true,"href":"http:\/\/fmriachuelo.it10.com.ar\/index.php\/wp-json\/wp\/v2\/tags?post=62"}],"curies":[{"name":"wp","href":"https:\/\/api.w.org\/{rel}","templated":true}]}}