{"id":6180,"date":"2018-01-09T23:04:44","date_gmt":"2018-01-09T23:04:44","guid":{"rendered":"http:\/\/fmriachuelo.com.ar\/?p=6180"},"modified":"2018-01-09T23:04:44","modified_gmt":"2018-01-09T23:04:44","slug":"trabajadores-realizan-permanencias-pacificas-en-los-ministerios-de-defensa-y-ambiente-contra-los-despidos","status":"publish","type":"post","link":"http:\/\/fmriachuelo.it10.com.ar\/index.php\/2018\/01\/09\/trabajadores-realizan-permanencias-pacificas-en-los-ministerios-de-defensa-y-ambiente-contra-los-despidos\/","title":{"rendered":"TRABAJADORES REALIZAN PERMANENCIAS PAC\u00cdFICAS EN LOS MINISTERIOS DE DEFENSA Y AMBIENTE CONTRA LOS DESPIDOS"},"content":{"rendered":"<p>[FM RIACHUELO 09\/01\/2018] El gobierno no pierde el tiempo cuando se trata de dejar a familias en la calle: cada fin de a\u00f1o aprovecha para despedir trabajadores del Estado con el pobre argumento de bajar el d\u00e9ficit. A s\u00f3lo 9 d\u00edas de comenzar el nuevo a\u00f1o los datos ya reflejan que hubo m\u00e1s de 1000 despidos en el \u00e1mbito estatal en la provincia de Buenos Aires. Fm Riachuelo habl\u00f3 esta tarde con Hugo Bell\u00f3n, Secretario de Organizaci\u00f3n de ATE Capital, quien explic\u00f3 que desde la ma\u00f1ana est\u00e1n realizando permanencias pac\u00edficas en ambas sedes de los Ministerios de Defensa y Ambiente donde despidieron trabajadores, y aguardan ser atendidos.<\/p>\n<p>El dirigente fue contundente al se\u00f1alar que el argumento de bajar el d\u00e9ficit despidiendo trabajadores es una falacia: \u201cel supuesto ajuste que quieren hacernos creer que est\u00e1n haciendo es mentira, porque ellos ingresan a su gente con sueldos 6 o 7 veces superiores a los nuestros, que vienen de fundaciones que pertenecen a quienes deciden echarnos\u201d. Evidentemente la estrategia es se\u00f1alar de \u00f1oquis a los trabajadores, no renovar contratos y acomodar en los mismos puestos a menos gente, sin preparaci\u00f3n y allegada a los funcionarios del actual gobierno.<\/p>\n<p>En el Ministerio de Ambiente despidieron a 28 personas, y si bien hubo una reuni\u00f3n con la jefa de gabinete Patricia Holman , Hugo Bell\u00f3n cont\u00f3 que \u201cellos nos dijeron que al ser empleadores tienen la potestad de despedir a compa\u00f1eros que est\u00e1n totalmente capacitados y que el Estado ha invertido tiempo y dinero en formar. Desde la ma\u00f1ana estamos en una permanencia pac\u00edfica tanto en el Ministerio de Defensa como de Ambiente, nos maltrataron y no nos dan respuestas\u201d.<\/p>\n<p>En el Ministerio de Defensa los despidos alcanzan a 75 personas, el secretario de Organizaci\u00f3n de ATE Capital se\u00f1al\u00f3 que \u201cellos buscan dan una se\u00f1al clara, generar un clima de \u00e9poca y decirle a los privados que tienen v\u00eda libre para hacer lo que quieran con los trabajadores, porque hay un Estado ausente que no va a poner ning\u00fan freno\u201d. Adem\u00e1s explic\u00f3 que la directiva del gobierno nacional es que se debe despedir tanto en los estados provinciales como municipales: \u201c As\u00ed vemos como viene el intendente de Quilmes y despide 500, viene el de Mor\u00f3n y despide otros 500, buscan tener v\u00eda libre para despedir. Yo le informo al gobierno que hay un gremio de trabajadores del estado que no va a permitir que haya v\u00eda libre para despedir trabajadores\u201d.<\/p>\n<p>Escucha la entrevista completa al Secretario de Organizaci\u00f3n de ATE en el siguiente link:<\/p>\n<p><iframe loading=\"lazy\" title=\"09 - 01 - 2018 - HUGO BELLON - Sec.Org. ATE CAPITAL by FMR\" width=\"500\" height=\"400\" scrolling=\"no\" frameborder=\"no\" src=\"https:\/\/w.soundcloud.com\/player\/?visual=true&#038;url=https%3A%2F%2Fapi.soundcloud.com%2Ftracks%2F381259943&#038;show_artwork=true&#038;maxheight=750&#038;maxwidth=500\"><\/iframe><\/p>\n","protected":false},"excerpt":{"rendered":"<p>[FM RIACHUELO 09\/01\/2018] El gobierno no pierde el tiempo cuando se trata de dejar a familias en la calle: cada fin de a\u00f1o aprovecha para despedir trabajadores del Estado con el pobre argumento de bajar el d\u00e9ficit. A s\u00f3lo 9 d\u00edas de comenzar el nuevo a\u00f1o los datos ya reflejan que hubo m\u00e1s de 1000 [&hellip;]<\/p>\n","protected":false},"author":5,"featured_media":6181,"comment_status":"open","ping_status":"open","sticky":false,"template":"","format":"standard","meta":{"_monsterinsights_skip_tracking":false,"_monsterinsights_sitenote_active":false,"_monsterinsights_sitenote_note":"","_monsterinsights_sitenote_category":0,"jnews-multi-image_gallery":[],"jnews_single_post":[],"jnews_primary_category":[],"_joinchat":[],"footnotes":""},"categories":[78,76],"tags":[],"class_list":["post-6180","post","type-post","status-publish","format-standard","has-post-thumbnail","hentry","category-economia-popular","category-salud-comunitaria"],"_links":{"self":[{"href":"http:\/\/fmriachuelo.it10.com.ar\/index.php\/wp-json\/wp\/v2\/posts\/6180","targetHints":{"allow":["GET"]}}],"collection":[{"href":"http:\/\/fmriachuelo.it10.com.ar\/index.php\/wp-json\/wp\/v2\/posts"}],"about":[{"href":"http:\/\/fmriachuelo.it10.com.ar\/index.php\/wp-json\/wp\/v2\/types\/post"}],"author":[{"embeddable":true,"href":"http:\/\/fmriachuelo.it10.com.ar\/index.php\/wp-json\/wp\/v2\/users\/5"}],"replies":[{"embeddable":true,"href":"http:\/\/fmriachuelo.it10.com.ar\/index.php\/wp-json\/wp\/v2\/comments?post=6180"}],"version-history":[{"count":0,"href":"http:\/\/fmriachuelo.it10.com.ar\/index.php\/wp-json\/wp\/v2\/posts\/6180\/revisions"}],"wp:featuredmedia":[{"embeddable":true,"href":"http:\/\/fmriachuelo.it10.com.ar\/index.php\/wp-json\/wp\/v2\/media\/6181"}],"wp:attachment":[{"href":"http:\/\/fmriachuelo.it10.com.ar\/index.php\/wp-json\/wp\/v2\/media?parent=6180"}],"wp:term":[{"taxonomy":"category","embeddable":true,"href":"http:\/\/fmriachuelo.it10.com.ar\/index.php\/wp-json\/wp\/v2\/categories?post=6180"},{"taxonomy":"post_tag","embeddable":true,"href":"http:\/\/fmriachuelo.it10.com.ar\/index.php\/wp-json\/wp\/v2\/tags?post=6180"}],"curies":[{"name":"wp","href":"https:\/\/api.w.org\/{rel}","templated":true}]}}