{"id":6175,"date":"2018-01-04T23:23:00","date_gmt":"2018-01-04T23:23:00","guid":{"rendered":"http:\/\/fmriachuelo.com.ar\/?p=6175"},"modified":"2018-01-04T23:23:00","modified_gmt":"2018-01-04T23:23:00","slug":"el-gobierno-cierra-fanazul-y-deja-a-220-personas-sin-trabajo","status":"publish","type":"post","link":"http:\/\/fmriachuelo.it10.com.ar\/index.php\/2018\/01\/04\/el-gobierno-cierra-fanazul-y-deja-a-220-personas-sin-trabajo\/","title":{"rendered":"EL GOBIERNO CIERRA FANAZUL Y DEJA A 220 PERSONAS SIN TRABAJO"},"content":{"rendered":"<p>[FM RIACHUELO 04\/01\/2018] La f\u00e1brica de explosivos Fanazul que depende de\u00a0 Fabricaciones Militares, junto a otros cinco complejos, \u00a0es una de las mejores de Am\u00e9rica Latina, est\u00e1 ubicada a en la localidad bonaerense de Azul y da empleo a m\u00e1s de 200 personas hace m\u00e1s de 70 a\u00f1os, sin embargo el gobierno, con el viejo y conocido argumento empresario de \u201cbajar el d\u00e9ficit\u201d, decidi\u00f3 no renovar los contratos y dejar a los trabajadores en la calle.<\/p>\n<p>Fm Riachuelo entrevist\u00f3 a Juan Cacase, uno de los despedidos de Fanazul quien expres\u00f3 el dolor que vive junto a sus compa\u00f1eros: \u201csoy obrero hace 15 a\u00f1os, nos echaron de una manera canalla, a traici\u00f3n. Ya ven\u00edan despidiendo trabajadores en distintas f\u00e1bricas, a nosotros nos toc\u00f3 la peor parte porque directamente nos cerraron la f\u00e1brica. Estamos desorientados, no sabemos como salir de esta situaci\u00f3n\u201d.<\/p>\n<p>Escucha la entrevista completa:<\/p>\n<p><iframe loading=\"lazy\" title=\"04 - 01 - 2018- JUAN CACASE- TBjador DESPEDIDO by FMR\" width=\"500\" height=\"400\" scrolling=\"no\" frameborder=\"no\" src=\"https:\/\/w.soundcloud.com\/player\/?visual=true&#038;url=https%3A%2F%2Fapi.soundcloud.com%2Ftracks%2F378901973&#038;show_artwork=true&#038;maxheight=750&#038;maxwidth=500\"><\/iframe><\/p>\n<p>La decisi\u00f3n la dio a conocer el interventor de la Direcci\u00f3n General de Fabricaciones Militares, Luis Riva, que en lugar de dar la noticia de frente a los trabajadores prefiri\u00f3 hablar desde una radio de Olavarr\u00eda y desentenderse de la situaci\u00f3n desesperada en que deja a mas de 200 familias, dijo \u201centender los dramas personales y familiares\u201d pero que le \u201ccorresponde a la sociedad azule\u00f1a darle trabajo a los despedidos\u201d.<\/p>\n<p>Juan Cacase explic\u00f3 que el argumento de los funcionarios del actual gobierno para cerrar la f\u00e1brica es que produce poco, pero la baja producci\u00f3n responde a una directiva de la sede central: \u201cno producimos poco porque se nos ocurre, nosotros respondemos a lo que ellos nos mandan a hacer\u201d. De esta manera queda en evidencia la maniobra para vaciar la f\u00e1brica y tener una excusa para dejar en la calle a tama\u00f1a cantidad de obreros.<\/p>\n<p>El trabajador tambi\u00e9n agradeci\u00f3 a la sociedad de azul y la solidaridad recibida por parte de un amplio arco de organizaciones que los acompa\u00f1a en esta lucha. Con respecto al plan de lucha, destac\u00f3 el corte de la ruta nacional 3 durante tres d\u00edas y la marcha hacia el centro de la ciudad. \u201cLos medios oficialistas no reflejan lo que est\u00e1 pasando, pero gracias a comunicadores como ustedes, de a poco se va sabiendo\u201d y agreg\u00f3 con contundencia \u201cla avisamos al gobierno que si sigue con la postura de cerrar la f\u00e1brica, o de no tener alguna respuesta m\u00ednima, nosotros no le vamos a decir cuando ni en qu\u00e9 momento, pero vamos a cortar la provincia de Buenos Aires, porque en Azul no hay trabajo y si nos sacan la f\u00e1brica nos sacan todo\u201d.<\/p>\n","protected":false},"excerpt":{"rendered":"<p>[FM RIACHUELO 04\/01\/2018] La f\u00e1brica de explosivos Fanazul que depende de\u00a0 Fabricaciones Militares, junto a otros cinco complejos, \u00a0es una de las mejores de Am\u00e9rica Latina, est\u00e1 ubicada a en la localidad bonaerense de Azul y da empleo a m\u00e1s de 200 personas hace m\u00e1s de 70 a\u00f1os, sin embargo el gobierno, con el viejo [&hellip;]<\/p>\n","protected":false},"author":5,"featured_media":6176,"comment_status":"open","ping_status":"open","sticky":false,"template":"","format":"standard","meta":{"_monsterinsights_skip_tracking":false,"_monsterinsights_sitenote_active":false,"_monsterinsights_sitenote_note":"","_monsterinsights_sitenote_category":0,"jnews-multi-image_gallery":[],"jnews_single_post":[],"jnews_primary_category":[],"_joinchat":[],"footnotes":""},"categories":[76],"tags":[],"class_list":["post-6175","post","type-post","status-publish","format-standard","has-post-thumbnail","hentry","category-salud-comunitaria"],"_links":{"self":[{"href":"http:\/\/fmriachuelo.it10.com.ar\/index.php\/wp-json\/wp\/v2\/posts\/6175","targetHints":{"allow":["GET"]}}],"collection":[{"href":"http:\/\/fmriachuelo.it10.com.ar\/index.php\/wp-json\/wp\/v2\/posts"}],"about":[{"href":"http:\/\/fmriachuelo.it10.com.ar\/index.php\/wp-json\/wp\/v2\/types\/post"}],"author":[{"embeddable":true,"href":"http:\/\/fmriachuelo.it10.com.ar\/index.php\/wp-json\/wp\/v2\/users\/5"}],"replies":[{"embeddable":true,"href":"http:\/\/fmriachuelo.it10.com.ar\/index.php\/wp-json\/wp\/v2\/comments?post=6175"}],"version-history":[{"count":0,"href":"http:\/\/fmriachuelo.it10.com.ar\/index.php\/wp-json\/wp\/v2\/posts\/6175\/revisions"}],"wp:featuredmedia":[{"embeddable":true,"href":"http:\/\/fmriachuelo.it10.com.ar\/index.php\/wp-json\/wp\/v2\/media\/6176"}],"wp:attachment":[{"href":"http:\/\/fmriachuelo.it10.com.ar\/index.php\/wp-json\/wp\/v2\/media?parent=6175"}],"wp:term":[{"taxonomy":"category","embeddable":true,"href":"http:\/\/fmriachuelo.it10.com.ar\/index.php\/wp-json\/wp\/v2\/categories?post=6175"},{"taxonomy":"post_tag","embeddable":true,"href":"http:\/\/fmriachuelo.it10.com.ar\/index.php\/wp-json\/wp\/v2\/tags?post=6175"}],"curies":[{"name":"wp","href":"https:\/\/api.w.org\/{rel}","templated":true}]}}